{"id":5182,"date":"2026-02-04T14:37:48","date_gmt":"2026-02-04T20:37:48","guid":{"rendered":"https:\/\/vocesdeveracruz.com.mx\/?p=5182"},"modified":"2026-02-04T14:37:48","modified_gmt":"2026-02-04T20:37:48","slug":"upav-llama-a-maestros-y-maestras-a-este-nuevo-registro-para-validar-sus-clases","status":"publish","type":"post","link":"https:\/\/vocesdeveracruz.com.mx\/?p=5182","title":{"rendered":"UPAV llama a maestros y maestras a este nuevo registro para validar sus clases"},"content":{"rendered":"\n<p>XALAPA, VER.-&nbsp;La&nbsp;<strong>Universidad Popular Aut\u00f3noma de Veracruz<\/strong>&nbsp;(<a href=\"https:\/\/lasillarota.com\/veracruz\/estado\/2026\/1\/19\/se-pagara-adeudo-maestros-upav-se-compromete-nahle-tras-detenciones-de-exfuncionarios-580737.html\"><strong>UPAV<\/strong><\/a>) anunci\u00f3 un nuevo proceso de certificaci\u00f3n de trabajo de las y los \u00abasesores solidarios\u00bb, como se llama a las&nbsp;<strong>maestras&nbsp;<\/strong>y&nbsp;<strong>maestros<\/strong>&nbsp;de su oferta de bachillerato y licenciaturas. La regularizaci\u00f3n oficial se da luego de las&nbsp;<strong>manifestaciones&nbsp;<\/strong>que se han presentado en distintos&nbsp;<strong>municipios&nbsp;<\/strong>por la falta la deuda de pagos.<\/p>\n\n\n\n<p>Desde el 12 de enero el&nbsp;<strong>Congreso&nbsp;<\/strong>de&nbsp;<strong>Veracruz&nbsp;<\/strong>aprob\u00f3 la reforma a la Ley que regula la&nbsp;<a href=\"https:\/\/lasillarota.com\/veracruz\/estado\/2026\/1\/19\/se-pagara-adeudo-maestros-upav-se-compromete-nahle-tras-detenciones-de-exfuncionarios-580737.html\"><strong>UPAV&nbsp;<\/strong><\/a>y con la que la instituci\u00f3n pas\u00f3&nbsp;formalmente a ser controlada por el Estado, por iniciativa de la gobernadora&nbsp;<strong>Roc\u00edo Nahle Garc\u00eda<\/strong>, luego de la detecci\u00f3n de irregularidades en el manejo del recurso.<\/p>\n\n\n\n<p>La Secretar\u00eda de Educaci\u00f3n de&nbsp;<strong>Veracruz&nbsp;<\/strong>(<strong>SEV<\/strong>) anunci\u00f3 este mi\u00e9rcoles 4 de febrero la&nbsp;<strong>convocatoria&nbsp;<\/strong>de certificaci\u00f3n de la plantilla laboral docente y de directivos de la&nbsp;<strong>UPAV<\/strong>, la cual estar\u00e1 abierta del jueves 5 al domingo 8 de febrero.&nbsp;\u00abSe te convoca a que asistas a tu sede m\u00e1s cercana para regularizar y certificar tu&nbsp;<strong>docencia&nbsp;<\/strong>en la&nbsp;<strong>UPAV<\/strong>\u00ab, dice el mensaje difundido.<\/p>\n\n\n\n<figure class=\"wp-block-image size-full is-resized\"><img loading=\"lazy\" decoding=\"async\" width=\"768\" height=\"960\" src=\"https:\/\/vocesdeveracruz.com.mx\/wp-content\/uploads\/2026\/02\/f768x1-830833_830960_5050.webp\" alt=\"\" class=\"wp-image-5183\" style=\"width:474px;height:auto\" srcset=\"https:\/\/vocesdeveracruz.com.mx\/wp-content\/uploads\/2026\/02\/f768x1-830833_830960_5050.webp 768w, https:\/\/vocesdeveracruz.com.mx\/wp-content\/uploads\/2026\/02\/f768x1-830833_830960_5050-240x300.webp 240w\" sizes=\"auto, (max-width: 768px) 100vw, 768px\" \/><\/figure>\n\n\n\n<p>el directivo, la&nbsp;<strong>maestro&nbsp;<\/strong>o el&nbsp;<strong>maestro&nbsp;<\/strong>deber\u00e1 acudir a uno de los 12&nbsp;<strong>m\u00f3dulos UPAV&nbsp;<\/strong>m\u00e1s cercano a su domicilio, abiertos en horario de 08:00 a 17:00 horas:<\/p>\n\n\n\n<ul class=\"wp-block-list\">\n<li>P\u00e1nuco en el Instituto Tecnol\u00f3gico Superior de P\u00e1nuco<\/li>\n\n\n\n<li>Poza Rica en el Instituto Tecnol\u00f3gico Superior de Poza Rica<\/li>\n\n\n\n<li>Huatusco en la Universidad Polit\u00e9cnica de Huatusco<\/li>\n\n\n\n<li>Perote en el Instituto Tecnol\u00f3gico Superior de Perote<\/li>\n\n\n\n<li>Xalapa en el Instituto Tecnol\u00f3gico Superior de Xalapa<\/li>\n\n\n\n<li>Veracruz en el Instituto Tecnol\u00f3gico de Veracruz<\/li>\n\n\n\n<li>Orizaba en el Instituto Tecnol\u00f3gico de Orizaba<\/li>\n\n\n\n<li>Cuitl\u00e1huac en la Universidad Tecnol\u00f3gica del Centro de Veracruz<\/li>\n\n\n\n<li>Cosamaloapan en el Instituto Tecnol\u00f3gico Superior de Cosamaloapan<\/li>\n\n\n\n<li>Tierra Blanca en el Instituto Tecnol\u00f3gico Superior de Tierra Blanca<\/li>\n\n\n\n<li>San Andr\u00e9s Tuxtla en el Instituto Tecnol\u00f3gico Superior de San Andr\u00e9s Tuxtla<\/li>\n\n\n\n<li>Coatzacoalcos en el Instituto Tecnol\u00f3gico Superior de Coatzacoalcos<\/li>\n<\/ul>\n\n\n\n<h2 class=\"wp-block-heading\">Requisitos para el registro<\/h2>\n\n\n\n<h3 class=\"wp-block-heading\">Documentaci\u00f3n impresa (para cotejo de validaci\u00f3n)<\/h3>\n\n\n\n<ul class=\"wp-block-list\">\n<li>Identificaci\u00f3n oficial<\/li>\n\n\n\n<li>Comprobante de domicilio<\/li>\n\n\n\n<li>Comprobante de los pagos recibidos durante 2025 (recibo o estado de cuenta bancario)<\/li>\n<\/ul>\n\n\n\n<h3 class=\"wp-block-heading\">Documentaci\u00f3n digital (para integraci\u00f3n de expediente)<\/h3>\n\n\n\n<ul class=\"wp-block-list\">\n<li>Acta de nacimiento<\/li>\n\n\n\n<li>CURP<\/li>\n\n\n\n<li>Credencial de elector<\/li>\n\n\n\n<li>Curr\u00edculum vitae<\/li>\n\n\n\n<li>Constancia de situaci\u00f3n fiscal<\/li>\n\n\n\n<li>Comprobante de domicilio<\/li>\n\n\n\n<li>Una fotograf\u00eda tama\u00f1o infantil a color<\/li>\n\n\n\n<li>CLABE interbancaria (18 d\u00edgitos)<\/li>\n<\/ul>\n\n\n\n<p>Estos documentos deber\u00e1n ser enviados al correo correspondiente al nivel educativo, se\u00f1alando como asunto para Educaci\u00f3n Media Superior la Clave Interna del Centro de&nbsp;<strong>Estudios&nbsp;<\/strong>y para Educaci\u00f3n Superior la Clave del Plantel.<\/p>\n\n\n\n<ul class=\"wp-block-list\">\n<li>Educaci\u00f3n Media Superior: expedientes.mediasuperior@upav.edu.mx<\/li>\n\n\n\n<li>Educaci\u00f3n Superior:\u00a0<a href=\"mailto:expedientes.superior@upav.edu.mx\">expedientes.superior@upav.edu.mx<\/a><\/li>\n<\/ul>\n\n\n\n<p class=\"has-small-font-size\">CON INFORMACION DE LSR VERACRUZ<\/p>\n\n\n\n<p><\/p>\n","protected":false},"excerpt":{"rendered":"<p>XALAPA, VER.-&nbsp;La&nbsp;Universidad Popular Aut\u00f3noma de Veracruz&nbsp;(UPAV) anunci\u00f3 un nuevo proceso de certificaci\u00f3n de trabajo de las y los \u00abasesores solidarios\u00bb, como se llama a las&nbsp;maestras&nbsp;y&nbsp;maestros&nbsp;de su oferta de bachillerato y&hellip;<\/p>\n","protected":false},"author":1,"featured_media":5184,"comment_status":"open","ping_status":"closed","sticky":false,"template":"","format":"standard","meta":{"footnotes":""},"categories":[71,75],"tags":[],"class_list":["post-5182","post","type-post","status-publish","format-standard","has-post-thumbnail","hentry","category-estatal","category-regional"],"magazineBlocksPostFeaturedMedia":{"thumbnail":"https:\/\/vocesdeveracruz.com.mx\/wp-content\/uploads\/2026\/02\/DA-150x150.jpg","medium":"https:\/\/vocesdeveracruz.com.mx\/wp-content\/uploads\/2026\/02\/DA-300x165.jpg","medium_large":"https:\/\/vocesdeveracruz.com.mx\/wp-content\/uploads\/2026\/02\/DA-768x421.jpg","large":"https:\/\/vocesdeveracruz.com.mx\/wp-content\/uploads\/2026\/02\/DA-1024x562.jpg","1536x1536":"https:\/\/vocesdeveracruz.com.mx\/wp-content\/uploads\/2026\/02\/DA.jpg","2048x2048":"https:\/\/vocesdeveracruz.com.mx\/wp-content\/uploads\/2026\/02\/DA.jpg"},"magazineBlocksPostAuthor":{"name":"admin","avatar":"https:\/\/secure.gravatar.com\/avatar\/9d5013f9042ef2dfeb4122e9609da41e1858252ad644b84f2ec3a64ab59cceaf?s=96&d=mm&r=g"},"magazineBlocksPostCommentsNumber":"0","magazineBlocksPostExcerpt":"XALAPA, VER.-&nbsp;La&nbsp;Universidad Popular Aut\u00f3noma de Veracruz&nbsp;(UPAV) anunci\u00f3 un nuevo proceso de certificaci\u00f3n de trabajo de las y los \u00abasesores solidarios\u00bb, como se llama a las&nbsp;maestras&nbsp;y&nbsp;maestros&nbsp;de su oferta de bachillerato y&hellip;","magazineBlocksPostCategories":["ESTATAL","REGIONAL"],"magazineBlocksPostViewCount":251,"magazineBlocksPostReadTime":3,"magazine_blocks_featured_image_url":{"full":["https:\/\/vocesdeveracruz.com.mx\/wp-content\/uploads\/2026\/02\/DA.jpg",1190,653,false],"medium":["https:\/\/vocesdeveracruz.com.mx\/wp-content\/uploads\/2026\/02\/DA-300x165.jpg",300,165,true],"thumbnail":["https:\/\/vocesdeveracruz.com.mx\/wp-content\/uploads\/2026\/02\/DA-150x150.jpg",150,150,true]},"magazine_blocks_author":{"display_name":"admin","author_link":"https:\/\/vocesdeveracruz.com.mx\/?author=1"},"magazine_blocks_comment":0,"magazine_blocks_author_image":"https:\/\/secure.gravatar.com\/avatar\/9d5013f9042ef2dfeb4122e9609da41e1858252ad644b84f2ec3a64ab59cceaf?s=96&d=mm&r=g","magazine_blocks_category":"<a href=\"https:\/\/vocesdeveracruz.com.mx\/?cat=71\" rel=\"category\">ESTATAL<\/a> <a href=\"https:\/\/vocesdeveracruz.com.mx\/?cat=75\" rel=\"category\">REGIONAL<\/a>","_links":{"self":[{"href":"https:\/\/vocesdeveracruz.com.mx\/index.php?rest_route=\/wp\/v2\/posts\/5182","targetHints":{"allow":["GET"]}}],"collection":[{"href":"https:\/\/vocesdeveracruz.com.mx\/index.php?rest_route=\/wp\/v2\/posts"}],"about":[{"href":"https:\/\/vocesdeveracruz.com.mx\/index.php?rest_route=\/wp\/v2\/types\/post"}],"author":[{"embeddable":true,"href":"https:\/\/vocesdeveracruz.com.mx\/index.php?rest_route=\/wp\/v2\/users\/1"}],"replies":[{"embeddable":true,"href":"https:\/\/vocesdeveracruz.com.mx\/index.php?rest_route=%2Fwp%2Fv2%2Fcomments&post=5182"}],"version-history":[{"count":1,"href":"https:\/\/vocesdeveracruz.com.mx\/index.php?rest_route=\/wp\/v2\/posts\/5182\/revisions"}],"predecessor-version":[{"id":5185,"href":"https:\/\/vocesdeveracruz.com.mx\/index.php?rest_route=\/wp\/v2\/posts\/5182\/revisions\/5185"}],"wp:featuredmedia":[{"embeddable":true,"href":"https:\/\/vocesdeveracruz.com.mx\/index.php?rest_route=\/wp\/v2\/media\/5184"}],"wp:attachment":[{"href":"https:\/\/vocesdeveracruz.com.mx\/index.php?rest_route=%2Fwp%2Fv2%2Fmedia&parent=5182"}],"wp:term":[{"taxonomy":"category","embeddable":true,"href":"https:\/\/vocesdeveracruz.com.mx\/index.php?rest_route=%2Fwp%2Fv2%2Fcategories&post=5182"},{"taxonomy":"post_tag","embeddable":true,"href":"https:\/\/vocesdeveracruz.com.mx\/index.php?rest_route=%2Fwp%2Fv2%2Ftags&post=5182"}],"curies":[{"name":"wp","href":"https:\/\/api.w.org\/{rel}","templated":true}]}}