{"id":5178,"date":"2026-02-04T14:18:32","date_gmt":"2026-02-04T20:18:32","guid":{"rendered":"https:\/\/vocesdeveracruz.com.mx\/?p=5178"},"modified":"2026-02-04T14:18:32","modified_gmt":"2026-02-04T20:18:32","slug":"%f0%9d%97%94%f0%9d%98%86%f0%9d%98%82%f0%9d%97%bb%f0%9d%98%81%f0%9d%97%ae%f0%9d%97%ba%f0%9d%97%b6%f0%9d%97%b2%f0%9d%97%bb%f0%9d%98%81%f0%9d%97%bc-%f0%9d%97%b1%f0%9d%97%b2-%f0%9d%97%a3%f0%9d%97%b9","status":"publish","type":"post","link":"https:\/\/vocesdeveracruz.com.mx\/?p=5178","title":{"rendered":"\ud835\uddd4\ud835\ude06\ud835\ude02\ud835\uddfb\ud835\ude01\ud835\uddee\ud835\uddfa\ud835\uddf6\ud835\uddf2\ud835\uddfb\ud835\ude01\ud835\uddfc \ud835\uddf1\ud835\uddf2 \ud835\udde3\ud835\uddf9\ud835\uddee\ud835\ude01\ud835\uddfc\u0301\ud835\uddfb \ud835\udde6\ud835\uddee\u0301\ud835\uddfb\ud835\uddf0\ud835\uddf5\ud835\uddf2\ud835\ude07 \ud835\ude06 \ud835\uddd6\ud835\uddd4\ud835\uddd8\ud835\udde9 \ud835\uddee\ud835\uddf0\ud835\ude02\ud835\uddf2\ud835\uddff\ud835\uddf1\ud835\uddee\ud835\uddfb \ud835\uddf0\ud835\uddfc\ud835\uddfc\ud835\uddff\ud835\uddf1\ud835\uddf6\ud835\uddfb\ud835\uddee\ud835\uddf0\ud835\uddf6\ud835\uddfc\u0301\ud835\uddfb \ud835\uddfd\ud835\uddee\ud835\uddff\ud835\uddee \ud835\uddfd\ud835\uddff\ud835\uddfc\ud835\ude06\ud835\uddf2\ud835\uddf0\ud835\ude01\ud835\uddfc\ud835\ude00 \ud835\uddf5\ud835\uddf6\ud835\uddf1\ud835\uddff\ud835\uddee\u0301\ud835\ude02\ud835\uddf9\ud835\uddf6\ud835\uddf0\ud835\uddfc\ud835\ude00"},"content":{"rendered":"\n<p><\/p>\n\n\n\n<p><a href=\"https:\/\/www.facebook.com\/hashtag\/plat%C3%B3n?__eep__=6&amp;__cft__[0]=AZaZYge-3SCChTtQIgnES0UE1OssdYIS63cqPtO5nmH0xlHIndBJOxT9kqz1DCz5n6HAnCu9ZXR1W-9IAUgTx7HDgnBOxXtPzTzJyzMWvmJ61QljjYBE9jGgprH4OTmqSQVr8GfpvNapVzYgIRs6Xe8JkciFMHpIZnyBuS4emJ6aAghua-sTo3ijpUqy2E-cZ0Q&amp;__tn__=*NK-R\">#Plat\u00f3n<\/a> S\u00e1nchez, Ver.\u2013 Autoridades municipales de Plat\u00f3n S\u00e1nchez y la Comisi\u00f3n del Agua del Estado de Veracruz (CAEV), oficina operadora local, establecieron acuerdos de coordinaci\u00f3n para el desarrollo de proyectos hidr\u00e1ulicos en beneficio del municipio, entre los que destacan las pruebas en la parte alta del municipio para una planta tratadora y una galer\u00eda filtrante.<\/p>\n\n\n\n<p>La Mtra. Margarita del \u00c1ngel Vera sostuvo una reuni\u00f3n de trabajo con la Lic. Thelma Cecilia S\u00e1nchez Melgoza, en la que se abordaron diversos temas prioritarios relacionados con el manejo y saneamiento del agua, as\u00ed como la importancia de fortalecer la colaboraci\u00f3n interinstitucional.<\/p>\n\n\n\n<figure class=\"wp-block-image size-full\"><img loading=\"lazy\" decoding=\"async\" width=\"590\" height=\"438\" src=\"https:\/\/vocesdeveracruz.com.mx\/wp-content\/uploads\/2026\/02\/625049352_1440910731161299_4459235298128053578_n.jpg\" alt=\"\" class=\"wp-image-5180\" srcset=\"https:\/\/vocesdeveracruz.com.mx\/wp-content\/uploads\/2026\/02\/625049352_1440910731161299_4459235298128053578_n.jpg 590w, https:\/\/vocesdeveracruz.com.mx\/wp-content\/uploads\/2026\/02\/625049352_1440910731161299_4459235298128053578_n-300x223.jpg 300w\" sizes=\"auto, (max-width: 590px) 100vw, 590px\" \/><\/figure>\n\n\n\n<p>Entre los acuerdos alcanzados se encuentran la definici\u00f3n de criterios de coordinaci\u00f3n para prevenir afectaciones a la ciudadan\u00eda, la atenci\u00f3n a problem\u00e1ticas de contaminaci\u00f3n directa al r\u00edo, la presentaci\u00f3n de necesidades operativas por parte de CAEV y la planeaci\u00f3n de proyectos conjuntos orientados a mejorar la infraestructura hidr\u00e1ulica y el servicio de agua potable en el municipio.<\/p>\n","protected":false},"excerpt":{"rendered":"<p>#Plat\u00f3n S\u00e1nchez, Ver.\u2013 Autoridades municipales de Plat\u00f3n S\u00e1nchez y la Comisi\u00f3n del Agua del Estado de Veracruz (CAEV), oficina operadora local, establecieron acuerdos de coordinaci\u00f3n para el desarrollo de proyectos&hellip;<\/p>\n","protected":false},"author":1,"featured_media":5179,"comment_status":"open","ping_status":"closed","sticky":false,"template":"","format":"standard","meta":{"footnotes":""},"categories":[75],"tags":[],"class_list":["post-5178","post","type-post","status-publish","format-standard","has-post-thumbnail","hentry","category-regional"],"magazineBlocksPostFeaturedMedia":{"thumbnail":"https:\/\/vocesdeveracruz.com.mx\/wp-content\/uploads\/2026\/02\/627264756_1440910697827969_6433024026465963153_n-150x150.jpg","medium":"https:\/\/vocesdeveracruz.com.mx\/wp-content\/uploads\/2026\/02\/627264756_1440910697827969_6433024026465963153_n-300x225.jpg","medium_large":"https:\/\/vocesdeveracruz.com.mx\/wp-content\/uploads\/2026\/02\/627264756_1440910697827969_6433024026465963153_n.jpg","large":"https:\/\/vocesdeveracruz.com.mx\/wp-content\/uploads\/2026\/02\/627264756_1440910697827969_6433024026465963153_n.jpg","1536x1536":"https:\/\/vocesdeveracruz.com.mx\/wp-content\/uploads\/2026\/02\/627264756_1440910697827969_6433024026465963153_n.jpg","2048x2048":"https:\/\/vocesdeveracruz.com.mx\/wp-content\/uploads\/2026\/02\/627264756_1440910697827969_6433024026465963153_n.jpg"},"magazineBlocksPostAuthor":{"name":"admin","avatar":"https:\/\/secure.gravatar.com\/avatar\/9d5013f9042ef2dfeb4122e9609da41e1858252ad644b84f2ec3a64ab59cceaf?s=96&d=mm&r=g"},"magazineBlocksPostCommentsNumber":"0","magazineBlocksPostExcerpt":"#Plat\u00f3n S\u00e1nchez, Ver.\u2013 Autoridades municipales de Plat\u00f3n S\u00e1nchez y la Comisi\u00f3n del Agua del Estado de Veracruz (CAEV), oficina operadora local, establecieron acuerdos de coordinaci\u00f3n para el desarrollo de proyectos&hellip;","magazineBlocksPostCategories":["REGIONAL"],"magazineBlocksPostViewCount":99,"magazineBlocksPostReadTime":1,"magazine_blocks_featured_image_url":{"full":["https:\/\/vocesdeveracruz.com.mx\/wp-content\/uploads\/2026\/02\/627264756_1440910697827969_6433024026465963153_n.jpg",590,443,false],"medium":["https:\/\/vocesdeveracruz.com.mx\/wp-content\/uploads\/2026\/02\/627264756_1440910697827969_6433024026465963153_n-300x225.jpg",300,225,true],"thumbnail":["https:\/\/vocesdeveracruz.com.mx\/wp-content\/uploads\/2026\/02\/627264756_1440910697827969_6433024026465963153_n-150x150.jpg",150,150,true]},"magazine_blocks_author":{"display_name":"admin","author_link":"https:\/\/vocesdeveracruz.com.mx\/?author=1"},"magazine_blocks_comment":0,"magazine_blocks_author_image":"https:\/\/secure.gravatar.com\/avatar\/9d5013f9042ef2dfeb4122e9609da41e1858252ad644b84f2ec3a64ab59cceaf?s=96&d=mm&r=g","magazine_blocks_category":"<a href=\"https:\/\/vocesdeveracruz.com.mx\/?cat=75\" rel=\"category\">REGIONAL<\/a>","_links":{"self":[{"href":"https:\/\/vocesdeveracruz.com.mx\/index.php?rest_route=\/wp\/v2\/posts\/5178","targetHints":{"allow":["GET"]}}],"collection":[{"href":"https:\/\/vocesdeveracruz.com.mx\/index.php?rest_route=\/wp\/v2\/posts"}],"about":[{"href":"https:\/\/vocesdeveracruz.com.mx\/index.php?rest_route=\/wp\/v2\/types\/post"}],"author":[{"embeddable":true,"href":"https:\/\/vocesdeveracruz.com.mx\/index.php?rest_route=\/wp\/v2\/users\/1"}],"replies":[{"embeddable":true,"href":"https:\/\/vocesdeveracruz.com.mx\/index.php?rest_route=%2Fwp%2Fv2%2Fcomments&post=5178"}],"version-history":[{"count":1,"href":"https:\/\/vocesdeveracruz.com.mx\/index.php?rest_route=\/wp\/v2\/posts\/5178\/revisions"}],"predecessor-version":[{"id":5181,"href":"https:\/\/vocesdeveracruz.com.mx\/index.php?rest_route=\/wp\/v2\/posts\/5178\/revisions\/5181"}],"wp:featuredmedia":[{"embeddable":true,"href":"https:\/\/vocesdeveracruz.com.mx\/index.php?rest_route=\/wp\/v2\/media\/5179"}],"wp:attachment":[{"href":"https:\/\/vocesdeveracruz.com.mx\/index.php?rest_route=%2Fwp%2Fv2%2Fmedia&parent=5178"}],"wp:term":[{"taxonomy":"category","embeddable":true,"href":"https:\/\/vocesdeveracruz.com.mx\/index.php?rest_route=%2Fwp%2Fv2%2Fcategories&post=5178"},{"taxonomy":"post_tag","embeddable":true,"href":"https:\/\/vocesdeveracruz.com.mx\/index.php?rest_route=%2Fwp%2Fv2%2Ftags&post=5178"}],"curies":[{"name":"wp","href":"https:\/\/api.w.org\/{rel}","templated":true}]}}