{"id":5173,"date":"2026-02-03T22:43:31","date_gmt":"2026-02-04T04:43:31","guid":{"rendered":"https:\/\/vocesdeveracruz.com.mx\/?p=5173"},"modified":"2026-02-03T22:43:31","modified_gmt":"2026-02-04T04:43:31","slug":"capacita-diputada-a-autoridades-municipales-en-tramites-de-fundo-legal","status":"publish","type":"post","link":"https:\/\/vocesdeveracruz.com.mx\/?p=5173","title":{"rendered":"Capacita diputada a autoridades municipales en tr\u00e1mites de fundo legal"},"content":{"rendered":"\n<p><\/p>\n\n\n\n<p><\/p>\n\n\n\n<p>Con la finalidad de coadyuvar con las autoridades municipales en los procedimientos y tr\u00e1mites de regularizaci\u00f3n de predios pertenecientes al fundo legal y con esta medida apoyar a la ciudadan\u00eda y organizaciones de la sociedad, la presidenta de la Comisi\u00f3n Permanente de Desarrollo Urbano, Ordenamiento Territorial, Vivienda y Fundo Legal de la LXVII Legislatura, diputada Elizabeth Morales Garc\u00eda, realiz\u00f3 una reuni\u00f3n de trabajo con servidores p\u00fablicos de los ayuntamientos de Apazapan, Yecuatla, Vega de Alatorre y Tepetl\u00e1n.<\/p>\n\n\n\n<p>En la reuni\u00f3n, celebrada en la sala Jes\u00fas Reyes Heroles del Palacio Legislativo, la diputada inform\u00f3 que puso en marcha el Programa de Regularizaci\u00f3n de Fundo Legal y Ordenamiento Urbano, dirigido a los municipios para que, a trav\u00e9s de mesas de trabajo, acompa\u00f1ar el citado tr\u00e1mite e ir juntos en las diversas etapas de cada procedimiento.<\/p>\n\n\n\n<p>Por otra parte, la legisladora del Partido del Trabajo (PT) subray\u00f3 que a su llegada a la presidencia de la Comisi\u00f3n de Fundo Legal encontr\u00f3 diversos expedientes rezagados y que el motivo de ello es porque carec\u00edan de alg\u00fan documento y ah\u00ed se queda estancado el procedimiento, \u201cno queremos que esto suceda, porque cada expediente rezagado significa una familia que no tiene documentos que le d\u00e9 certeza legal sobre el lugar que habita\u201d.<\/p>\n\n\n\n<figure class=\"wp-block-image size-large\"><img loading=\"lazy\" decoding=\"async\" width=\"1024\" height=\"683\" src=\"https:\/\/vocesdeveracruz.com.mx\/wp-content\/uploads\/2026\/02\/155923-1024x683.jpg\" alt=\"\" class=\"wp-image-5175\" srcset=\"https:\/\/vocesdeveracruz.com.mx\/wp-content\/uploads\/2026\/02\/155923-1024x683.jpg 1024w, https:\/\/vocesdeveracruz.com.mx\/wp-content\/uploads\/2026\/02\/155923-300x200.jpg 300w, https:\/\/vocesdeveracruz.com.mx\/wp-content\/uploads\/2026\/02\/155923-768x512.jpg 768w, https:\/\/vocesdeveracruz.com.mx\/wp-content\/uploads\/2026\/02\/155923.jpg 1280w\" sizes=\"auto, (max-width: 1024px) 100vw, 1024px\" \/><\/figure>\n\n\n\n<p>Asimismo, ejemplific\u00f3 el caso de las escuelas que esperan rehabilitaciones o mejoras a su infraestructura y que al no contar con escrituras, la autoridad educativa no puede invertir recursos.<\/p>\n\n\n\n<p>Por \u00faltimo, dijo que con este Programa se pretende que el Congreso y autoridades municipales inicien de forma conjunta un trabajo coordinado para avanzar en los tr\u00e1mites, con la finalidad que en breve se entreguen escrituras que den certeza legal a quienes son posesionarios de una casa o inmuebles p\u00fablicos.<\/p>\n\n\n\n<p>A la reuni\u00f3n asistieron el director de Fundo Legal del Congreso de Veracruz, Maximiliano Guizar Oseguera, as\u00ed como Valente Aguilar Hinojosa y Cinthya Ojeda Morales, presidente municipal y el directora de Catastro, respectivamente, de Tepetl\u00e1n. Del ayuntamiento de Yecuatla particip\u00f3 la sindica Ruth Esmeralda Salamanca y el director de Catastro, Juan Carlos Morales Barradas; por Vega de Alatorre, el subdirector de Desarrollo Urbano, Vicente Rico Hern\u00e1ndez, y el director de Catastro, Emmanuel Reyes Gonz\u00e1lez.<\/p>\n\n\n\n<p>Del municipio de Apazapan acudieron el director de Catastro, Oscar Hern\u00e1ndez V\u00e1zquez y el contralor Benigno Falf\u00e1n Mu\u00f1oz.<\/p>\n\n\n\n<p><\/p>\n","protected":false},"excerpt":{"rendered":"<p>Con la finalidad de coadyuvar con las autoridades municipales en los procedimientos y tr\u00e1mites de regularizaci\u00f3n de predios pertenecientes al fundo legal y con esta medida apoyar a la ciudadan\u00eda&hellip;<\/p>\n","protected":false},"author":1,"featured_media":5174,"comment_status":"open","ping_status":"closed","sticky":false,"template":"","format":"standard","meta":{"footnotes":""},"categories":[71],"tags":[],"class_list":["post-5173","post","type-post","status-publish","format-standard","has-post-thumbnail","hentry","category-estatal"],"magazineBlocksPostFeaturedMedia":{"thumbnail":"https:\/\/vocesdeveracruz.com.mx\/wp-content\/uploads\/2026\/02\/FB_IMG_1770180141410-150x150.jpg","medium":"https:\/\/vocesdeveracruz.com.mx\/wp-content\/uploads\/2026\/02\/FB_IMG_1770180141410-300x200.jpg","medium_large":"https:\/\/vocesdeveracruz.com.mx\/wp-content\/uploads\/2026\/02\/FB_IMG_1770180141410-768x512.jpg","large":"https:\/\/vocesdeveracruz.com.mx\/wp-content\/uploads\/2026\/02\/FB_IMG_1770180141410-1024x683.jpg","1536x1536":"https:\/\/vocesdeveracruz.com.mx\/wp-content\/uploads\/2026\/02\/FB_IMG_1770180141410.jpg","2048x2048":"https:\/\/vocesdeveracruz.com.mx\/wp-content\/uploads\/2026\/02\/FB_IMG_1770180141410.jpg"},"magazineBlocksPostAuthor":{"name":"admin","avatar":"https:\/\/secure.gravatar.com\/avatar\/9d5013f9042ef2dfeb4122e9609da41e1858252ad644b84f2ec3a64ab59cceaf?s=96&d=mm&r=g"},"magazineBlocksPostCommentsNumber":"0","magazineBlocksPostExcerpt":"Con la finalidad de coadyuvar con las autoridades municipales en los procedimientos y tr\u00e1mites de regularizaci\u00f3n de predios pertenecientes al fundo legal y con esta medida apoyar a la ciudadan\u00eda&hellip;","magazineBlocksPostCategories":["ESTATAL"],"magazineBlocksPostViewCount":142,"magazineBlocksPostReadTime":3,"magazine_blocks_featured_image_url":{"full":["https:\/\/vocesdeveracruz.com.mx\/wp-content\/uploads\/2026\/02\/FB_IMG_1770180141410.jpg",1280,854,false],"medium":["https:\/\/vocesdeveracruz.com.mx\/wp-content\/uploads\/2026\/02\/FB_IMG_1770180141410-300x200.jpg",300,200,true],"thumbnail":["https:\/\/vocesdeveracruz.com.mx\/wp-content\/uploads\/2026\/02\/FB_IMG_1770180141410-150x150.jpg",150,150,true]},"magazine_blocks_author":{"display_name":"admin","author_link":"https:\/\/vocesdeveracruz.com.mx\/?author=1"},"magazine_blocks_comment":0,"magazine_blocks_author_image":"https:\/\/secure.gravatar.com\/avatar\/9d5013f9042ef2dfeb4122e9609da41e1858252ad644b84f2ec3a64ab59cceaf?s=96&d=mm&r=g","magazine_blocks_category":"<a href=\"https:\/\/vocesdeveracruz.com.mx\/?cat=71\" rel=\"category\">ESTATAL<\/a>","_links":{"self":[{"href":"https:\/\/vocesdeveracruz.com.mx\/index.php?rest_route=\/wp\/v2\/posts\/5173","targetHints":{"allow":["GET"]}}],"collection":[{"href":"https:\/\/vocesdeveracruz.com.mx\/index.php?rest_route=\/wp\/v2\/posts"}],"about":[{"href":"https:\/\/vocesdeveracruz.com.mx\/index.php?rest_route=\/wp\/v2\/types\/post"}],"author":[{"embeddable":true,"href":"https:\/\/vocesdeveracruz.com.mx\/index.php?rest_route=\/wp\/v2\/users\/1"}],"replies":[{"embeddable":true,"href":"https:\/\/vocesdeveracruz.com.mx\/index.php?rest_route=%2Fwp%2Fv2%2Fcomments&post=5173"}],"version-history":[{"count":1,"href":"https:\/\/vocesdeveracruz.com.mx\/index.php?rest_route=\/wp\/v2\/posts\/5173\/revisions"}],"predecessor-version":[{"id":5176,"href":"https:\/\/vocesdeveracruz.com.mx\/index.php?rest_route=\/wp\/v2\/posts\/5173\/revisions\/5176"}],"wp:featuredmedia":[{"embeddable":true,"href":"https:\/\/vocesdeveracruz.com.mx\/index.php?rest_route=\/wp\/v2\/media\/5174"}],"wp:attachment":[{"href":"https:\/\/vocesdeveracruz.com.mx\/index.php?rest_route=%2Fwp%2Fv2%2Fmedia&parent=5173"}],"wp:term":[{"taxonomy":"category","embeddable":true,"href":"https:\/\/vocesdeveracruz.com.mx\/index.php?rest_route=%2Fwp%2Fv2%2Fcategories&post=5173"},{"taxonomy":"post_tag","embeddable":true,"href":"https:\/\/vocesdeveracruz.com.mx\/index.php?rest_route=%2Fwp%2Fv2%2Ftags&post=5173"}],"curies":[{"name":"wp","href":"https:\/\/api.w.org\/{rel}","templated":true}]}}