{"id":5168,"date":"2026-02-03T22:16:33","date_gmt":"2026-02-04T04:16:33","guid":{"rendered":"https:\/\/vocesdeveracruz.com.mx\/?p=5168"},"modified":"2026-02-03T22:16:33","modified_gmt":"2026-02-04T04:16:33","slug":"anuncian-operativo-maceta-en-el-higo","status":"publish","type":"post","link":"https:\/\/vocesdeveracruz.com.mx\/?p=5168","title":{"rendered":"Anuncian \u201cOperativo Maceta\u201d en El Higo"},"content":{"rendered":"\n<p><\/p>\n\n\n\n<p><\/p>\n\n\n\n<p>El Higo, Ver.- La Delegaci\u00f3n de Tr\u00e1nsito Estatal inform\u00f3 que en los pr\u00f3ximos d\u00edas dar\u00e1 inicio el denominado \u201cOperativo Maceta\u201d, cuyo objetivo es retirar de la v\u00eda p\u00fablica todos aquellos veh\u00edculos que presenten huellas de abandono o que se encuentren en condiciones de chatarra, al representar un riesgo para la seguridad y la movilidad.<\/p>\n\n\n\n<figure class=\"wp-block-image size-large\"><img loading=\"lazy\" decoding=\"async\" width=\"750\" height=\"1024\" src=\"https:\/\/vocesdeveracruz.com.mx\/wp-content\/uploads\/2026\/02\/155886-750x1024.jpg\" alt=\"\" class=\"wp-image-5171\" srcset=\"https:\/\/vocesdeveracruz.com.mx\/wp-content\/uploads\/2026\/02\/155886-750x1024.jpg 750w, https:\/\/vocesdeveracruz.com.mx\/wp-content\/uploads\/2026\/02\/155886-220x300.jpg 220w, https:\/\/vocesdeveracruz.com.mx\/wp-content\/uploads\/2026\/02\/155886-768x1048.jpg 768w, https:\/\/vocesdeveracruz.com.mx\/wp-content\/uploads\/2026\/02\/155886.jpg 1042w\" sizes=\"auto, (max-width: 750px) 100vw, 750px\" \/><\/figure>\n\n\n\n<p>De acuerdo con la autoridad, esta acci\u00f3n busca prevenir accidentes, mejorar la circulaci\u00f3n vehicular y peatonal, as\u00ed como mantener calles y banquetas libres de obstrucciones que pongan en peligro a la poblaci\u00f3n. El operativo se realizar\u00e1 conforme a la normatividad vigente y en beneficio del orden urbano.<\/p>\n\n\n\n<p>Tr\u00e1nsito Estatal exhort\u00f3 a las y los propietarios de estos veh\u00edculos a retirarlos o moverlos en un plazo m\u00e1ximo de cinco d\u00edas, ya que una vez concluido este periodo, las unidades que permanezcan en la v\u00eda p\u00fablica ser\u00e1n removidas de manera autom\u00e1tica mediante gr\u00faa. La dependencia reiter\u00f3 el llamado a la colaboraci\u00f3n ciudadana para evitar sanciones y contribuir a contar con calles m\u00e1s seguras y funcionales para todas y todos.<\/p>\n\n\n\n<figure class=\"wp-block-image size-large\"><img loading=\"lazy\" decoding=\"async\" width=\"758\" height=\"1024\" src=\"https:\/\/vocesdeveracruz.com.mx\/wp-content\/uploads\/2026\/02\/155888-758x1024.jpg\" alt=\"\" class=\"wp-image-5170\" srcset=\"https:\/\/vocesdeveracruz.com.mx\/wp-content\/uploads\/2026\/02\/155888-758x1024.jpg 758w, https:\/\/vocesdeveracruz.com.mx\/wp-content\/uploads\/2026\/02\/155888-222x300.jpg 222w, https:\/\/vocesdeveracruz.com.mx\/wp-content\/uploads\/2026\/02\/155888-768x1037.jpg 768w, https:\/\/vocesdeveracruz.com.mx\/wp-content\/uploads\/2026\/02\/155888.jpg 881w\" sizes=\"auto, (max-width: 758px) 100vw, 758px\" \/><\/figure>\n","protected":false},"excerpt":{"rendered":"<p>El Higo, Ver.- La Delegaci\u00f3n de Tr\u00e1nsito Estatal inform\u00f3 que en los pr\u00f3ximos d\u00edas dar\u00e1 inicio el denominado \u201cOperativo Maceta\u201d, cuyo objetivo es retirar de la v\u00eda p\u00fablica todos aquellos&hellip;<\/p>\n","protected":false},"author":1,"featured_media":5169,"comment_status":"open","ping_status":"closed","sticky":false,"template":"","format":"standard","meta":{"footnotes":""},"categories":[75],"tags":[],"class_list":["post-5168","post","type-post","status-publish","format-standard","has-post-thumbnail","hentry","category-regional"],"magazineBlocksPostFeaturedMedia":{"thumbnail":"https:\/\/vocesdeveracruz.com.mx\/wp-content\/uploads\/2026\/02\/FB_IMG_1770178005029-150x150.jpg","medium":"https:\/\/vocesdeveracruz.com.mx\/wp-content\/uploads\/2026\/02\/FB_IMG_1770178005029-300x204.jpg","medium_large":"https:\/\/vocesdeveracruz.com.mx\/wp-content\/uploads\/2026\/02\/FB_IMG_1770178005029-768x521.jpg","large":"https:\/\/vocesdeveracruz.com.mx\/wp-content\/uploads\/2026\/02\/FB_IMG_1770178005029-1024x695.jpg","1536x1536":"https:\/\/vocesdeveracruz.com.mx\/wp-content\/uploads\/2026\/02\/FB_IMG_1770178005029.jpg","2048x2048":"https:\/\/vocesdeveracruz.com.mx\/wp-content\/uploads\/2026\/02\/FB_IMG_1770178005029.jpg"},"magazineBlocksPostAuthor":{"name":"admin","avatar":"https:\/\/secure.gravatar.com\/avatar\/9d5013f9042ef2dfeb4122e9609da41e1858252ad644b84f2ec3a64ab59cceaf?s=96&d=mm&r=g"},"magazineBlocksPostCommentsNumber":"0","magazineBlocksPostExcerpt":"El Higo, Ver.- La Delegaci\u00f3n de Tr\u00e1nsito Estatal inform\u00f3 que en los pr\u00f3ximos d\u00edas dar\u00e1 inicio el denominado \u201cOperativo Maceta\u201d, cuyo objetivo es retirar de la v\u00eda p\u00fablica todos aquellos&hellip;","magazineBlocksPostCategories":["REGIONAL"],"magazineBlocksPostViewCount":227,"magazineBlocksPostReadTime":1,"magazine_blocks_featured_image_url":{"full":["https:\/\/vocesdeveracruz.com.mx\/wp-content\/uploads\/2026\/02\/FB_IMG_1770178005029.jpg",1080,733,false],"medium":["https:\/\/vocesdeveracruz.com.mx\/wp-content\/uploads\/2026\/02\/FB_IMG_1770178005029-300x204.jpg",300,204,true],"thumbnail":["https:\/\/vocesdeveracruz.com.mx\/wp-content\/uploads\/2026\/02\/FB_IMG_1770178005029-150x150.jpg",150,150,true]},"magazine_blocks_author":{"display_name":"admin","author_link":"https:\/\/vocesdeveracruz.com.mx\/?author=1"},"magazine_blocks_comment":0,"magazine_blocks_author_image":"https:\/\/secure.gravatar.com\/avatar\/9d5013f9042ef2dfeb4122e9609da41e1858252ad644b84f2ec3a64ab59cceaf?s=96&d=mm&r=g","magazine_blocks_category":"<a href=\"https:\/\/vocesdeveracruz.com.mx\/?cat=75\" rel=\"category\">REGIONAL<\/a>","_links":{"self":[{"href":"https:\/\/vocesdeveracruz.com.mx\/index.php?rest_route=\/wp\/v2\/posts\/5168","targetHints":{"allow":["GET"]}}],"collection":[{"href":"https:\/\/vocesdeveracruz.com.mx\/index.php?rest_route=\/wp\/v2\/posts"}],"about":[{"href":"https:\/\/vocesdeveracruz.com.mx\/index.php?rest_route=\/wp\/v2\/types\/post"}],"author":[{"embeddable":true,"href":"https:\/\/vocesdeveracruz.com.mx\/index.php?rest_route=\/wp\/v2\/users\/1"}],"replies":[{"embeddable":true,"href":"https:\/\/vocesdeveracruz.com.mx\/index.php?rest_route=%2Fwp%2Fv2%2Fcomments&post=5168"}],"version-history":[{"count":1,"href":"https:\/\/vocesdeveracruz.com.mx\/index.php?rest_route=\/wp\/v2\/posts\/5168\/revisions"}],"predecessor-version":[{"id":5172,"href":"https:\/\/vocesdeveracruz.com.mx\/index.php?rest_route=\/wp\/v2\/posts\/5168\/revisions\/5172"}],"wp:featuredmedia":[{"embeddable":true,"href":"https:\/\/vocesdeveracruz.com.mx\/index.php?rest_route=\/wp\/v2\/media\/5169"}],"wp:attachment":[{"href":"https:\/\/vocesdeveracruz.com.mx\/index.php?rest_route=%2Fwp%2Fv2%2Fmedia&parent=5168"}],"wp:term":[{"taxonomy":"category","embeddable":true,"href":"https:\/\/vocesdeveracruz.com.mx\/index.php?rest_route=%2Fwp%2Fv2%2Fcategories&post=5168"},{"taxonomy":"post_tag","embeddable":true,"href":"https:\/\/vocesdeveracruz.com.mx\/index.php?rest_route=%2Fwp%2Fv2%2Ftags&post=5168"}],"curies":[{"name":"wp","href":"https:\/\/api.w.org\/{rel}","templated":true}]}}