{"id":5106,"date":"2026-01-29T16:36:19","date_gmt":"2026-01-29T22:36:19","guid":{"rendered":"https:\/\/vocesdeveracruz.com.mx\/?p=5106"},"modified":"2026-01-29T16:36:19","modified_gmt":"2026-01-29T22:36:19","slug":"celebra-ceapp-su-primera-sesion-ordinaria-aprueba-acuerdo-referente-al-informe-financiero-de-indicadores-y-de-la-cuenta-publica-2025","status":"publish","type":"post","link":"https:\/\/vocesdeveracruz.com.mx\/?p=5106","title":{"rendered":"Celebra CEAPP su Primera Sesi\u00f3n Ordinaria; aprueba acuerdo referente al Informe Financiero, de Indicadores y de la Cuenta P\u00fablica 2025"},"content":{"rendered":"\n<p>Xalapa, Ver.\u2013 El Pleno de la Comisi\u00f3n Estatal para la Atenci\u00f3n y Protecci\u00f3n de los Periodistas (CEAPP) celebr\u00f3 su Primera Sesi\u00f3n Ordinaria, en la cual aprob\u00f3 por mayor\u00eda el Acuerdo relativo al Cuarto Trimestre referente al Informe Financiero, de Indicadores y de la Cuenta P\u00fablica 2025.<\/p>\n\n\n\n<p>Durante sesi\u00f3n virtual, el Pleno del organismo aut\u00f3nomo autoriz\u00f3 a Tulio Moreno Alvarado, secretario ejecutivo y representante legal de esta Comisi\u00f3n, a suscribir un convenio de alcances para la remuneraci\u00f3n econ\u00f3mica de exservidores p\u00fablicos de la CEAPP.<\/p>\n\n\n\n<p>Adem\u00e1s fue autorizada la suscripci\u00f3n de un contrato de arrendamiento para hacer uso de las oficinas de la Comisi\u00f3n Estatal para la Atenci\u00f3n y Protecci\u00f3n de los Periodistas, ubicada en la Av. Manuel \u00c1vila Camacho No. 31 Altos Zona Centro de Esta Ciudad Capital; as\u00ed como la suscripci\u00f3n de un contrato administrativo, relativo al servicio de vigilancia para la Comisi\u00f3n para el ejercicio fiscal 2026.<\/p>\n\n\n\n<p>En la sesi\u00f3n estuvieron presentes el Comisionado Presidente, Luis Orencio Ram\u00edrez Baqueiro; las comisionadas Martha Ang\u00e9lica Mart\u00ednez Cuicahua, Ariadna Lezama Palma y Lizbeth Arg\u00fcelles Hern\u00e1ndez, as\u00ed como el Secretario Ejecutivo, Tulio Moreno Alvarado.<\/p>\n\n\n\n<p>De igual forma, participaron los comisionados Bernardo Velasco Guzm\u00e1n, Ra\u00fal Dom\u00ednguez Pinto, Pablo Jair Ortega D\u00edaz y Roberto P\u00e9rez L\u00f3pez, adem\u00e1s de un representante de la Fiscal\u00eda General del Estado.<\/p>\n","protected":false},"excerpt":{"rendered":"<p>Xalapa, Ver.\u2013 El Pleno de la Comisi\u00f3n Estatal para la Atenci\u00f3n y Protecci\u00f3n de los Periodistas (CEAPP) celebr\u00f3 su Primera Sesi\u00f3n Ordinaria, en la cual aprob\u00f3 por mayor\u00eda el Acuerdo&hellip;<\/p>\n","protected":false},"author":1,"featured_media":5107,"comment_status":"open","ping_status":"closed","sticky":false,"template":"","format":"standard","meta":{"footnotes":""},"categories":[71],"tags":[],"class_list":["post-5106","post","type-post","status-publish","format-standard","has-post-thumbnail","hentry","category-estatal"],"magazineBlocksPostFeaturedMedia":{"thumbnail":"https:\/\/vocesdeveracruz.com.mx\/wp-content\/uploads\/2026\/01\/image-150x150.webp","medium":"https:\/\/vocesdeveracruz.com.mx\/wp-content\/uploads\/2026\/01\/image-300x169.webp","medium_large":"https:\/\/vocesdeveracruz.com.mx\/wp-content\/uploads\/2026\/01\/image.webp","large":"https:\/\/vocesdeveracruz.com.mx\/wp-content\/uploads\/2026\/01\/image.webp","1536x1536":"https:\/\/vocesdeveracruz.com.mx\/wp-content\/uploads\/2026\/01\/image.webp","2048x2048":"https:\/\/vocesdeveracruz.com.mx\/wp-content\/uploads\/2026\/01\/image.webp"},"magazineBlocksPostAuthor":{"name":"admin","avatar":"https:\/\/secure.gravatar.com\/avatar\/9d5013f9042ef2dfeb4122e9609da41e1858252ad644b84f2ec3a64ab59cceaf?s=96&d=mm&r=g"},"magazineBlocksPostCommentsNumber":"0","magazineBlocksPostExcerpt":"Xalapa, Ver.\u2013 El Pleno de la Comisi\u00f3n Estatal para la Atenci\u00f3n y Protecci\u00f3n de los Periodistas (CEAPP) celebr\u00f3 su Primera Sesi\u00f3n Ordinaria, en la cual aprob\u00f3 por mayor\u00eda el Acuerdo&hellip;","magazineBlocksPostCategories":["ESTATAL"],"magazineBlocksPostViewCount":129,"magazineBlocksPostReadTime":2,"magazine_blocks_featured_image_url":{"full":["https:\/\/vocesdeveracruz.com.mx\/wp-content\/uploads\/2026\/01\/image.webp",480,270,false],"medium":["https:\/\/vocesdeveracruz.com.mx\/wp-content\/uploads\/2026\/01\/image-300x169.webp",300,169,true],"thumbnail":["https:\/\/vocesdeveracruz.com.mx\/wp-content\/uploads\/2026\/01\/image-150x150.webp",150,150,true]},"magazine_blocks_author":{"display_name":"admin","author_link":"https:\/\/vocesdeveracruz.com.mx\/?author=1"},"magazine_blocks_comment":0,"magazine_blocks_author_image":"https:\/\/secure.gravatar.com\/avatar\/9d5013f9042ef2dfeb4122e9609da41e1858252ad644b84f2ec3a64ab59cceaf?s=96&d=mm&r=g","magazine_blocks_category":"<a href=\"https:\/\/vocesdeveracruz.com.mx\/?cat=71\" rel=\"category\">ESTATAL<\/a>","_links":{"self":[{"href":"https:\/\/vocesdeveracruz.com.mx\/index.php?rest_route=\/wp\/v2\/posts\/5106","targetHints":{"allow":["GET"]}}],"collection":[{"href":"https:\/\/vocesdeveracruz.com.mx\/index.php?rest_route=\/wp\/v2\/posts"}],"about":[{"href":"https:\/\/vocesdeveracruz.com.mx\/index.php?rest_route=\/wp\/v2\/types\/post"}],"author":[{"embeddable":true,"href":"https:\/\/vocesdeveracruz.com.mx\/index.php?rest_route=\/wp\/v2\/users\/1"}],"replies":[{"embeddable":true,"href":"https:\/\/vocesdeveracruz.com.mx\/index.php?rest_route=%2Fwp%2Fv2%2Fcomments&post=5106"}],"version-history":[{"count":1,"href":"https:\/\/vocesdeveracruz.com.mx\/index.php?rest_route=\/wp\/v2\/posts\/5106\/revisions"}],"predecessor-version":[{"id":5108,"href":"https:\/\/vocesdeveracruz.com.mx\/index.php?rest_route=\/wp\/v2\/posts\/5106\/revisions\/5108"}],"wp:featuredmedia":[{"embeddable":true,"href":"https:\/\/vocesdeveracruz.com.mx\/index.php?rest_route=\/wp\/v2\/media\/5107"}],"wp:attachment":[{"href":"https:\/\/vocesdeveracruz.com.mx\/index.php?rest_route=%2Fwp%2Fv2%2Fmedia&parent=5106"}],"wp:term":[{"taxonomy":"category","embeddable":true,"href":"https:\/\/vocesdeveracruz.com.mx\/index.php?rest_route=%2Fwp%2Fv2%2Fcategories&post=5106"},{"taxonomy":"post_tag","embeddable":true,"href":"https:\/\/vocesdeveracruz.com.mx\/index.php?rest_route=%2Fwp%2Fv2%2Ftags&post=5106"}],"curies":[{"name":"wp","href":"https:\/\/api.w.org\/{rel}","templated":true}]}}