{"id":5102,"date":"2026-01-29T09:27:41","date_gmt":"2026-01-29T15:27:41","guid":{"rendered":"https:\/\/vocesdeveracruz.com.mx\/?p=5102"},"modified":"2026-01-29T09:27:41","modified_gmt":"2026-01-29T15:27:41","slug":"firman-tres-comisiones-permanentes-y-una-especial-su-programa-de-trabajo-para-2026","status":"publish","type":"post","link":"https:\/\/vocesdeveracruz.com.mx\/?p=5102","title":{"rendered":"Firman tres comisiones permanentes y una especial su programa de trabajo para 2026"},"content":{"rendered":"\n<p>En cumplimiento de lo dispuesto en la fracci\u00f3n IV del Art\u00edculo 57 del Reglamento para el Gobierno Interior del Poder Legislativo, las comisiones permanentes de Desarrollo y Fortalecimiento Municipal, de Hacienda Municipal y de Juventud, Deporte y Atletas con Discapacidad, as\u00ed como la especial para la Atenci\u00f3n a la Citricultura, signaron sus respectivos Programas Anuales de Trabajo 2026.<\/p>\n\n\n\n<p>Estos instrumentos permiten organizar, planificar y especializar las labores legislativas para, de acuerdo con los estatutos, proponer, analizar y dictaminar las iniciativas, as\u00ed como los asuntos que les sean turnados por la Mesa Directiva, asegurando con ello el cumplimiento de sus atribuciones al eficientar la creaci\u00f3n o reformas a las leyes, coordinaci\u00f3n interinstitucional y atenci\u00f3n de calidad en beneficio de las y los ciudadanos.<\/p>\n\n\n\n<p>En primer t\u00e9rmino, la Comisi\u00f3n Permanente de Desarrollo y Fortalecimiento Municipal, integrada por la diputada Guadalupe V\u00e1zquez Gonz\u00e1lez y los legisladores Paul Mart\u00ednez Marie y Fernando Yunes M\u00e1rquez, presidenta, secretario y vocal, respectivamente, aval\u00f3 la planeaci\u00f3n que regir\u00e1 el trabajo enfocado en la evaluaci\u00f3n de necesidades y promoci\u00f3n de acciones que impulsen la coordinaci\u00f3n y el fortalecimiento institucional de los municipios, a trav\u00e9s de an\u00e1lisis, estudios, foros y talleres que permitan identificar las prioridades de los municipios y proponer estrategias efectivas para su fortalecimiento.<\/p>\n\n\n\n<p>De la misma forma, el diputado Paul Mart\u00ednez Marie, la legisladora Bertha Rosal\u00eda Ahued Malpica y el diputado Antonio Ballesteros Grayeb, presidente, secretaria y vocal de la Comisi\u00f3n de Hacienda Municipal, presentaron su Programa Anual cuyo contenido se orienta a la atenci\u00f3n y asesor\u00eda a los ayuntamientos para dar inicio y\/o seguimiento a tr\u00e1mites ante esta Legislatura, proporcionar los procedimientos para que se cumpla, en tiempo y forma, las obligaciones -fijar las cuotas, tarifas y tablas de valores unitarios de las contribuciones sobre la propiedad inmobiliaria-, adem\u00e1s, de dar revisi\u00f3n y seguimiento al proceso de leyes de Ingresos, entre otros.<\/p>\n\n\n\n<p>Igualmente, la Comisi\u00f3n Permanente de Juventud, Deporte y Atletas con Discapacidad, integrada por la diputada Ivonne Selene Dur\u00e1n L\u00f3pez, presidenta, el legislador Omar Edmundo Blanco Mart\u00ednez, secretario, y la diputada Erika del Carmen Rosario Morales, vocal, aval\u00f3 los objetivos rectores de su programa anual dirigidos a trabajar en favor del bienestar, la inclusi\u00f3n y participaci\u00f3n activa, p\u00fablica y social de este sector impulsando acciones que las promuevan; asimismo, fomentar la participaci\u00f3n juvenil en espacios educativos y p\u00fablicos, apoyar la profesionalizaci\u00f3n y visibilidad de las personas con discapacidad, en especial en el \u00e1mbito deportivo.<\/p>\n\n\n\n<p>Para finalizar, las y el integrante de la Comisi\u00f3n Especial para la Atenci\u00f3n a la Citricultura, diputada Imelda Garrido Alvarado, presidenta, diputado Urbano Bautista Mart\u00ednez, secretario, y las legisladoras, Liud Herrera F\u00e9lix, Montserrat Ortega Ruiz y Mar\u00eda Elena C\u00f3rdova Molina, vocales, plasmaron su firma en el documento que tiene como prop\u00f3sito coadyuvar en las estrategias que prioricen la recuperaci\u00f3n de las zonas citr\u00edcolas afectadas por las pasadas inundaciones y por las enfermedades propias de la fruta a trav\u00e9s de la realizaci\u00f3n de un censo georreferenciado y establecer esquemas de apoyo econ\u00f3mico para la rehabilitaci\u00f3n de la infraestructura, distribuci\u00f3n de paquetes de insumos.<\/p>\n\n\n\n<p>El documento prev\u00e9 tambi\u00e9n implementar un Programa de Reconversi\u00f3n de Portainjertos, desarrollar alianzas para dar valor agregado a los productos y su comercializaci\u00f3n, coordinar con instituciones en el ramo programas de capacitaci\u00f3n en materia de sostenibilidad y fortalecer la propuesta para la creaci\u00f3n de la Ley Citr\u00edcola.<\/p>\n","protected":false},"excerpt":{"rendered":"<p>En cumplimiento de lo dispuesto en la fracci\u00f3n IV del Art\u00edculo 57 del Reglamento para el Gobierno Interior del Poder Legislativo, las comisiones permanentes de Desarrollo y Fortalecimiento Municipal, de&hellip;<\/p>\n","protected":false},"author":1,"featured_media":5103,"comment_status":"open","ping_status":"closed","sticky":false,"template":"","format":"standard","meta":{"footnotes":""},"categories":[71],"tags":[],"class_list":["post-5102","post","type-post","status-publish","format-standard","has-post-thumbnail","hentry","category-estatal"],"magazineBlocksPostFeaturedMedia":{"thumbnail":"https:\/\/vocesdeveracruz.com.mx\/wp-content\/uploads\/2026\/01\/FB_IMG_1769700408596-150x150.jpg","medium":"https:\/\/vocesdeveracruz.com.mx\/wp-content\/uploads\/2026\/01\/FB_IMG_1769700408596-300x200.jpg","medium_large":"https:\/\/vocesdeveracruz.com.mx\/wp-content\/uploads\/2026\/01\/FB_IMG_1769700408596-768x513.jpg","large":"https:\/\/vocesdeveracruz.com.mx\/wp-content\/uploads\/2026\/01\/FB_IMG_1769700408596-1024x684.jpg","1536x1536":"https:\/\/vocesdeveracruz.com.mx\/wp-content\/uploads\/2026\/01\/FB_IMG_1769700408596-1536x1025.jpg","2048x2048":"https:\/\/vocesdeveracruz.com.mx\/wp-content\/uploads\/2026\/01\/FB_IMG_1769700408596.jpg"},"magazineBlocksPostAuthor":{"name":"admin","avatar":"https:\/\/secure.gravatar.com\/avatar\/9d5013f9042ef2dfeb4122e9609da41e1858252ad644b84f2ec3a64ab59cceaf?s=96&d=mm&r=g"},"magazineBlocksPostCommentsNumber":"0","magazineBlocksPostExcerpt":"En cumplimiento de lo dispuesto en la fracci\u00f3n IV del Art\u00edculo 57 del Reglamento para el Gobierno Interior del Poder Legislativo, las comisiones permanentes de Desarrollo y Fortalecimiento Municipal, de&hellip;","magazineBlocksPostCategories":["ESTATAL"],"magazineBlocksPostViewCount":109,"magazineBlocksPostReadTime":4,"magazine_blocks_featured_image_url":{"full":["https:\/\/vocesdeveracruz.com.mx\/wp-content\/uploads\/2026\/01\/FB_IMG_1769700408596.jpg",1600,1068,false],"medium":["https:\/\/vocesdeveracruz.com.mx\/wp-content\/uploads\/2026\/01\/FB_IMG_1769700408596-300x200.jpg",300,200,true],"thumbnail":["https:\/\/vocesdeveracruz.com.mx\/wp-content\/uploads\/2026\/01\/FB_IMG_1769700408596-150x150.jpg",150,150,true]},"magazine_blocks_author":{"display_name":"admin","author_link":"https:\/\/vocesdeveracruz.com.mx\/?author=1"},"magazine_blocks_comment":0,"magazine_blocks_author_image":"https:\/\/secure.gravatar.com\/avatar\/9d5013f9042ef2dfeb4122e9609da41e1858252ad644b84f2ec3a64ab59cceaf?s=96&d=mm&r=g","magazine_blocks_category":"<a href=\"https:\/\/vocesdeveracruz.com.mx\/?cat=71\" rel=\"category\">ESTATAL<\/a>","_links":{"self":[{"href":"https:\/\/vocesdeveracruz.com.mx\/index.php?rest_route=\/wp\/v2\/posts\/5102","targetHints":{"allow":["GET"]}}],"collection":[{"href":"https:\/\/vocesdeveracruz.com.mx\/index.php?rest_route=\/wp\/v2\/posts"}],"about":[{"href":"https:\/\/vocesdeveracruz.com.mx\/index.php?rest_route=\/wp\/v2\/types\/post"}],"author":[{"embeddable":true,"href":"https:\/\/vocesdeveracruz.com.mx\/index.php?rest_route=\/wp\/v2\/users\/1"}],"replies":[{"embeddable":true,"href":"https:\/\/vocesdeveracruz.com.mx\/index.php?rest_route=%2Fwp%2Fv2%2Fcomments&post=5102"}],"version-history":[{"count":1,"href":"https:\/\/vocesdeveracruz.com.mx\/index.php?rest_route=\/wp\/v2\/posts\/5102\/revisions"}],"predecessor-version":[{"id":5104,"href":"https:\/\/vocesdeveracruz.com.mx\/index.php?rest_route=\/wp\/v2\/posts\/5102\/revisions\/5104"}],"wp:featuredmedia":[{"embeddable":true,"href":"https:\/\/vocesdeveracruz.com.mx\/index.php?rest_route=\/wp\/v2\/media\/5103"}],"wp:attachment":[{"href":"https:\/\/vocesdeveracruz.com.mx\/index.php?rest_route=%2Fwp%2Fv2%2Fmedia&parent=5102"}],"wp:term":[{"taxonomy":"category","embeddable":true,"href":"https:\/\/vocesdeveracruz.com.mx\/index.php?rest_route=%2Fwp%2Fv2%2Fcategories&post=5102"},{"taxonomy":"post_tag","embeddable":true,"href":"https:\/\/vocesdeveracruz.com.mx\/index.php?rest_route=%2Fwp%2Fv2%2Ftags&post=5102"}],"curies":[{"name":"wp","href":"https:\/\/api.w.org\/{rel}","templated":true}]}}