{"id":5073,"date":"2026-01-23T19:42:45","date_gmt":"2026-01-24T01:42:45","guid":{"rendered":"https:\/\/vocesdeveracruz.com.mx\/?p=5073"},"modified":"2026-01-23T19:42:45","modified_gmt":"2026-01-24T01:42:45","slug":"5073","status":"publish","type":"post","link":"https:\/\/vocesdeveracruz.com.mx\/?p=5073","title":{"rendered":""},"content":{"rendered":"\n<p><strong>TECNM CAMPUS P\u00c1NUCO FORTALECE ACCIONES ACAD\u00c9MICAS EN LA PRIMERA REUNI\u00d3N DE TRABAJO 2026 DE SUBDIRECCIONES ACAD\u00c9MICAS<\/strong><\/p>\n\n\n\n<p><\/p>\n\n\n\n<p><\/p>\n\n\n\n<p>P\u00e1nuco, Ver.- En seguimiento a los acuerdos establecidos durante la Reuni\u00f3n Nacional de Subdirecciones Acad\u00e9micas, se llev\u00f3 a cabo la&nbsp;<strong>Primera Reuni\u00f3n de Trabajo 2026 con las Subdirecciones Acad\u00e9micas de los Institutos Tecnol\u00f3gicos<\/strong>, como parte de las acciones orientadas a dar continuidad a la implementaci\u00f3n del&nbsp;<strong>Modelo Educativo Humanismo para la Justicia Social<\/strong>&nbsp;del Tecnol\u00f3gico Nacional de M\u00e9xico.<\/p>\n\n\n\n<p>En esta importante sesi\u00f3n participaron&nbsp;<strong>jefas y jefes de carrera, presidentes y secretarios de academia, as\u00ed como personal directivo y administrativo de la Direcci\u00f3n Acad\u00e9mica<\/strong>, quienes analizaron y fortalecieron las estrategias acad\u00e9micas institucionales, con el objetivo de impactar positivamente en el desarrollo acad\u00e9mico y en la calidad de los procesos formativos.<\/p>\n\n\n\n<div class=\"wp-block-columns is-layout-flex wp-container-core-columns-is-layout-9d6595d7 wp-block-columns-is-layout-flex\">\n<div class=\"wp-block-column is-layout-flow wp-block-column-is-layout-flow\">\n<figure class=\"wp-block-image size-large\"><img loading=\"lazy\" decoding=\"async\" width=\"1024\" height=\"573\" src=\"https:\/\/vocesdeveracruz.com.mx\/wp-content\/uploads\/2026\/01\/145982-1024x573.jpg\" alt=\"\" class=\"wp-image-5074\" srcset=\"https:\/\/vocesdeveracruz.com.mx\/wp-content\/uploads\/2026\/01\/145982-1024x573.jpg 1024w, https:\/\/vocesdeveracruz.com.mx\/wp-content\/uploads\/2026\/01\/145982-300x168.jpg 300w, https:\/\/vocesdeveracruz.com.mx\/wp-content\/uploads\/2026\/01\/145982-768x430.jpg 768w, https:\/\/vocesdeveracruz.com.mx\/wp-content\/uploads\/2026\/01\/145982-1536x860.jpg 1536w, https:\/\/vocesdeveracruz.com.mx\/wp-content\/uploads\/2026\/01\/145982.jpg 2048w\" sizes=\"auto, (max-width: 1024px) 100vw, 1024px\" \/><\/figure>\n<\/div>\n\n\n\n<div class=\"wp-block-column is-layout-flow wp-block-column-is-layout-flow\">\n<figure class=\"wp-block-image size-large\"><img loading=\"lazy\" decoding=\"async\" width=\"1024\" height=\"557\" src=\"https:\/\/vocesdeveracruz.com.mx\/wp-content\/uploads\/2026\/01\/145983-1024x557.jpg\" alt=\"\" class=\"wp-image-5075\" srcset=\"https:\/\/vocesdeveracruz.com.mx\/wp-content\/uploads\/2026\/01\/145983-1024x557.jpg 1024w, https:\/\/vocesdeveracruz.com.mx\/wp-content\/uploads\/2026\/01\/145983-300x163.jpg 300w, https:\/\/vocesdeveracruz.com.mx\/wp-content\/uploads\/2026\/01\/145983-768x418.jpg 768w, https:\/\/vocesdeveracruz.com.mx\/wp-content\/uploads\/2026\/01\/145983-1536x836.jpg 1536w, https:\/\/vocesdeveracruz.com.mx\/wp-content\/uploads\/2026\/01\/145983.jpg 2048w\" sizes=\"auto, (max-width: 1024px) 100vw, 1024px\" \/><\/figure>\n<\/div>\n<\/div>\n\n\n\n<p>Estas acciones reafirman el compromiso del Tecnol\u00f3gico Nacional de M\u00e9xico con la mejora continua de la educaci\u00f3n superior tecnol\u00f3gica, impulsando una formaci\u00f3n integral con enfoque humanista y socialmente responsable.<\/p>\n\n\n\n<p><\/p>\n\n\n\n<p><\/p>\n\n\n\n<p><\/p>\n\n\n\n<p><\/p>\n","protected":false},"excerpt":{"rendered":"<p>TECNM CAMPUS P\u00c1NUCO FORTALECE ACCIONES ACAD\u00c9MICAS EN LA PRIMERA REUNI\u00d3N DE TRABAJO 2026 DE SUBDIRECCIONES ACAD\u00c9MICAS P\u00e1nuco, Ver.- En seguimiento a los acuerdos establecidos durante la Reuni\u00f3n Nacional de Subdirecciones&hellip;<\/p>\n","protected":false},"author":1,"featured_media":5076,"comment_status":"open","ping_status":"closed","sticky":false,"template":"","format":"standard","meta":{"footnotes":""},"categories":[72],"tags":[],"class_list":["post-5073","post","type-post","status-publish","format-standard","has-post-thumbnail","hentry","category-local"],"magazineBlocksPostFeaturedMedia":{"thumbnail":"https:\/\/vocesdeveracruz.com.mx\/wp-content\/uploads\/2026\/01\/FB_IMG_1769218554843-1-150x150.jpg","medium":"https:\/\/vocesdeveracruz.com.mx\/wp-content\/uploads\/2026\/01\/FB_IMG_1769218554843-1-300x164.jpg","medium_large":"https:\/\/vocesdeveracruz.com.mx\/wp-content\/uploads\/2026\/01\/FB_IMG_1769218554843-1-768x421.jpg","large":"https:\/\/vocesdeveracruz.com.mx\/wp-content\/uploads\/2026\/01\/FB_IMG_1769218554843-1-1024x561.jpg","1536x1536":"https:\/\/vocesdeveracruz.com.mx\/wp-content\/uploads\/2026\/01\/FB_IMG_1769218554843-1-1536x842.jpg","2048x2048":"https:\/\/vocesdeveracruz.com.mx\/wp-content\/uploads\/2026\/01\/FB_IMG_1769218554843-1.jpg"},"magazineBlocksPostAuthor":{"name":"admin","avatar":"https:\/\/secure.gravatar.com\/avatar\/9d5013f9042ef2dfeb4122e9609da41e1858252ad644b84f2ec3a64ab59cceaf?s=96&d=mm&r=g"},"magazineBlocksPostCommentsNumber":"0","magazineBlocksPostExcerpt":"TECNM CAMPUS P\u00c1NUCO FORTALECE ACCIONES ACAD\u00c9MICAS EN LA PRIMERA REUNI\u00d3N DE TRABAJO 2026 DE SUBDIRECCIONES ACAD\u00c9MICAS P\u00e1nuco, Ver.- En seguimiento a los acuerdos establecidos durante la Reuni\u00f3n Nacional de Subdirecciones&hellip;","magazineBlocksPostCategories":["LOCAL"],"magazineBlocksPostViewCount":169,"magazineBlocksPostReadTime":1,"magazine_blocks_featured_image_url":{"full":["https:\/\/vocesdeveracruz.com.mx\/wp-content\/uploads\/2026\/01\/FB_IMG_1769218554843-1.jpg",2048,1122,false],"medium":["https:\/\/vocesdeveracruz.com.mx\/wp-content\/uploads\/2026\/01\/FB_IMG_1769218554843-1-300x164.jpg",300,164,true],"thumbnail":["https:\/\/vocesdeveracruz.com.mx\/wp-content\/uploads\/2026\/01\/FB_IMG_1769218554843-1-150x150.jpg",150,150,true]},"magazine_blocks_author":{"display_name":"admin","author_link":"https:\/\/vocesdeveracruz.com.mx\/?author=1"},"magazine_blocks_comment":0,"magazine_blocks_author_image":"https:\/\/secure.gravatar.com\/avatar\/9d5013f9042ef2dfeb4122e9609da41e1858252ad644b84f2ec3a64ab59cceaf?s=96&d=mm&r=g","magazine_blocks_category":"<a href=\"https:\/\/vocesdeveracruz.com.mx\/?cat=72\" rel=\"category\">LOCAL<\/a>","_links":{"self":[{"href":"https:\/\/vocesdeveracruz.com.mx\/index.php?rest_route=\/wp\/v2\/posts\/5073","targetHints":{"allow":["GET"]}}],"collection":[{"href":"https:\/\/vocesdeveracruz.com.mx\/index.php?rest_route=\/wp\/v2\/posts"}],"about":[{"href":"https:\/\/vocesdeveracruz.com.mx\/index.php?rest_route=\/wp\/v2\/types\/post"}],"author":[{"embeddable":true,"href":"https:\/\/vocesdeveracruz.com.mx\/index.php?rest_route=\/wp\/v2\/users\/1"}],"replies":[{"embeddable":true,"href":"https:\/\/vocesdeveracruz.com.mx\/index.php?rest_route=%2Fwp%2Fv2%2Fcomments&post=5073"}],"version-history":[{"count":1,"href":"https:\/\/vocesdeveracruz.com.mx\/index.php?rest_route=\/wp\/v2\/posts\/5073\/revisions"}],"predecessor-version":[{"id":5077,"href":"https:\/\/vocesdeveracruz.com.mx\/index.php?rest_route=\/wp\/v2\/posts\/5073\/revisions\/5077"}],"wp:featuredmedia":[{"embeddable":true,"href":"https:\/\/vocesdeveracruz.com.mx\/index.php?rest_route=\/wp\/v2\/media\/5076"}],"wp:attachment":[{"href":"https:\/\/vocesdeveracruz.com.mx\/index.php?rest_route=%2Fwp%2Fv2%2Fmedia&parent=5073"}],"wp:term":[{"taxonomy":"category","embeddable":true,"href":"https:\/\/vocesdeveracruz.com.mx\/index.php?rest_route=%2Fwp%2Fv2%2Fcategories&post=5073"},{"taxonomy":"post_tag","embeddable":true,"href":"https:\/\/vocesdeveracruz.com.mx\/index.php?rest_route=%2Fwp%2Fv2%2Ftags&post=5073"}],"curies":[{"name":"wp","href":"https:\/\/api.w.org\/{rel}","templated":true}]}}