{"id":5064,"date":"2026-01-21T20:31:24","date_gmt":"2026-01-22T02:31:24","guid":{"rendered":"https:\/\/vocesdeveracruz.com.mx\/?p=5064"},"modified":"2026-01-21T20:31:24","modified_gmt":"2026-01-22T02:31:24","slug":"periodismo-vocacion-irrenunciable-a-la-verdad-y-la-justicia-ceapp","status":"publish","type":"post","link":"https:\/\/vocesdeveracruz.com.mx\/?p=5064","title":{"rendered":"Periodismo, vocaci\u00f3n irrenunciable a la verdad y la justicia: CEAPP"},"content":{"rendered":"\n<p>Ante la Comisi\u00f3n Permanente de Atenci\u00f3n y Protecci\u00f3n de Periodistas, integrada por las diputadas Bertha Ahued Malpica, Daniela Flores Barnils y Astrid S\u00e1nchez Moguel, presidenta, secretaria y vocal, respectivamente, el presidente de la Comisi\u00f3n Estatal para la Atenci\u00f3n y Protecci\u00f3n de los Periodistas (CEAPP), Luis Orencio Ram\u00edrez Baqueiro, present\u00f3 los resultados de su gesti\u00f3n durante el ejercicio 2025.<\/p>\n\n\n\n<p>En la comparecencia, que inici\u00f3 a las 16:13 horas, el funcionario consider\u00f3 que la vulnerabilidad laboral es, adem\u00e1s de la violencia, el otro problema que enfrenta el periodismo veracruzano. De acuerdo con su titular, este organismo aut\u00f3nomo apoya a los comunicadores que sufren agresiones o amenazas o requieren alg\u00fan tipo de apoyo social, laboral o profesional para el desarrollo de su oficio.<\/p>\n\n\n\n<p>Dio a conocer que, en la atenci\u00f3n primaria, la CEAPP recibi\u00f3 391 reportes de periodistas de 52 municipios: 79 por agresiones ocurridas en 19 de ellos clasificadas en verbales, f\u00edsicas, patrimoniales y digitales (telef\u00f3nicas y por redes sociales).<\/p>\n\n\n\n<p>Tras esto, expuso los dos ejes del trabajo de la Comisi\u00f3n: Asesor\u00eda Jur\u00eddica y Atenci\u00f3n y Protecci\u00f3n. En cuanto al primero, durante 2025, la Comisi\u00f3n recibi\u00f3 90 expedientes, que se suman a 378 iniciados antes de la actual administraci\u00f3n. De los abiertos este a\u00f1o, que corresponden a 80 periodistas de 31 municipios, 86 contin\u00faan en tr\u00e1mite y cuatro fueron concluidos.<\/p>\n\n\n\n<p>Tambi\u00e9n habl\u00f3 de la coordinaci\u00f3n que la CEAPP mantiene con el Mecanismo de Protecci\u00f3n para Personas Defensoras de Derechos Humanos y Periodistas, de la Secretar\u00eda de Gobernaci\u00f3n; la Fiscal\u00eda General del Estado (FGE); la Comisi\u00f3n Ejecutiva Estatal de Atenci\u00f3n Integral a V\u00edctimas (Ceeaiv), la Comisi\u00f3n Estatal de Derechos Humanos de Veracruz (CEDHV) y la Red de Mecanismos de Protecci\u00f3n para Personas Defensoras de Derechos Humanos y Periodistas (Redpro), el Instituto Mexicano del Seguro Social (Imss) y la Direcci\u00f3n de Cultura de Paz y Derechos Humanos, de la Secretar\u00eda de Gobierno del Estado.<\/p>\n\n\n\n<p>Respecto al segundo eje, Atenci\u00f3n y Protecci\u00f3n, desarroll\u00f3 las acciones realizadas en las cinco funciones centrales que tiene adscritas: Protecci\u00f3n integral de los periodistas, Monitoreo, Atenci\u00f3n y gesti\u00f3n, Capacitaci\u00f3n y vinculaci\u00f3n y Soporte tecnol\u00f3gico.<\/p>\n\n\n\n<p>Luis Ram\u00edrez dio cuenta de las acciones emprendidas con motivo de la emergencia ocasionada por las inundaciones en el norte del estado, como la integraci\u00f3n de un registro de periodistas afectados, la atenci\u00f3n a 74 comunicadores, la mayor\u00eda en Poza Rica y \u00c1lamo-Temapache, y las solicitudes de afiliaci\u00f3n al Imss-Bienestar de 18 periodistas damnificados.<\/p>\n\n\n\n<p>Al abordar el tema de la administraci\u00f3n, el presidente de la CEAPP inform\u00f3 que, de enero a noviembre de 2025, el organismo ejerci\u00f3 14 millones de pesos (mdp) en servicios personales, 650 mil pesos en materiales y suministros, 2.2 mdp en servicios generales, 2.1 mdp en transferencias y subsidios y 162 mil pesos en bienes muebles e inmuebles.<\/p>\n\n\n\n<div class=\"wp-block-columns is-layout-flex wp-container-core-columns-is-layout-9d6595d7 wp-block-columns-is-layout-flex\">\n<div class=\"wp-block-column is-layout-flow wp-block-column-is-layout-flow\">\n<figure class=\"wp-block-image size-large\"><img loading=\"lazy\" decoding=\"async\" width=\"1024\" height=\"682\" src=\"https:\/\/vocesdeveracruz.com.mx\/wp-content\/uploads\/2026\/01\/143623-1024x682.jpg\" alt=\"\" class=\"wp-image-5065\" srcset=\"https:\/\/vocesdeveracruz.com.mx\/wp-content\/uploads\/2026\/01\/143623-1024x682.jpg 1024w, https:\/\/vocesdeveracruz.com.mx\/wp-content\/uploads\/2026\/01\/143623-300x200.jpg 300w, https:\/\/vocesdeveracruz.com.mx\/wp-content\/uploads\/2026\/01\/143623-768x512.jpg 768w, https:\/\/vocesdeveracruz.com.mx\/wp-content\/uploads\/2026\/01\/143623-1536x1023.jpg 1536w, https:\/\/vocesdeveracruz.com.mx\/wp-content\/uploads\/2026\/01\/143623.jpg 1600w\" sizes=\"auto, (max-width: 1024px) 100vw, 1024px\" \/><\/figure>\n<\/div>\n\n\n\n<div class=\"wp-block-column is-layout-flow wp-block-column-is-layout-flow\">\n<figure class=\"wp-block-image size-large\"><img loading=\"lazy\" decoding=\"async\" width=\"1024\" height=\"683\" src=\"https:\/\/vocesdeveracruz.com.mx\/wp-content\/uploads\/2026\/01\/143625-1024x683.jpg\" alt=\"\" class=\"wp-image-5067\" srcset=\"https:\/\/vocesdeveracruz.com.mx\/wp-content\/uploads\/2026\/01\/143625-1024x683.jpg 1024w, https:\/\/vocesdeveracruz.com.mx\/wp-content\/uploads\/2026\/01\/143625-300x200.jpg 300w, https:\/\/vocesdeveracruz.com.mx\/wp-content\/uploads\/2026\/01\/143625-768x512.jpg 768w, https:\/\/vocesdeveracruz.com.mx\/wp-content\/uploads\/2026\/01\/143625.jpg 1280w\" sizes=\"auto, (max-width: 1024px) 100vw, 1024px\" \/><\/figure>\n<\/div>\n\n\n\n<div class=\"wp-block-column is-layout-flow wp-block-column-is-layout-flow\">\n<figure class=\"wp-block-image size-large\"><img loading=\"lazy\" decoding=\"async\" width=\"1024\" height=\"683\" src=\"https:\/\/vocesdeveracruz.com.mx\/wp-content\/uploads\/2026\/01\/143624-1024x683.jpg\" alt=\"\" class=\"wp-image-5066\" srcset=\"https:\/\/vocesdeveracruz.com.mx\/wp-content\/uploads\/2026\/01\/143624-1024x683.jpg 1024w, https:\/\/vocesdeveracruz.com.mx\/wp-content\/uploads\/2026\/01\/143624-300x200.jpg 300w, https:\/\/vocesdeveracruz.com.mx\/wp-content\/uploads\/2026\/01\/143624-768x512.jpg 768w, https:\/\/vocesdeveracruz.com.mx\/wp-content\/uploads\/2026\/01\/143624.jpg 1280w\" sizes=\"auto, (max-width: 1024px) 100vw, 1024px\" \/><\/figure>\n<\/div>\n<\/div>\n\n\n\n<p>Refiri\u00f3 hechos recientes como la acusaci\u00f3n de terrorismo al periodista Rafael Le\u00f3n, de Coatzacoalcos, el homicidio del periodista Carlos Castro en Poza Rica, la muerte de la fotoperiodista Avisack Douglas y la desaparici\u00f3n del periodista Miguel \u00c1ngel Anaya Castillo, de P\u00e1nuco, ante los cuales pidi\u00f3 a la FGE actuar conforme a derecho y que los casos se esclarezcan y no queden sin castigo.<\/p>\n\n\n\n<p>Por \u00faltimo, el titular de la CEAPP estim\u00f3 que, durante la presente gesti\u00f3n, el trabajo de la Comisi\u00f3n estar\u00e1 centrado en mejorar y profundizar los servicios que ofrece, instrumentar l\u00edneas de acci\u00f3n que apoyen el trabajo y la formaci\u00f3n t\u00e9cnica de las y los periodistas y afrontar de la mejor manera las condiciones laborales. La Comisi\u00f3n \u2013finaliz\u00f3- debe pasar de ser receptora a preventiva y activa del trabajo period\u00edstico, la libertad de expresi\u00f3n y el derecho a la informaci\u00f3n.<\/p>\n\n\n\n<p>Participaci\u00f3n de diputadas y diputados<\/p>\n\n\n\n<p>En el primer turno, participaron las diputadas Victoria Guti\u00e9rrez P\u00e9rez, del Grupo Legislativo de Morena; Roxana Barrag\u00e1n Hern\u00e1ndez, del Grupo Legislativo del Partido Verde Ecologista de M\u00e9xico (PVEM); Ana Rosa Vald\u00e9s Salazar, del Grupo Legislativo Mixto Veracruz Nos Une (VNU); Elizabeth Morales Garc\u00eda, del Partido del Trabajo (PT), y Mar\u00eda Elena C\u00f3rdova Molina del partido Movimiento Ciudadano (MC), con preguntas sobre los servicios que ofrece la CEAPP, los mecanismos de protecci\u00f3n implementados, acciones para reforzarlas, c\u00f3mo se garantiza la libertad de su profesi\u00f3n y si existe alg\u00fan riesgo asociado a la cobertura de procesos electorales.<\/p>\n\n\n\n<p>Tambi\u00e9n preguntaron al titular de la CEAPP en qu\u00e9 consisti\u00f3 la capacitaci\u00f3n a mandos medios de la Secretar\u00eda de Seguridad P\u00fablica y polic\u00edas municipales; fortalecimiento de la Contralor\u00eda Interna en materia de transparencia; Acceso a la Informaci\u00f3n y Protecci\u00f3n de Datos Personales, presupuesto asignado y porcentaje destinado a la protecci\u00f3n directa; gestiones y avances con los \u00f3rganos de procuraci\u00f3n de justicia y seguridad p\u00fablica para disminuir agresiones a periodistas; colaboraci\u00f3n en la investigaci\u00f3n de casos de desaparici\u00f3n y agresi\u00f3n y su opini\u00f3n acerca de que el estado es la entidad m\u00e1s peligrosa para ejercer el periodismo.<\/p>\n\n\n\n<p>Acerca de reportes de agresiones que a\u00fan se encuentran vigentes, cu\u00e1ntos tuvieron resoluci\u00f3n efectiva, cu\u00e1l fue el criterio utilizado para retirar medidas de protecci\u00f3n, los indicadores utilizados para calcular situaci\u00f3n de riesgo, la procedencia de principales agresiones, los municipios con m\u00e1s reportes y si los periodistas asesinados contaban con protecci\u00f3n.<\/p>\n\n\n\n<p>Durante la segunda ronda, el comisionado respondi\u00f3 a los cuestionamientos de las diputadas Elizabeth Morales Garc\u00eda (PT) y Montserrat Ortega Ruiz (VNU) y de los diputados Adri\u00e1n Sigfrido \u00c1vila Estrada (MC), Urbano Bautista Mart\u00ednez (PVEM) y Alejandro Porras Mar\u00edn (Morena), en cuanto a la integraci\u00f3n de periodistas al sistema de seguridad social y la existencia de un padr\u00f3n actualizado de quienes se encuentran en situaci\u00f3n de vulnerabilidad.<\/p>\n\n\n\n<p>Adem\u00e1s, incorporaci\u00f3n de la perspectiva de g\u00e9nero en riesgos diferenciados, acciones de prevenci\u00f3n en la violencia digital, censura ante la violencia pol\u00edtica por raz\u00f3n de g\u00e9nero para inhibir la libertad de expresi\u00f3n, llamados a las autoridades al respecto, medidas de protecci\u00f3n preventivas y reactivas, sobre el acoso judicial, criminalizaci\u00f3n del oficio period\u00edstico y la autocensura.<\/p>\n\n\n\n<p>Cuestionaron sobre las medidas de protecci\u00f3n a periodistas que se encuentran fuera de la entidad y por el acompa\u00f1amiento ante denuncias por persecuci\u00f3n pol\u00edtica derivada de trabajos relacionadas con la profesi\u00f3n; estado actual de las acciones informativas despu\u00e9s de la contingencia por las inundaciones en el norte del estado, atenci\u00f3n a las recomendaciones de auditor\u00edas y los convenios con instituciones educativas para capacitaci\u00f3n y profesionalizaci\u00f3n de integrantes de medios.<\/p>\n\n\n\n<p>Tras el mensaje de conclusi\u00f3n de las legisladoras Bertha Rosal\u00eda Ahued Malpica (Morena), Ana Rosa Vald\u00e9s Salazar (VNU) y Elizabeth Morales Garc\u00eda (PT) y de los legisladores Carlos Marcelo Ruiz S\u00e1nchez (PVEM) y Adri\u00e1n Sigfrido \u00c1vila Estrada (MC), la presidenta de la Comisi\u00f3n Permanente de Atenci\u00f3n y Protecci\u00f3n a Periodistas dio por concluido este acto de rendici\u00f3n de cuentas a las 18:19 horas.<\/p>\n","protected":false},"excerpt":{"rendered":"<p>Ante la Comisi\u00f3n Permanente de Atenci\u00f3n y Protecci\u00f3n de Periodistas, integrada por las diputadas Bertha Ahued Malpica, Daniela Flores Barnils y Astrid S\u00e1nchez Moguel, presidenta, secretaria y vocal, respectivamente, el&hellip;<\/p>\n","protected":false},"author":1,"featured_media":5068,"comment_status":"open","ping_status":"closed","sticky":false,"template":"","format":"standard","meta":{"footnotes":""},"categories":[71],"tags":[],"class_list":["post-5064","post","type-post","status-publish","format-standard","has-post-thumbnail","hentry","category-estatal"],"magazineBlocksPostFeaturedMedia":{"thumbnail":"https:\/\/vocesdeveracruz.com.mx\/wp-content\/uploads\/2026\/01\/FB_IMG_1769048958888-150x150.jpg","medium":"https:\/\/vocesdeveracruz.com.mx\/wp-content\/uploads\/2026\/01\/FB_IMG_1769048958888-300x204.jpg","medium_large":"https:\/\/vocesdeveracruz.com.mx\/wp-content\/uploads\/2026\/01\/FB_IMG_1769048958888-768x522.jpg","large":"https:\/\/vocesdeveracruz.com.mx\/wp-content\/uploads\/2026\/01\/FB_IMG_1769048958888-1024x696.jpg","1536x1536":"https:\/\/vocesdeveracruz.com.mx\/wp-content\/uploads\/2026\/01\/FB_IMG_1769048958888-1536x1044.jpg","2048x2048":"https:\/\/vocesdeveracruz.com.mx\/wp-content\/uploads\/2026\/01\/FB_IMG_1769048958888.jpg"},"magazineBlocksPostAuthor":{"name":"admin","avatar":"https:\/\/secure.gravatar.com\/avatar\/9d5013f9042ef2dfeb4122e9609da41e1858252ad644b84f2ec3a64ab59cceaf?s=96&d=mm&r=g"},"magazineBlocksPostCommentsNumber":"0","magazineBlocksPostExcerpt":"Ante la Comisi\u00f3n Permanente de Atenci\u00f3n y Protecci\u00f3n de Periodistas, integrada por las diputadas Bertha Ahued Malpica, Daniela Flores Barnils y Astrid S\u00e1nchez Moguel, presidenta, secretaria y vocal, respectivamente, el&hellip;","magazineBlocksPostCategories":["ESTATAL"],"magazineBlocksPostViewCount":143,"magazineBlocksPostReadTime":7,"magazine_blocks_featured_image_url":{"full":["https:\/\/vocesdeveracruz.com.mx\/wp-content\/uploads\/2026\/01\/FB_IMG_1769048958888.jpg",1600,1088,false],"medium":["https:\/\/vocesdeveracruz.com.mx\/wp-content\/uploads\/2026\/01\/FB_IMG_1769048958888-300x204.jpg",300,204,true],"thumbnail":["https:\/\/vocesdeveracruz.com.mx\/wp-content\/uploads\/2026\/01\/FB_IMG_1769048958888-150x150.jpg",150,150,true]},"magazine_blocks_author":{"display_name":"admin","author_link":"https:\/\/vocesdeveracruz.com.mx\/?author=1"},"magazine_blocks_comment":0,"magazine_blocks_author_image":"https:\/\/secure.gravatar.com\/avatar\/9d5013f9042ef2dfeb4122e9609da41e1858252ad644b84f2ec3a64ab59cceaf?s=96&d=mm&r=g","magazine_blocks_category":"<a href=\"https:\/\/vocesdeveracruz.com.mx\/?cat=71\" rel=\"category\">ESTATAL<\/a>","_links":{"self":[{"href":"https:\/\/vocesdeveracruz.com.mx\/index.php?rest_route=\/wp\/v2\/posts\/5064","targetHints":{"allow":["GET"]}}],"collection":[{"href":"https:\/\/vocesdeveracruz.com.mx\/index.php?rest_route=\/wp\/v2\/posts"}],"about":[{"href":"https:\/\/vocesdeveracruz.com.mx\/index.php?rest_route=\/wp\/v2\/types\/post"}],"author":[{"embeddable":true,"href":"https:\/\/vocesdeveracruz.com.mx\/index.php?rest_route=\/wp\/v2\/users\/1"}],"replies":[{"embeddable":true,"href":"https:\/\/vocesdeveracruz.com.mx\/index.php?rest_route=%2Fwp%2Fv2%2Fcomments&post=5064"}],"version-history":[{"count":1,"href":"https:\/\/vocesdeveracruz.com.mx\/index.php?rest_route=\/wp\/v2\/posts\/5064\/revisions"}],"predecessor-version":[{"id":5069,"href":"https:\/\/vocesdeveracruz.com.mx\/index.php?rest_route=\/wp\/v2\/posts\/5064\/revisions\/5069"}],"wp:featuredmedia":[{"embeddable":true,"href":"https:\/\/vocesdeveracruz.com.mx\/index.php?rest_route=\/wp\/v2\/media\/5068"}],"wp:attachment":[{"href":"https:\/\/vocesdeveracruz.com.mx\/index.php?rest_route=%2Fwp%2Fv2%2Fmedia&parent=5064"}],"wp:term":[{"taxonomy":"category","embeddable":true,"href":"https:\/\/vocesdeveracruz.com.mx\/index.php?rest_route=%2Fwp%2Fv2%2Fcategories&post=5064"},{"taxonomy":"post_tag","embeddable":true,"href":"https:\/\/vocesdeveracruz.com.mx\/index.php?rest_route=%2Fwp%2Fv2%2Ftags&post=5064"}],"curies":[{"name":"wp","href":"https:\/\/api.w.org\/{rel}","templated":true}]}}