{"id":5059,"date":"2026-01-21T14:15:55","date_gmt":"2026-01-21T20:15:55","guid":{"rendered":"https:\/\/vocesdeveracruz.com.mx\/?p=5059"},"modified":"2026-01-21T14:15:55","modified_gmt":"2026-01-21T20:15:55","slug":"responde-fge-a-veracruz-con-eficiencia-profesionalismo-e-innovacion","status":"publish","type":"post","link":"https:\/\/vocesdeveracruz.com.mx\/?p=5059","title":{"rendered":"Responde FGE a Veracruz con eficiencia, profesionalismo e innovaci\u00f3n"},"content":{"rendered":"\n<p>Durante su comparecencia ante el Congreso de Veracruz, la titular de la Fiscal\u00eda General del Estado (FGE), Lisbeth Aurelia Jim\u00e9nez Aguirre, expres\u00f3 su reconocimiento a la LXVII Legislatura por actualizar el marco legal en materia de investigaci\u00f3n de delitos del organismo aut\u00f3nomo a su cargo.<\/p>\n\n\n\n<p>Correspondi\u00f3 a la Comisi\u00f3n Permanente de Procuraci\u00f3n de Justicia, integrada por los diputados Diego Casta\u00f1eda Aburto, presidente, y Adri\u00e1n Sigfrido \u00c1vila Estrada, secretario, y la diputada Ingrid Jeny Calder\u00f3n Dom\u00ednguez, vocal, conducir este ejercicio de rendici\u00f3n de cuentas del periodo 2025.<\/p>\n\n\n\n<p>En su presentaci\u00f3n, la fiscal general mencion\u00f3 las 27 acciones del programa de modernizaci\u00f3n institucional, optimizaci\u00f3n de la operatividad y coordinaci\u00f3n interinstitucional puesto en marcha.<\/p>\n\n\n\n<p>Posteriormente, destac\u00f3 que la atenci\u00f3n dada por la Direcci\u00f3n de Mecanismos Alternativos de Soluci\u00f3n de Controversias, a trav\u00e9s de sus 28 oficinas en los 21 distritos judiciales de la entidad, a casi 23 mil 700 personas.<\/p>\n\n\n\n<p>As\u00ed como las acciones realizadas en las siete fiscal\u00edas regionales: Tantoyuca, Tuxpan, C\u00f3rdoba, Xalapa, Veracruz, Cosamaloapan y Coatzacoalcos, conformadas por Unidades y Sub-unidades Integrales de Procuraci\u00f3n de Justicia, como la apertura de m\u00e1s de 75 mil 500 carpetas de investigaci\u00f3n por delitos diversos.<\/p>\n\n\n\n<p>A su vez, la Fiscal\u00eda Especializada en Delitos contra las Mujeres, Feminicidio, Familia y Trata de Personas atendi\u00f3 a m\u00e1s de 98 mil usuarias e inici\u00f3 m\u00e1s de 18 mil carpetas de investigaci\u00f3n por violencia familiar, sexual, de g\u00e9nero, contra la ni\u00f1ez, la familia y la trata de personas.<\/p>\n\n\n\n<p>La Unidad Especializada en Combate al Secuestro, en sus cuatro coordinaciones con sedes en Tuxpan, Xalapa, C\u00f3rdoba y Coatzacoalcos, inform\u00f3 Lisbeth Jim\u00e9nez, dio asesor\u00eda jur\u00eddica, acompa\u00f1amiento, gesti\u00f3n de crisis y apoyo a m\u00e1s de tres mil 200 personas en investigaciones relacionadas con secuestro. Fueron liberadas 30 v\u00edctimas y obtenidas 53 sentencias condenatorias contra 128 personas, con penas que van de 50 hasta 140 a\u00f1os de prisi\u00f3n. A esto agreg\u00f3 95 detenciones.<\/p>\n\n\n\n<p>Mencion\u00f3 tambi\u00e9n la atenci\u00f3n a 47 casos de extorsi\u00f3n directa, la detenci\u00f3n de 49 personas y la inhabilitaci\u00f3n de m\u00e1s de cuatro mil 700 l\u00edneas telef\u00f3nicas utilizadas para este delito.<\/p>\n\n\n\n<p>La titular de la FGE dio a conocer las acciones de actualizaci\u00f3n, capacitaci\u00f3n y certificaci\u00f3n en derechos humanos, violencia de g\u00e9nero, atenci\u00f3n a v\u00edctimas, b\u00fasqueda de personas, desaparici\u00f3n forzada, justicia para adolescentes, mediaci\u00f3n penal y mecanismos alternativos de soluci\u00f3n de controversias, investigaci\u00f3n policial, criminal\u00edstica, medicina y gen\u00e9tica forense, cadena de custodia, litigaci\u00f3n, t\u00e9cnicas de interrogatorio, uso de la fuerza e inteligencia policial. Al cierre del ejercicio 2025, fueron capacitadas 14 mil 135 personas servidoras p\u00fablicas.<\/p>\n\n\n\n<p>Por \u00faltimo, la fiscal general inform\u00f3 acerca de la labor del Centro de Evaluaci\u00f3n y Control de Confianza, que valor\u00f3 a m\u00e1s de dos mil 300 personas y otorg\u00f3 713 certificados a polic\u00edas de Investigaci\u00f3n.<\/p>\n\n\n\n<div class=\"wp-block-columns is-layout-flex wp-container-core-columns-is-layout-9d6595d7 wp-block-columns-is-layout-flex\">\n<div class=\"wp-block-column is-layout-flow wp-block-column-is-layout-flow\">\n<figure class=\"wp-block-image size-large\"><img loading=\"lazy\" decoding=\"async\" width=\"1024\" height=\"682\" src=\"https:\/\/vocesdeveracruz.com.mx\/wp-content\/uploads\/2026\/01\/NOV21ENE2026FGE4-1024x682.jpg\" alt=\"\" class=\"wp-image-5061\" srcset=\"https:\/\/vocesdeveracruz.com.mx\/wp-content\/uploads\/2026\/01\/NOV21ENE2026FGE4-1024x682.jpg 1024w, https:\/\/vocesdeveracruz.com.mx\/wp-content\/uploads\/2026\/01\/NOV21ENE2026FGE4-300x200.jpg 300w, https:\/\/vocesdeveracruz.com.mx\/wp-content\/uploads\/2026\/01\/NOV21ENE2026FGE4-768x512.jpg 768w, https:\/\/vocesdeveracruz.com.mx\/wp-content\/uploads\/2026\/01\/NOV21ENE2026FGE4-1536x1023.jpg 1536w, https:\/\/vocesdeveracruz.com.mx\/wp-content\/uploads\/2026\/01\/NOV21ENE2026FGE4.jpg 1600w\" sizes=\"auto, (max-width: 1024px) 100vw, 1024px\" \/><\/figure>\n<\/div>\n\n\n\n<div class=\"wp-block-column is-layout-flow wp-block-column-is-layout-flow\">\n<figure class=\"wp-block-image size-large\"><img loading=\"lazy\" decoding=\"async\" width=\"1024\" height=\"682\" src=\"https:\/\/vocesdeveracruz.com.mx\/wp-content\/uploads\/2026\/01\/NOV21ENE2026FGE3-1024x682.jpg\" alt=\"\" class=\"wp-image-5062\" srcset=\"https:\/\/vocesdeveracruz.com.mx\/wp-content\/uploads\/2026\/01\/NOV21ENE2026FGE3-1024x682.jpg 1024w, https:\/\/vocesdeveracruz.com.mx\/wp-content\/uploads\/2026\/01\/NOV21ENE2026FGE3-300x200.jpg 300w, https:\/\/vocesdeveracruz.com.mx\/wp-content\/uploads\/2026\/01\/NOV21ENE2026FGE3-768x512.jpg 768w, https:\/\/vocesdeveracruz.com.mx\/wp-content\/uploads\/2026\/01\/NOV21ENE2026FGE3-1536x1023.jpg 1536w, https:\/\/vocesdeveracruz.com.mx\/wp-content\/uploads\/2026\/01\/NOV21ENE2026FGE3.jpg 1600w\" sizes=\"auto, (max-width: 1024px) 100vw, 1024px\" \/><\/figure>\n<\/div>\n<\/div>\n\n\n\n<p>Participaci\u00f3n de diputadas y diputados<\/p>\n\n\n\n<p>En la primera ronda, participaron las diputadas Ingrid Jeny Calder\u00f3n Dom\u00ednguez, del Grupo Legislativo de Morena; Indira de Jes\u00fas Rosales San Rom\u00e1n, del Grupo Legislativo del Partido Acci\u00f3n Nacional (PAN); Montserrat Ortega Ruiz, del Grupo Legislativo Mixto Veracruz Nos Une (VNU), y Mar\u00eda Elena C\u00f3rdova Molina, del partido Movimiento Ciudadano (MC), y los diputados Carlos Marcelo Ruiz S\u00e1nchez, del Grupo Legislativo del Partido Verde Ecologista de M\u00e9xico (PVEM) y Ram\u00f3n D\u00edaz \u00c1vila, del Partido del Trabajo (PT).<\/p>\n\n\n\n<p>Las preguntas formuladas versaron en la vinculaci\u00f3n por supuesto terrorismo a un periodista del sur del estado, garant\u00edas para ejercer la libertad de expresi\u00f3n, la investigaci\u00f3n del homicidio de un periodista de Poza Rica y papel de la Fiscal\u00eda Especializada en delitos cometidos contra el gremio.<\/p>\n\n\n\n<p>Tambi\u00e9n en cuanto a la investigaci\u00f3n por desv\u00edo de recursos de la Universidad Popular Aut\u00f3noma de Veracruz (UPAV), l\u00edneas de investigaci\u00f3n y acciones para asegurar reparaci\u00f3n del da\u00f1o y recuperaci\u00f3n de los recursos, integraci\u00f3n y resultados de carpetas, sentencias condenatorias, medidas contra impunidad y delitos que no se denuncian por falta de confianza en las instituciones.<\/p>\n\n\n\n<p>Sobre el avance de la Plataforma \u00danica de Identidad, n\u00famero de identificaciones a trav\u00e9s de perfiles gen\u00e9ticos y los criterios t\u00e9cnicos utilizados para diferenciar homicidios dolosos y feminicidios, mecanismos para identificar y perseguir los delitos de extorsi\u00f3n y robo, su incidencia, esclarecimiento y elementos a implementar para mejorar su judicializaci\u00f3n, la incorporaci\u00f3n del proyecto de la Carpeta de Investigaci\u00f3n Digital y los principales delitos atendidos en regiones ind\u00edgenas, si cuentan con int\u00e9rpretes y para qu\u00e9 lenguas.<\/p>\n\n\n\n<p>Adem\u00e1s, sobre las recomendaciones realizadas por la Comisi\u00f3n Estatal de Derechos Humanos de Veracruz (CEDHV), garant\u00edas para la aplicaci\u00f3n de la Ley Monse, as\u00ed como la coordinaci\u00f3n interinstitucional con autoridades y la autonom\u00eda de la FGE.<\/p>\n\n\n\n<p>En la segunda ronda, participaron las legisladoras Tanya Carola Viveros Ch\u00e1zaro (Morena), Tania Mar\u00eda Cruz Mej\u00eda (PVEM), Indira de Jes\u00fas Rosales San Rom\u00e1n (PAN), Elizabeth Morales Garc\u00eda (PT), y los legisladores H\u00e9ctor Yunes Landa (VNU) y Adri\u00e1n Sigfrido \u00c1vila Estrada (MC) con cuestionamientos referentes a la existencia de un supuesto c\u00e1rtel inmobiliario en Veracruz, seguimiento a denuncias por da\u00f1o patrimonial en el ejercicio fiscal 2024 y el impacto estrat\u00e9gico que representar\u00e1 la implementaci\u00f3n de la Ventanilla \u00danica Virtual para \u00f3rdenes de cateo.<\/p>\n\n\n\n<p>Le preguntaron tambi\u00e9n sobre la agenda de trabajo de la FGE con la comunidad LGBTQ+, medidas para investigar cr\u00edmenes de odio y evitar subregistro y la creaci\u00f3n de una fiscal\u00eda especializada en la materia, investigaciones en curso por feminicidio, violencia de g\u00e9nero, protecci\u00f3n al medio ambiente y bienestar animal y las \u00e1reas de mejora al interior de la FGE.<\/p>\n\n\n\n<p>En el mensaje final participaron las diputadas Naomi Edith G\u00f3mez Santos (Morena), Estefan\u00eda Bastida Cuevas (PVEM), Indira de Jes\u00fas Rosales (PAN) y Elizabeth Morales Garc\u00eda (PT) y los diputados H\u00e9ctor Yunes Landa (VNU) y Adri\u00e1n Sigfrido \u00c1vila Estrada (MC). Esta comparecencia, realizada en el auditorio Sebasti\u00e1n Lerdo de Tejada del Palacio Legislativo, inici\u00f3 a las 10:17 y concluy\u00f3 a las 12:35 horas.<\/p>\n","protected":false},"excerpt":{"rendered":"<p>Durante su comparecencia ante el Congreso de Veracruz, la titular de la Fiscal\u00eda General del Estado (FGE), Lisbeth Aurelia Jim\u00e9nez Aguirre, expres\u00f3 su reconocimiento a la LXVII Legislatura por actualizar&hellip;<\/p>\n","protected":false},"author":1,"featured_media":5060,"comment_status":"open","ping_status":"closed","sticky":false,"template":"","format":"standard","meta":{"footnotes":""},"categories":[71],"tags":[],"class_list":["post-5059","post","type-post","status-publish","format-standard","has-post-thumbnail","hentry","category-estatal"],"magazineBlocksPostFeaturedMedia":{"thumbnail":"https:\/\/vocesdeveracruz.com.mx\/wp-content\/uploads\/2026\/01\/NOV21ENE2026FGE2-150x150.jpg","medium":"https:\/\/vocesdeveracruz.com.mx\/wp-content\/uploads\/2026\/01\/NOV21ENE2026FGE2-300x200.jpg","medium_large":"https:\/\/vocesdeveracruz.com.mx\/wp-content\/uploads\/2026\/01\/NOV21ENE2026FGE2-768x512.jpg","large":"https:\/\/vocesdeveracruz.com.mx\/wp-content\/uploads\/2026\/01\/NOV21ENE2026FGE2-1024x682.jpg","1536x1536":"https:\/\/vocesdeveracruz.com.mx\/wp-content\/uploads\/2026\/01\/NOV21ENE2026FGE2-1536x1023.jpg","2048x2048":"https:\/\/vocesdeveracruz.com.mx\/wp-content\/uploads\/2026\/01\/NOV21ENE2026FGE2.jpg"},"magazineBlocksPostAuthor":{"name":"admin","avatar":"https:\/\/secure.gravatar.com\/avatar\/9d5013f9042ef2dfeb4122e9609da41e1858252ad644b84f2ec3a64ab59cceaf?s=96&d=mm&r=g"},"magazineBlocksPostCommentsNumber":"0","magazineBlocksPostExcerpt":"Durante su comparecencia ante el Congreso de Veracruz, la titular de la Fiscal\u00eda General del Estado (FGE), Lisbeth Aurelia Jim\u00e9nez Aguirre, expres\u00f3 su reconocimiento a la LXVII Legislatura por actualizar&hellip;","magazineBlocksPostCategories":["ESTATAL"],"magazineBlocksPostViewCount":140,"magazineBlocksPostReadTime":6,"magazine_blocks_featured_image_url":{"full":["https:\/\/vocesdeveracruz.com.mx\/wp-content\/uploads\/2026\/01\/NOV21ENE2026FGE2.jpg",1600,1066,false],"medium":["https:\/\/vocesdeveracruz.com.mx\/wp-content\/uploads\/2026\/01\/NOV21ENE2026FGE2-300x200.jpg",300,200,true],"thumbnail":["https:\/\/vocesdeveracruz.com.mx\/wp-content\/uploads\/2026\/01\/NOV21ENE2026FGE2-150x150.jpg",150,150,true]},"magazine_blocks_author":{"display_name":"admin","author_link":"https:\/\/vocesdeveracruz.com.mx\/?author=1"},"magazine_blocks_comment":0,"magazine_blocks_author_image":"https:\/\/secure.gravatar.com\/avatar\/9d5013f9042ef2dfeb4122e9609da41e1858252ad644b84f2ec3a64ab59cceaf?s=96&d=mm&r=g","magazine_blocks_category":"<a href=\"https:\/\/vocesdeveracruz.com.mx\/?cat=71\" rel=\"category\">ESTATAL<\/a>","_links":{"self":[{"href":"https:\/\/vocesdeveracruz.com.mx\/index.php?rest_route=\/wp\/v2\/posts\/5059","targetHints":{"allow":["GET"]}}],"collection":[{"href":"https:\/\/vocesdeveracruz.com.mx\/index.php?rest_route=\/wp\/v2\/posts"}],"about":[{"href":"https:\/\/vocesdeveracruz.com.mx\/index.php?rest_route=\/wp\/v2\/types\/post"}],"author":[{"embeddable":true,"href":"https:\/\/vocesdeveracruz.com.mx\/index.php?rest_route=\/wp\/v2\/users\/1"}],"replies":[{"embeddable":true,"href":"https:\/\/vocesdeveracruz.com.mx\/index.php?rest_route=%2Fwp%2Fv2%2Fcomments&post=5059"}],"version-history":[{"count":1,"href":"https:\/\/vocesdeveracruz.com.mx\/index.php?rest_route=\/wp\/v2\/posts\/5059\/revisions"}],"predecessor-version":[{"id":5063,"href":"https:\/\/vocesdeveracruz.com.mx\/index.php?rest_route=\/wp\/v2\/posts\/5059\/revisions\/5063"}],"wp:featuredmedia":[{"embeddable":true,"href":"https:\/\/vocesdeveracruz.com.mx\/index.php?rest_route=\/wp\/v2\/media\/5060"}],"wp:attachment":[{"href":"https:\/\/vocesdeveracruz.com.mx\/index.php?rest_route=%2Fwp%2Fv2%2Fmedia&parent=5059"}],"wp:term":[{"taxonomy":"category","embeddable":true,"href":"https:\/\/vocesdeveracruz.com.mx\/index.php?rest_route=%2Fwp%2Fv2%2Fcategories&post=5059"},{"taxonomy":"post_tag","embeddable":true,"href":"https:\/\/vocesdeveracruz.com.mx\/index.php?rest_route=%2Fwp%2Fv2%2Ftags&post=5059"}],"curies":[{"name":"wp","href":"https:\/\/api.w.org\/{rel}","templated":true}]}}