{"id":5049,"date":"2026-01-09T22:31:11","date_gmt":"2026-01-10T04:31:11","guid":{"rendered":"https:\/\/vocesdeveracruz.com.mx\/?p=5049"},"modified":"2026-01-09T22:31:11","modified_gmt":"2026-01-10T04:31:11","slug":"reunion-interinstitucional-fortalece-acciones-de-gobierno-en-platon-sanchez","status":"publish","type":"post","link":"https:\/\/vocesdeveracruz.com.mx\/?p=5049","title":{"rendered":"Reuni\u00f3n interinstitucional fortalece acciones de gobierno en Plat\u00f3n S\u00e1nchez"},"content":{"rendered":"\n<p><a><\/a>Plat\u00f3n S\u00e1nchez, Ver. \u2014 Con el objetivo de fortalecer la coordinaci\u00f3n y la comunicaci\u00f3n interinstitucional para atender los temas prioritarios de la poblaci\u00f3n, la alcaldesa Margarita del \u00c1ngel Vera sostuvo una reuni\u00f3n de trabajo con la Ing. Janeth Bautista Cruz, representante del Gobierno del Estado en la zona norte de Veracruz, y la Lic. Sandra Noely Flores Mart\u00ednez, delegada de Pol\u00edtica Regional.<\/p>\n\n\n\n<p>Durante el encuentro se analizaron diversas estrategias y l\u00edneas de acci\u00f3n enfocadas al desarrollo social, el mejoramiento de los servicios p\u00fablicos, el impulso a la infraestructura y el bienestar de las familias del municipio, reiterando el compromiso de las tres instancias de trabajar de manera coordinada para ofrecer respuestas oportunas a las principales necesidades de la ciudadan\u00eda.<\/p>\n\n\n\n<figure class=\"wp-block-image size-large\"><img loading=\"lazy\" decoding=\"async\" width=\"1024\" height=\"768\" src=\"https:\/\/vocesdeveracruz.com.mx\/wp-content\/uploads\/2026\/01\/612626217_122107047813186651_2564826051753349681_n-1024x768.jpg\" alt=\"\" class=\"wp-image-5050\" srcset=\"https:\/\/vocesdeveracruz.com.mx\/wp-content\/uploads\/2026\/01\/612626217_122107047813186651_2564826051753349681_n-1024x768.jpg 1024w, https:\/\/vocesdeveracruz.com.mx\/wp-content\/uploads\/2026\/01\/612626217_122107047813186651_2564826051753349681_n-300x225.jpg 300w, https:\/\/vocesdeveracruz.com.mx\/wp-content\/uploads\/2026\/01\/612626217_122107047813186651_2564826051753349681_n-768x576.jpg 768w, https:\/\/vocesdeveracruz.com.mx\/wp-content\/uploads\/2026\/01\/612626217_122107047813186651_2564826051753349681_n-1536x1152.jpg 1536w, https:\/\/vocesdeveracruz.com.mx\/wp-content\/uploads\/2026\/01\/612626217_122107047813186651_2564826051753349681_n.jpg 2048w\" sizes=\"auto, (max-width: 1024px) 100vw, 1024px\" \/><\/figure>\n\n\n\n<p>La alcaldesa Margarita del \u00c1ngel Vera subray\u00f3 la importancia de mantener una comunicaci\u00f3n permanente con los distintos niveles de gobierno, lo que permite una gesti\u00f3n m\u00e1s eficiente de programas, apoyos y proyectos que impacten de manera positiva en la calidad de vida de las y los platonsanchenses.<\/p>\n\n\n\n<p>Finalmente, las funcionarias coincidieron en que el trabajo conjunto y la suma de esfuerzos son fundamentales para consolidar un municipio con mayores oportunidades de desarrollo y mejores condiciones de vida para su poblaci\u00f3n.<\/p>\n","protected":false},"excerpt":{"rendered":"<p>Plat\u00f3n S\u00e1nchez, Ver. \u2014 Con el objetivo de fortalecer la coordinaci\u00f3n y la comunicaci\u00f3n interinstitucional para atender los temas prioritarios de la poblaci\u00f3n, la alcaldesa Margarita del \u00c1ngel Vera sostuvo&hellip;<\/p>\n","protected":false},"author":1,"featured_media":5051,"comment_status":"open","ping_status":"closed","sticky":false,"template":"","format":"standard","meta":{"footnotes":""},"categories":[75],"tags":[],"class_list":["post-5049","post","type-post","status-publish","format-standard","has-post-thumbnail","hentry","category-regional"],"magazineBlocksPostFeaturedMedia":{"thumbnail":"https:\/\/vocesdeveracruz.com.mx\/wp-content\/uploads\/2026\/01\/611171906_122107047495186651_4473188984313345338_n-150x150.jpg","medium":"https:\/\/vocesdeveracruz.com.mx\/wp-content\/uploads\/2026\/01\/611171906_122107047495186651_4473188984313345338_n-300x200.jpg","medium_large":"https:\/\/vocesdeveracruz.com.mx\/wp-content\/uploads\/2026\/01\/611171906_122107047495186651_4473188984313345338_n-768x511.jpg","large":"https:\/\/vocesdeveracruz.com.mx\/wp-content\/uploads\/2026\/01\/611171906_122107047495186651_4473188984313345338_n-1024x681.jpg","1536x1536":"https:\/\/vocesdeveracruz.com.mx\/wp-content\/uploads\/2026\/01\/611171906_122107047495186651_4473188984313345338_n.jpg","2048x2048":"https:\/\/vocesdeveracruz.com.mx\/wp-content\/uploads\/2026\/01\/611171906_122107047495186651_4473188984313345338_n.jpg"},"magazineBlocksPostAuthor":{"name":"admin","avatar":"https:\/\/secure.gravatar.com\/avatar\/9d5013f9042ef2dfeb4122e9609da41e1858252ad644b84f2ec3a64ab59cceaf?s=96&d=mm&r=g"},"magazineBlocksPostCommentsNumber":"0","magazineBlocksPostExcerpt":"Plat\u00f3n S\u00e1nchez, Ver. \u2014 Con el objetivo de fortalecer la coordinaci\u00f3n y la comunicaci\u00f3n interinstitucional para atender los temas prioritarios de la poblaci\u00f3n, la alcaldesa Margarita del \u00c1ngel Vera sostuvo&hellip;","magazineBlocksPostCategories":["REGIONAL"],"magazineBlocksPostViewCount":138,"magazineBlocksPostReadTime":2,"magazine_blocks_featured_image_url":{"full":["https:\/\/vocesdeveracruz.com.mx\/wp-content\/uploads\/2026\/01\/611171906_122107047495186651_4473188984313345338_n.jpg",1290,858,false],"medium":["https:\/\/vocesdeveracruz.com.mx\/wp-content\/uploads\/2026\/01\/611171906_122107047495186651_4473188984313345338_n-300x200.jpg",300,200,true],"thumbnail":["https:\/\/vocesdeveracruz.com.mx\/wp-content\/uploads\/2026\/01\/611171906_122107047495186651_4473188984313345338_n-150x150.jpg",150,150,true]},"magazine_blocks_author":{"display_name":"admin","author_link":"https:\/\/vocesdeveracruz.com.mx\/?author=1"},"magazine_blocks_comment":0,"magazine_blocks_author_image":"https:\/\/secure.gravatar.com\/avatar\/9d5013f9042ef2dfeb4122e9609da41e1858252ad644b84f2ec3a64ab59cceaf?s=96&d=mm&r=g","magazine_blocks_category":"<a href=\"https:\/\/vocesdeveracruz.com.mx\/?cat=75\" rel=\"category\">REGIONAL<\/a>","_links":{"self":[{"href":"https:\/\/vocesdeveracruz.com.mx\/index.php?rest_route=\/wp\/v2\/posts\/5049","targetHints":{"allow":["GET"]}}],"collection":[{"href":"https:\/\/vocesdeveracruz.com.mx\/index.php?rest_route=\/wp\/v2\/posts"}],"about":[{"href":"https:\/\/vocesdeveracruz.com.mx\/index.php?rest_route=\/wp\/v2\/types\/post"}],"author":[{"embeddable":true,"href":"https:\/\/vocesdeveracruz.com.mx\/index.php?rest_route=\/wp\/v2\/users\/1"}],"replies":[{"embeddable":true,"href":"https:\/\/vocesdeveracruz.com.mx\/index.php?rest_route=%2Fwp%2Fv2%2Fcomments&post=5049"}],"version-history":[{"count":1,"href":"https:\/\/vocesdeveracruz.com.mx\/index.php?rest_route=\/wp\/v2\/posts\/5049\/revisions"}],"predecessor-version":[{"id":5052,"href":"https:\/\/vocesdeveracruz.com.mx\/index.php?rest_route=\/wp\/v2\/posts\/5049\/revisions\/5052"}],"wp:featuredmedia":[{"embeddable":true,"href":"https:\/\/vocesdeveracruz.com.mx\/index.php?rest_route=\/wp\/v2\/media\/5051"}],"wp:attachment":[{"href":"https:\/\/vocesdeveracruz.com.mx\/index.php?rest_route=%2Fwp%2Fv2%2Fmedia&parent=5049"}],"wp:term":[{"taxonomy":"category","embeddable":true,"href":"https:\/\/vocesdeveracruz.com.mx\/index.php?rest_route=%2Fwp%2Fv2%2Fcategories&post=5049"},{"taxonomy":"post_tag","embeddable":true,"href":"https:\/\/vocesdeveracruz.com.mx\/index.php?rest_route=%2Fwp%2Fv2%2Ftags&post=5049"}],"curies":[{"name":"wp","href":"https:\/\/api.w.org\/{rel}","templated":true}]}}