{"id":5045,"date":"2026-01-09T22:25:16","date_gmt":"2026-01-10T04:25:16","guid":{"rendered":"https:\/\/vocesdeveracruz.com.mx\/?p=5045"},"modified":"2026-01-09T22:25:16","modified_gmt":"2026-01-10T04:25:16","slug":"upav-suspende-clases-el-10-de-enero-en-estos-5-municipios-de-veracruz-por-nuevo-frente-frio","status":"publish","type":"post","link":"https:\/\/vocesdeveracruz.com.mx\/?p=5045","title":{"rendered":"UPAV suspende clases el 10 de enero en estos 5 municipios de Veracruz, por nuevo frente fr\u00edo"},"content":{"rendered":"\n<p>La Universidad Popular Aut\u00f3noma de&nbsp;<strong>Veracruz&nbsp;<\/strong>(<strong>UPAV<\/strong>) anunci\u00f3 la<strong>&nbsp;cancelaci\u00f3n de clases&nbsp;<\/strong>en cinco municipios de&nbsp;<strong>Veracruz&nbsp;<\/strong>por el ingreso de<strong>l Frente Fr\u00edo n\u00famero 27<\/strong>&nbsp;al estado. El comunicado se difundi\u00f3 a trav\u00e9s de redes sociales la tarde de este viernes 9 de enero.<\/p>\n\n\n\n<p>Seg\u00fan reportes de&nbsp;<a href=\"https:\/\/www.facebook.com\/cepm.civil\"><strong>Protecci\u00f3n Civil<\/strong><\/a>&nbsp;(PC), ser\u00e1 este s\u00e1bado 10 de enero cuando el&nbsp;<strong>Frente Fr\u00edo n\u00famero 27<\/strong>&nbsp;llegue al estado de&nbsp;<strong>Veracruz&nbsp;<\/strong>y afecte a diversos&nbsp;<strong>municipios<\/strong>, por lo que autoridades estatales mantienen una<strong>&nbsp;alerta gris<\/strong>&nbsp;en la zona costera central y sur de&nbsp;<strong>Veracruz<\/strong>.<\/p>\n\n\n\n<p>En el&nbsp;<a href=\"https:\/\/www.facebook.com\/upav.edu\/posts\/pfbid038LQvSfTpxQ8xa55DzXdgABw1cRJadyDnwpsxaPwnRst9Hp2SPuRqWUSgp2RWPzVMl?rdid=Xg1k8cQrIgIZhKLB#\">comunicado<\/a>, la&nbsp;<strong>UPAV<\/strong>&nbsp;anunci\u00f3 que<strong>&nbsp;<\/strong>suspende las&nbsp;<strong>asesor\u00edas&nbsp;<\/strong>en las coordinaciones solidarias -es decir, donde se imparten&nbsp;<strong>clases<\/strong>-, en los municipios de&nbsp;<strong>La Antigua<\/strong>,&nbsp;<strong>Veracruz<\/strong>,&nbsp;<strong>San Andr\u00e9s Tuxtla, Alvarado y Coatzacoalcos&nbsp;<\/strong>este s\u00e1bado 10 de enero,&nbsp;como medida de prevenci\u00f3n ante las condiciones metereol\u00f3gicas.<\/p>\n\n\n\n<figure class=\"wp-block-image size-full\"><img loading=\"lazy\" decoding=\"async\" width=\"768\" height=\"960\" src=\"https:\/\/vocesdeveracruz.com.mx\/wp-content\/uploads\/2026\/01\/f768x1-823118_823245_5050.webp\" alt=\"\" class=\"wp-image-5047\" srcset=\"https:\/\/vocesdeveracruz.com.mx\/wp-content\/uploads\/2026\/01\/f768x1-823118_823245_5050.webp 768w, https:\/\/vocesdeveracruz.com.mx\/wp-content\/uploads\/2026\/01\/f768x1-823118_823245_5050-240x300.webp 240w\" sizes=\"auto, (max-width: 768px) 100vw, 768px\" \/><\/figure>\n\n\n\n<h2 class=\"wp-block-heading\">As\u00ed ser\u00e1 el Frente Fr\u00edo n\u00famero 27 en Veracruz<\/h2>\n\n\n\n<p>De acuerdo con informaci\u00f3n de&nbsp;<strong>Protecci\u00f3n Civil<\/strong>&nbsp;(PC), el<strong>&nbsp;Frente Fr\u00edo n\u00famero 27<\/strong>&nbsp;es el primero del a\u00f1o que impactar\u00e1 directamente en el estado de&nbsp;<strong>Veracruz<\/strong>.&nbsp;<\/p>\n\n\n\n<p>Seg\u00fan&nbsp;<strong>comunicados&nbsp;<\/strong>y pron\u00f3sticos, se preve\u00e9 que el&nbsp;<strong>Frente Fr\u00edo&nbsp;<\/strong>n\u00famero 27 ocasione rachas de hasta 110 km\/hr y lluvias intensas este s\u00e1bado 10 de enero.<\/p>\n\n\n\n<p>El Frente Fr\u00edo n\u00famero 27 llegar\u00e1 hasta el puerto de Tuxpan alrededor de las 12:00 p.m., mientras que en la costa central ser\u00e1 durante la tarde. Seg\u00fan PC, ser\u00e1 alrededor de las 7:00 y 8:00 p.m. que las rachas de viento lleguen al municipio de Coatzacoalcos.<\/p>\n","protected":false},"excerpt":{"rendered":"<p>La Universidad Popular Aut\u00f3noma de&nbsp;Veracruz&nbsp;(UPAV) anunci\u00f3 la&nbsp;cancelaci\u00f3n de clases&nbsp;en cinco municipios de&nbsp;Veracruz&nbsp;por el ingreso del Frente Fr\u00edo n\u00famero 27&nbsp;al estado. El comunicado se difundi\u00f3 a trav\u00e9s de redes sociales la&hellip;<\/p>\n","protected":false},"author":1,"featured_media":5046,"comment_status":"open","ping_status":"closed","sticky":false,"template":"","format":"standard","meta":{"footnotes":""},"categories":[71],"tags":[],"class_list":["post-5045","post","type-post","status-publish","format-standard","has-post-thumbnail","hentry","category-estatal"],"magazineBlocksPostFeaturedMedia":{"thumbnail":"https:\/\/vocesdeveracruz.com.mx\/wp-content\/uploads\/2026\/01\/luvias-en-mexico-041850-1024x576-1-150x150.jpg","medium":"https:\/\/vocesdeveracruz.com.mx\/wp-content\/uploads\/2026\/01\/luvias-en-mexico-041850-1024x576-1-300x169.jpg","medium_large":"https:\/\/vocesdeveracruz.com.mx\/wp-content\/uploads\/2026\/01\/luvias-en-mexico-041850-1024x576-1-768x432.jpg","large":"https:\/\/vocesdeveracruz.com.mx\/wp-content\/uploads\/2026\/01\/luvias-en-mexico-041850-1024x576-1.jpg","1536x1536":"https:\/\/vocesdeveracruz.com.mx\/wp-content\/uploads\/2026\/01\/luvias-en-mexico-041850-1024x576-1.jpg","2048x2048":"https:\/\/vocesdeveracruz.com.mx\/wp-content\/uploads\/2026\/01\/luvias-en-mexico-041850-1024x576-1.jpg"},"magazineBlocksPostAuthor":{"name":"admin","avatar":"https:\/\/secure.gravatar.com\/avatar\/9d5013f9042ef2dfeb4122e9609da41e1858252ad644b84f2ec3a64ab59cceaf?s=96&d=mm&r=g"},"magazineBlocksPostCommentsNumber":"0","magazineBlocksPostExcerpt":"La Universidad Popular Aut\u00f3noma de&nbsp;Veracruz&nbsp;(UPAV) anunci\u00f3 la&nbsp;cancelaci\u00f3n de clases&nbsp;en cinco municipios de&nbsp;Veracruz&nbsp;por el ingreso del Frente Fr\u00edo n\u00famero 27&nbsp;al estado. El comunicado se difundi\u00f3 a trav\u00e9s de redes sociales la&hellip;","magazineBlocksPostCategories":["ESTATAL"],"magazineBlocksPostViewCount":141,"magazineBlocksPostReadTime":2,"magazine_blocks_featured_image_url":{"full":["https:\/\/vocesdeveracruz.com.mx\/wp-content\/uploads\/2026\/01\/luvias-en-mexico-041850-1024x576-1.jpg",1024,576,false],"medium":["https:\/\/vocesdeveracruz.com.mx\/wp-content\/uploads\/2026\/01\/luvias-en-mexico-041850-1024x576-1-300x169.jpg",300,169,true],"thumbnail":["https:\/\/vocesdeveracruz.com.mx\/wp-content\/uploads\/2026\/01\/luvias-en-mexico-041850-1024x576-1-150x150.jpg",150,150,true]},"magazine_blocks_author":{"display_name":"admin","author_link":"https:\/\/vocesdeveracruz.com.mx\/?author=1"},"magazine_blocks_comment":0,"magazine_blocks_author_image":"https:\/\/secure.gravatar.com\/avatar\/9d5013f9042ef2dfeb4122e9609da41e1858252ad644b84f2ec3a64ab59cceaf?s=96&d=mm&r=g","magazine_blocks_category":"<a href=\"https:\/\/vocesdeveracruz.com.mx\/?cat=71\" rel=\"category\">ESTATAL<\/a>","_links":{"self":[{"href":"https:\/\/vocesdeveracruz.com.mx\/index.php?rest_route=\/wp\/v2\/posts\/5045","targetHints":{"allow":["GET"]}}],"collection":[{"href":"https:\/\/vocesdeveracruz.com.mx\/index.php?rest_route=\/wp\/v2\/posts"}],"about":[{"href":"https:\/\/vocesdeveracruz.com.mx\/index.php?rest_route=\/wp\/v2\/types\/post"}],"author":[{"embeddable":true,"href":"https:\/\/vocesdeveracruz.com.mx\/index.php?rest_route=\/wp\/v2\/users\/1"}],"replies":[{"embeddable":true,"href":"https:\/\/vocesdeveracruz.com.mx\/index.php?rest_route=%2Fwp%2Fv2%2Fcomments&post=5045"}],"version-history":[{"count":1,"href":"https:\/\/vocesdeveracruz.com.mx\/index.php?rest_route=\/wp\/v2\/posts\/5045\/revisions"}],"predecessor-version":[{"id":5048,"href":"https:\/\/vocesdeveracruz.com.mx\/index.php?rest_route=\/wp\/v2\/posts\/5045\/revisions\/5048"}],"wp:featuredmedia":[{"embeddable":true,"href":"https:\/\/vocesdeveracruz.com.mx\/index.php?rest_route=\/wp\/v2\/media\/5046"}],"wp:attachment":[{"href":"https:\/\/vocesdeveracruz.com.mx\/index.php?rest_route=%2Fwp%2Fv2%2Fmedia&parent=5045"}],"wp:term":[{"taxonomy":"category","embeddable":true,"href":"https:\/\/vocesdeveracruz.com.mx\/index.php?rest_route=%2Fwp%2Fv2%2Fcategories&post=5045"},{"taxonomy":"post_tag","embeddable":true,"href":"https:\/\/vocesdeveracruz.com.mx\/index.php?rest_route=%2Fwp%2Fv2%2Ftags&post=5045"}],"curies":[{"name":"wp","href":"https:\/\/api.w.org\/{rel}","templated":true}]}}