{"id":5040,"date":"2026-01-09T21:07:00","date_gmt":"2026-01-10T03:07:00","guid":{"rendered":"https:\/\/vocesdeveracruz.com.mx\/?p=5040"},"modified":"2026-01-09T21:07:00","modified_gmt":"2026-01-10T03:07:00","slug":"avanza-proyecto-de-nueva-escultura-e-identidad-visual-de-la-casa-de-cutlura-de-tantoyuca","status":"publish","type":"post","link":"https:\/\/vocesdeveracruz.com.mx\/?p=5040","title":{"rendered":"AVANZA PROYECTO DE NUEVA ESCULTURA E IDENTIDAD VISUAL DE LA CASA DE CUTLURA\u00a0DE TANTOYUCA\u00a0"},"content":{"rendered":"\n<p><\/p>\n\n\n\n<p>Tantoyuca,&nbsp;Ver.\u2013&nbsp;El H. Ayuntamiento de Tantoyuca inform\u00f3 a la ciudadan\u00eda sobre los avances en la construcci\u00f3n de la nueva escultura municipal, un proyecto que tiene como objetivo fortalecer la identidad, historia y valores que distinguen a las y los&nbsp;tantoyuquenses.&nbsp;<\/p>\n\n\n\n<p>Las autoridades municipales se\u00f1alaron que esta obra busca convertirse en un s\u00edmbolo representativo del municipio, resaltando sus ra\u00edces, tradiciones y el sentido de pertenencia de la poblaci\u00f3n.&nbsp;<\/p>\n\n\n\n<p>Asimismo, se dio a conocer que el logotipo institucional de la administraci\u00f3n pasada ser\u00e1 sustituido, con la finalidad de contar con una imagen renovada que refleje de manera aut\u00e9ntica la esencia y caracter\u00edsticas de Tantoyuca.&nbsp;<\/p>\n\n\n\n<p>El gobierno municipal reiter\u00f3 que contin\u00faa trabajando con responsabilidad y compromiso en la consolidaci\u00f3n de espacios e identidad que representen fielmente lo que el municipio es y el origen de su gente.&nbsp;<\/p>\n\n\n\n<div class=\"wp-block-columns is-layout-flex wp-container-core-columns-is-layout-9d6595d7 wp-block-columns-is-layout-flex\">\n<div class=\"wp-block-column is-layout-flow wp-block-column-is-layout-flow\">\n<figure class=\"wp-block-image size-large\"><img loading=\"lazy\" decoding=\"async\" width=\"1024\" height=\"694\" src=\"https:\/\/vocesdeveracruz.com.mx\/wp-content\/uploads\/2026\/01\/612056436_122108149509172044_5545354221082152121_n-1024x694.jpg\" alt=\"\" class=\"wp-image-5042\" srcset=\"https:\/\/vocesdeveracruz.com.mx\/wp-content\/uploads\/2026\/01\/612056436_122108149509172044_5545354221082152121_n-1024x694.jpg 1024w, https:\/\/vocesdeveracruz.com.mx\/wp-content\/uploads\/2026\/01\/612056436_122108149509172044_5545354221082152121_n-300x203.jpg 300w, https:\/\/vocesdeveracruz.com.mx\/wp-content\/uploads\/2026\/01\/612056436_122108149509172044_5545354221082152121_n-768x520.jpg 768w, https:\/\/vocesdeveracruz.com.mx\/wp-content\/uploads\/2026\/01\/612056436_122108149509172044_5545354221082152121_n.jpg 1320w\" sizes=\"auto, (max-width: 1024px) 100vw, 1024px\" \/><\/figure>\n<\/div>\n\n\n\n<div class=\"wp-block-column is-layout-flow wp-block-column-is-layout-flow\">\n<figure class=\"wp-block-image size-full\"><img loading=\"lazy\" decoding=\"async\" width=\"842\" height=\"595\" src=\"https:\/\/vocesdeveracruz.com.mx\/wp-content\/uploads\/2026\/01\/612061205_122108149101172044_3427095881586229186_n.jpg\" alt=\"\" class=\"wp-image-5043\" srcset=\"https:\/\/vocesdeveracruz.com.mx\/wp-content\/uploads\/2026\/01\/612061205_122108149101172044_3427095881586229186_n.jpg 842w, https:\/\/vocesdeveracruz.com.mx\/wp-content\/uploads\/2026\/01\/612061205_122108149101172044_3427095881586229186_n-300x212.jpg 300w, https:\/\/vocesdeveracruz.com.mx\/wp-content\/uploads\/2026\/01\/612061205_122108149101172044_3427095881586229186_n-768x543.jpg 768w\" sizes=\"auto, (max-width: 842px) 100vw, 842px\" \/><\/figure>\n<\/div>\n<\/div>\n","protected":false},"excerpt":{"rendered":"<p>Tantoyuca,&nbsp;Ver.\u2013&nbsp;El H. Ayuntamiento de Tantoyuca inform\u00f3 a la ciudadan\u00eda sobre los avances en la construcci\u00f3n de la nueva escultura municipal, un proyecto que tiene como objetivo fortalecer la identidad, historia&hellip;<\/p>\n","protected":false},"author":1,"featured_media":5041,"comment_status":"open","ping_status":"closed","sticky":false,"template":"","format":"standard","meta":{"footnotes":""},"categories":[75],"tags":[],"class_list":["post-5040","post","type-post","status-publish","format-standard","has-post-thumbnail","hentry","category-regional"],"magazineBlocksPostFeaturedMedia":{"thumbnail":"https:\/\/vocesdeveracruz.com.mx\/wp-content\/uploads\/2026\/01\/613425397_122108149467172044_8968171291195220400_n-copia-150x150.jpg","medium":"https:\/\/vocesdeveracruz.com.mx\/wp-content\/uploads\/2026\/01\/613425397_122108149467172044_8968171291195220400_n-copia-300x150.jpg","medium_large":"https:\/\/vocesdeveracruz.com.mx\/wp-content\/uploads\/2026\/01\/613425397_122108149467172044_8968171291195220400_n-copia-768x384.jpg","large":"https:\/\/vocesdeveracruz.com.mx\/wp-content\/uploads\/2026\/01\/613425397_122108149467172044_8968171291195220400_n-copia-1024x512.jpg","1536x1536":"https:\/\/vocesdeveracruz.com.mx\/wp-content\/uploads\/2026\/01\/613425397_122108149467172044_8968171291195220400_n-copia-1536x768.jpg","2048x2048":"https:\/\/vocesdeveracruz.com.mx\/wp-content\/uploads\/2026\/01\/613425397_122108149467172044_8968171291195220400_n-copia-2048x1024.jpg"},"magazineBlocksPostAuthor":{"name":"admin","avatar":"https:\/\/secure.gravatar.com\/avatar\/9d5013f9042ef2dfeb4122e9609da41e1858252ad644b84f2ec3a64ab59cceaf?s=96&d=mm&r=g"},"magazineBlocksPostCommentsNumber":"0","magazineBlocksPostExcerpt":"Tantoyuca,&nbsp;Ver.\u2013&nbsp;El H. Ayuntamiento de Tantoyuca inform\u00f3 a la ciudadan\u00eda sobre los avances en la construcci\u00f3n de la nueva escultura municipal, un proyecto que tiene como objetivo fortalecer la identidad, historia&hellip;","magazineBlocksPostCategories":["REGIONAL"],"magazineBlocksPostViewCount":132,"magazineBlocksPostReadTime":1,"magazine_blocks_featured_image_url":{"full":["https:\/\/vocesdeveracruz.com.mx\/wp-content\/uploads\/2026\/01\/613425397_122108149467172044_8968171291195220400_n-copia.jpg",2100,1050,false],"medium":["https:\/\/vocesdeveracruz.com.mx\/wp-content\/uploads\/2026\/01\/613425397_122108149467172044_8968171291195220400_n-copia-300x150.jpg",300,150,true],"thumbnail":["https:\/\/vocesdeveracruz.com.mx\/wp-content\/uploads\/2026\/01\/613425397_122108149467172044_8968171291195220400_n-copia-150x150.jpg",150,150,true]},"magazine_blocks_author":{"display_name":"admin","author_link":"https:\/\/vocesdeveracruz.com.mx\/?author=1"},"magazine_blocks_comment":0,"magazine_blocks_author_image":"https:\/\/secure.gravatar.com\/avatar\/9d5013f9042ef2dfeb4122e9609da41e1858252ad644b84f2ec3a64ab59cceaf?s=96&d=mm&r=g","magazine_blocks_category":"<a href=\"https:\/\/vocesdeveracruz.com.mx\/?cat=75\" rel=\"category\">REGIONAL<\/a>","_links":{"self":[{"href":"https:\/\/vocesdeveracruz.com.mx\/index.php?rest_route=\/wp\/v2\/posts\/5040","targetHints":{"allow":["GET"]}}],"collection":[{"href":"https:\/\/vocesdeveracruz.com.mx\/index.php?rest_route=\/wp\/v2\/posts"}],"about":[{"href":"https:\/\/vocesdeveracruz.com.mx\/index.php?rest_route=\/wp\/v2\/types\/post"}],"author":[{"embeddable":true,"href":"https:\/\/vocesdeveracruz.com.mx\/index.php?rest_route=\/wp\/v2\/users\/1"}],"replies":[{"embeddable":true,"href":"https:\/\/vocesdeveracruz.com.mx\/index.php?rest_route=%2Fwp%2Fv2%2Fcomments&post=5040"}],"version-history":[{"count":1,"href":"https:\/\/vocesdeveracruz.com.mx\/index.php?rest_route=\/wp\/v2\/posts\/5040\/revisions"}],"predecessor-version":[{"id":5044,"href":"https:\/\/vocesdeveracruz.com.mx\/index.php?rest_route=\/wp\/v2\/posts\/5040\/revisions\/5044"}],"wp:featuredmedia":[{"embeddable":true,"href":"https:\/\/vocesdeveracruz.com.mx\/index.php?rest_route=\/wp\/v2\/media\/5041"}],"wp:attachment":[{"href":"https:\/\/vocesdeveracruz.com.mx\/index.php?rest_route=%2Fwp%2Fv2%2Fmedia&parent=5040"}],"wp:term":[{"taxonomy":"category","embeddable":true,"href":"https:\/\/vocesdeveracruz.com.mx\/index.php?rest_route=%2Fwp%2Fv2%2Fcategories&post=5040"},{"taxonomy":"post_tag","embeddable":true,"href":"https:\/\/vocesdeveracruz.com.mx\/index.php?rest_route=%2Fwp%2Fv2%2Ftags&post=5040"}],"curies":[{"name":"wp","href":"https:\/\/api.w.org\/{rel}","templated":true}]}}