{"id":5026,"date":"2025-12-16T16:53:37","date_gmt":"2025-12-16T22:53:37","guid":{"rendered":"https:\/\/vocesdeveracruz.com.mx\/?p=5026"},"modified":"2025-12-16T16:53:37","modified_gmt":"2025-12-16T22:53:37","slug":"realiza-congreso-convivio-con-periodistas-que-cubren-la-fuente-legislativa","status":"publish","type":"post","link":"https:\/\/vocesdeveracruz.com.mx\/?p=5026","title":{"rendered":"Realiza Congreso convivio con periodistas que cubren la fuente legislativa"},"content":{"rendered":"\n<p>Con el prop\u00f3sito de fortalecer los lazos de colaboraci\u00f3n y reconocimiento al trabajo informativo, el Congreso del Estado, a trav\u00e9s del presidente de la Junta de Coordinaci\u00f3n Pol\u00edtica (Jucopo), diputado Esteban Bautista Hern\u00e1ndez, y de la presidenta de la Mesa Directiva, diputada Naomi Edith G\u00f3mez Santos, convivi\u00f3 con las y los integrantes de los medios de comunicaci\u00f3n que cubren las actividades del Poder Legislativo de Veracruz.<\/p>\n\n\n\n<p>Tras celebrar por el a\u00f1o que concluye y desear parabienes para las y los comunicadores y sus familias, el diputado Bautista Hern\u00e1ndez expres\u00f3 su agradecimiento a las y los periodistas que cubren la fuente legislativa por su labor en la difusi\u00f3n respecto al trabajo que efect\u00faan los representantes populares en beneficio de la poblaci\u00f3n veracruzana.<\/p>\n\n\n\n<p>En el mismo sentido, reconoci\u00f3 que, para que una sociedad avance, es necesario la pluralidad y la cr\u00edtica, \u201ctoda vez que son parte esencial para que una democracia se fortalezca y se alineen las pol\u00edticas p\u00fablicas planteadas con el bienestar real de la ciudadan\u00eda\u201d, indic\u00f3.<\/p>\n\n\n\n<figure class=\"wp-block-image size-large\"><img loading=\"lazy\" decoding=\"async\" width=\"1024\" height=\"682\" src=\"https:\/\/vocesdeveracruz.com.mx\/wp-content\/uploads\/2025\/12\/NOV16DIC2025CONVIVIOMEDIOS3-1024x682.jpg\" alt=\"\" class=\"wp-image-5028\" srcset=\"https:\/\/vocesdeveracruz.com.mx\/wp-content\/uploads\/2025\/12\/NOV16DIC2025CONVIVIOMEDIOS3-1024x682.jpg 1024w, https:\/\/vocesdeveracruz.com.mx\/wp-content\/uploads\/2025\/12\/NOV16DIC2025CONVIVIOMEDIOS3-300x200.jpg 300w, https:\/\/vocesdeveracruz.com.mx\/wp-content\/uploads\/2025\/12\/NOV16DIC2025CONVIVIOMEDIOS3-768x512.jpg 768w, https:\/\/vocesdeveracruz.com.mx\/wp-content\/uploads\/2025\/12\/NOV16DIC2025CONVIVIOMEDIOS3-1536x1023.jpg 1536w, https:\/\/vocesdeveracruz.com.mx\/wp-content\/uploads\/2025\/12\/NOV16DIC2025CONVIVIOMEDIOS3.jpg 1600w\" sizes=\"auto, (max-width: 1024px) 100vw, 1024px\" \/><\/figure>\n\n\n\n<p>Dijo que, \u201cel Congreso de Veracruz se ha caracterizado por ser de puertas abiertas, para escuchar y considerar todas las voces y opiniones, podremos estar de acuerdo o no, pero esa es la libertad que el gremio tiene y deben defender\u201d.<\/p>\n\n\n\n<p>En tanto, la legisladora Naomi Edith G\u00f3mez Santos destac\u00f3 la importancia de la labor que realizan diariamente las y los periodistas, \u201cpues representan un pilar fundamental de la situaci\u00f3n pol\u00edtica y social que vive Veracruz y es un honor compartir este espacio con ustedes. Solo me resta desearles una feliz navidad en compa\u00f1\u00eda de sus familias, en dicha y coraz\u00f3n\u201d, finaliz\u00f3.<\/p>\n","protected":false},"excerpt":{"rendered":"<p>Con el prop\u00f3sito de fortalecer los lazos de colaboraci\u00f3n y reconocimiento al trabajo informativo, el Congreso del Estado, a trav\u00e9s del presidente de la Junta de Coordinaci\u00f3n Pol\u00edtica (Jucopo), diputado&hellip;<\/p>\n","protected":false},"author":1,"featured_media":5027,"comment_status":"open","ping_status":"closed","sticky":false,"template":"","format":"standard","meta":{"footnotes":""},"categories":[71],"tags":[],"class_list":["post-5026","post","type-post","status-publish","format-standard","has-post-thumbnail","hentry","category-estatal"],"magazineBlocksPostFeaturedMedia":{"thumbnail":"https:\/\/vocesdeveracruz.com.mx\/wp-content\/uploads\/2025\/12\/NOV16DIC2025CONVIVIOMEDIOS1-150x150.jpg","medium":"https:\/\/vocesdeveracruz.com.mx\/wp-content\/uploads\/2025\/12\/NOV16DIC2025CONVIVIOMEDIOS1-300x200.jpg","medium_large":"https:\/\/vocesdeveracruz.com.mx\/wp-content\/uploads\/2025\/12\/NOV16DIC2025CONVIVIOMEDIOS1-768x512.jpg","large":"https:\/\/vocesdeveracruz.com.mx\/wp-content\/uploads\/2025\/12\/NOV16DIC2025CONVIVIOMEDIOS1-1024x683.jpg","1536x1536":"https:\/\/vocesdeveracruz.com.mx\/wp-content\/uploads\/2025\/12\/NOV16DIC2025CONVIVIOMEDIOS1.jpg","2048x2048":"https:\/\/vocesdeveracruz.com.mx\/wp-content\/uploads\/2025\/12\/NOV16DIC2025CONVIVIOMEDIOS1.jpg"},"magazineBlocksPostAuthor":{"name":"admin","avatar":"https:\/\/secure.gravatar.com\/avatar\/9d5013f9042ef2dfeb4122e9609da41e1858252ad644b84f2ec3a64ab59cceaf?s=96&d=mm&r=g"},"magazineBlocksPostCommentsNumber":"0","magazineBlocksPostExcerpt":"Con el prop\u00f3sito de fortalecer los lazos de colaboraci\u00f3n y reconocimiento al trabajo informativo, el Congreso del Estado, a trav\u00e9s del presidente de la Junta de Coordinaci\u00f3n Pol\u00edtica (Jucopo), diputado&hellip;","magazineBlocksPostCategories":["ESTATAL"],"magazineBlocksPostViewCount":109,"magazineBlocksPostReadTime":2,"magazine_blocks_featured_image_url":{"full":["https:\/\/vocesdeveracruz.com.mx\/wp-content\/uploads\/2025\/12\/NOV16DIC2025CONVIVIOMEDIOS1.jpg",1280,854,false],"medium":["https:\/\/vocesdeveracruz.com.mx\/wp-content\/uploads\/2025\/12\/NOV16DIC2025CONVIVIOMEDIOS1-300x200.jpg",300,200,true],"thumbnail":["https:\/\/vocesdeveracruz.com.mx\/wp-content\/uploads\/2025\/12\/NOV16DIC2025CONVIVIOMEDIOS1-150x150.jpg",150,150,true]},"magazine_blocks_author":{"display_name":"admin","author_link":"https:\/\/vocesdeveracruz.com.mx\/?author=1"},"magazine_blocks_comment":0,"magazine_blocks_author_image":"https:\/\/secure.gravatar.com\/avatar\/9d5013f9042ef2dfeb4122e9609da41e1858252ad644b84f2ec3a64ab59cceaf?s=96&d=mm&r=g","magazine_blocks_category":"<a href=\"https:\/\/vocesdeveracruz.com.mx\/?cat=71\" rel=\"category\">ESTATAL<\/a>","_links":{"self":[{"href":"https:\/\/vocesdeveracruz.com.mx\/index.php?rest_route=\/wp\/v2\/posts\/5026","targetHints":{"allow":["GET"]}}],"collection":[{"href":"https:\/\/vocesdeveracruz.com.mx\/index.php?rest_route=\/wp\/v2\/posts"}],"about":[{"href":"https:\/\/vocesdeveracruz.com.mx\/index.php?rest_route=\/wp\/v2\/types\/post"}],"author":[{"embeddable":true,"href":"https:\/\/vocesdeveracruz.com.mx\/index.php?rest_route=\/wp\/v2\/users\/1"}],"replies":[{"embeddable":true,"href":"https:\/\/vocesdeveracruz.com.mx\/index.php?rest_route=%2Fwp%2Fv2%2Fcomments&post=5026"}],"version-history":[{"count":1,"href":"https:\/\/vocesdeveracruz.com.mx\/index.php?rest_route=\/wp\/v2\/posts\/5026\/revisions"}],"predecessor-version":[{"id":5029,"href":"https:\/\/vocesdeveracruz.com.mx\/index.php?rest_route=\/wp\/v2\/posts\/5026\/revisions\/5029"}],"wp:featuredmedia":[{"embeddable":true,"href":"https:\/\/vocesdeveracruz.com.mx\/index.php?rest_route=\/wp\/v2\/media\/5027"}],"wp:attachment":[{"href":"https:\/\/vocesdeveracruz.com.mx\/index.php?rest_route=%2Fwp%2Fv2%2Fmedia&parent=5026"}],"wp:term":[{"taxonomy":"category","embeddable":true,"href":"https:\/\/vocesdeveracruz.com.mx\/index.php?rest_route=%2Fwp%2Fv2%2Fcategories&post=5026"},{"taxonomy":"post_tag","embeddable":true,"href":"https:\/\/vocesdeveracruz.com.mx\/index.php?rest_route=%2Fwp%2Fv2%2Ftags&post=5026"}],"curies":[{"name":"wp","href":"https:\/\/api.w.org\/{rel}","templated":true}]}}