{"id":5019,"date":"2025-12-16T16:51:46","date_gmt":"2025-12-16T22:51:46","guid":{"rendered":"https:\/\/vocesdeveracruz.com.mx\/?p=5019"},"modified":"2025-12-16T16:51:46","modified_gmt":"2025-12-16T22:51:46","slug":"recibe-comision-de-medio-ambiente-propuesta-de-la-benv","status":"publish","type":"post","link":"https:\/\/vocesdeveracruz.com.mx\/?p=5019","title":{"rendered":"Recibe Comisi\u00f3n de Medio Ambiente propuesta de la BENV"},"content":{"rendered":"\n<p>La presidenta de la Comisi\u00f3n Permanente de Medio Ambiente, Recursos Naturales, Cambio Clim\u00e1tico y de Protecci\u00f3n y Bienestar Animal, diputada Imelda Garrido Alvarado, recibi\u00f3 en el Palacio Legislativo a autoridades y docentes de la Benem\u00e9rita Escuela Normal Veracruzana (BENV) \u201cEnrique C. R\u00e9bsamen\u201d, quienes le presentaron una propuesta en materia educativa y medioambiental.<\/p>\n\n\n\n<p>En presencia tambi\u00e9n de la vocal de la misma comisi\u00f3n, diputada Valeria M\u00e9ndez Moctezuma, las y los docentes presentaron la propuesta consistente en que en las escuelas normales del estado se instituya un Departamento de Educaci\u00f3n para Sustentabilidad y Cambio Clim\u00e1tico con presupuesto y autonom\u00eda.<\/p>\n\n\n\n<p>Tambi\u00e9n expusieron las actividades que realiza esta casa de formaci\u00f3n, que comprenden: Manejo Integral de Residuos S\u00f3lidos; Huerto escolar sustentable-Proyecto Productivo: Mercado Sustentable; Manejo de Residuos Org\u00e1nicos; Talleres de Educaci\u00f3n Ambiental para la Sustentabilidad; Programa para la Formaci\u00f3n Comunitaria; Programa de Atenci\u00f3n a Actividades Exteriores y Programa de Vinculaci\u00f3n Institucional.<\/p>\n\n\n\n<p>Luego de escuchar cada planteamiento, la legisladora Imelda Garrido manifest\u00f3 a las y los docentes y directivos de la BENV su inter\u00e9s y voluntad de analizar la propuesta y promover la participaci\u00f3n de autoridades del gobierno estatal, instituciones y la Iniciativa Privada.<\/p>\n\n\n\n<figure class=\"wp-block-image size-large\"><img loading=\"lazy\" decoding=\"async\" width=\"1024\" height=\"683\" src=\"https:\/\/vocesdeveracruz.com.mx\/wp-content\/uploads\/2025\/12\/NOV16DIC2025IMELDA2-1024x683.jpg\" alt=\"\" class=\"wp-image-5021\" srcset=\"https:\/\/vocesdeveracruz.com.mx\/wp-content\/uploads\/2025\/12\/NOV16DIC2025IMELDA2-1024x683.jpg 1024w, https:\/\/vocesdeveracruz.com.mx\/wp-content\/uploads\/2025\/12\/NOV16DIC2025IMELDA2-300x200.jpg 300w, https:\/\/vocesdeveracruz.com.mx\/wp-content\/uploads\/2025\/12\/NOV16DIC2025IMELDA2-768x512.jpg 768w, https:\/\/vocesdeveracruz.com.mx\/wp-content\/uploads\/2025\/12\/NOV16DIC2025IMELDA2.jpg 1280w\" sizes=\"auto, (max-width: 1024px) 100vw, 1024px\" \/><\/figure>\n\n\n\n<p>Asistieron, por parte de la BENV, la subdirectora t\u00e9cnica de la instituci\u00f3n, Mara Paola Gonz\u00e1lez Bello; el jefe de la Oficina de Capacitaci\u00f3n, Eliseo Texon S\u00e1nchez; la jefa Departamento de Educaci\u00f3n para la Sustentabilidad, Mar\u00eda del Pilar Aranda Caballero, y el jefe de la Oficina de Materiales Multimedia y Audiovisuales, Jorge Alejandro Cerecedo Mazadiego.<\/p>\n\n\n\n<p>Reuni\u00f3n con titular de la Sedema<\/p>\n\n\n\n<p>Por otra parte, las diputadas Imelda Garrido Alvarado, Ang\u00e9lica Pe\u00f1a Mart\u00ednez y Valeria M\u00e9ndez Moctezuma realizaron una reuni\u00f3n de trabajo con la titular de la Secretar\u00eda de Medio Ambiente (Sedema) del estado, Luz Mariela Zaleta Mendoza, con la finalidad de intercambiar puntos de vista en relaci\u00f3n con una agenda legislativa que ponga especial \u00e9nfasis en un nuevo marco normativo que atienda la problem\u00e1tica de los residuos s\u00f3lidos y que fortalezca directrices para beneficio del medio ambiente y la ecolog\u00eda.<\/p>\n","protected":false},"excerpt":{"rendered":"<p>La presidenta de la Comisi\u00f3n Permanente de Medio Ambiente, Recursos Naturales, Cambio Clim\u00e1tico y de Protecci\u00f3n y Bienestar Animal, diputada Imelda Garrido Alvarado, recibi\u00f3 en el Palacio Legislativo a autoridades&hellip;<\/p>\n","protected":false},"author":1,"featured_media":5020,"comment_status":"open","ping_status":"closed","sticky":false,"template":"","format":"standard","meta":{"footnotes":""},"categories":[71],"tags":[],"class_list":["post-5019","post","type-post","status-publish","format-standard","has-post-thumbnail","hentry","category-estatal"],"magazineBlocksPostFeaturedMedia":{"thumbnail":"https:\/\/vocesdeveracruz.com.mx\/wp-content\/uploads\/2025\/12\/NOV16DIC2025IMELDA1-150x150.jpg","medium":"https:\/\/vocesdeveracruz.com.mx\/wp-content\/uploads\/2025\/12\/NOV16DIC2025IMELDA1-300x200.jpg","medium_large":"https:\/\/vocesdeveracruz.com.mx\/wp-content\/uploads\/2025\/12\/NOV16DIC2025IMELDA1-768x512.jpg","large":"https:\/\/vocesdeveracruz.com.mx\/wp-content\/uploads\/2025\/12\/NOV16DIC2025IMELDA1-1024x683.jpg","1536x1536":"https:\/\/vocesdeveracruz.com.mx\/wp-content\/uploads\/2025\/12\/NOV16DIC2025IMELDA1.jpg","2048x2048":"https:\/\/vocesdeveracruz.com.mx\/wp-content\/uploads\/2025\/12\/NOV16DIC2025IMELDA1.jpg"},"magazineBlocksPostAuthor":{"name":"admin","avatar":"https:\/\/secure.gravatar.com\/avatar\/9d5013f9042ef2dfeb4122e9609da41e1858252ad644b84f2ec3a64ab59cceaf?s=96&d=mm&r=g"},"magazineBlocksPostCommentsNumber":"0","magazineBlocksPostExcerpt":"La presidenta de la Comisi\u00f3n Permanente de Medio Ambiente, Recursos Naturales, Cambio Clim\u00e1tico y de Protecci\u00f3n y Bienestar Animal, diputada Imelda Garrido Alvarado, recibi\u00f3 en el Palacio Legislativo a autoridades&hellip;","magazineBlocksPostCategories":["ESTATAL"],"magazineBlocksPostViewCount":102,"magazineBlocksPostReadTime":2,"magazine_blocks_featured_image_url":{"full":["https:\/\/vocesdeveracruz.com.mx\/wp-content\/uploads\/2025\/12\/NOV16DIC2025IMELDA1.jpg",1280,854,false],"medium":["https:\/\/vocesdeveracruz.com.mx\/wp-content\/uploads\/2025\/12\/NOV16DIC2025IMELDA1-300x200.jpg",300,200,true],"thumbnail":["https:\/\/vocesdeveracruz.com.mx\/wp-content\/uploads\/2025\/12\/NOV16DIC2025IMELDA1-150x150.jpg",150,150,true]},"magazine_blocks_author":{"display_name":"admin","author_link":"https:\/\/vocesdeveracruz.com.mx\/?author=1"},"magazine_blocks_comment":0,"magazine_blocks_author_image":"https:\/\/secure.gravatar.com\/avatar\/9d5013f9042ef2dfeb4122e9609da41e1858252ad644b84f2ec3a64ab59cceaf?s=96&d=mm&r=g","magazine_blocks_category":"<a href=\"https:\/\/vocesdeveracruz.com.mx\/?cat=71\" rel=\"category\">ESTATAL<\/a>","_links":{"self":[{"href":"https:\/\/vocesdeveracruz.com.mx\/index.php?rest_route=\/wp\/v2\/posts\/5019","targetHints":{"allow":["GET"]}}],"collection":[{"href":"https:\/\/vocesdeveracruz.com.mx\/index.php?rest_route=\/wp\/v2\/posts"}],"about":[{"href":"https:\/\/vocesdeveracruz.com.mx\/index.php?rest_route=\/wp\/v2\/types\/post"}],"author":[{"embeddable":true,"href":"https:\/\/vocesdeveracruz.com.mx\/index.php?rest_route=\/wp\/v2\/users\/1"}],"replies":[{"embeddable":true,"href":"https:\/\/vocesdeveracruz.com.mx\/index.php?rest_route=%2Fwp%2Fv2%2Fcomments&post=5019"}],"version-history":[{"count":1,"href":"https:\/\/vocesdeveracruz.com.mx\/index.php?rest_route=\/wp\/v2\/posts\/5019\/revisions"}],"predecessor-version":[{"id":5022,"href":"https:\/\/vocesdeveracruz.com.mx\/index.php?rest_route=\/wp\/v2\/posts\/5019\/revisions\/5022"}],"wp:featuredmedia":[{"embeddable":true,"href":"https:\/\/vocesdeveracruz.com.mx\/index.php?rest_route=\/wp\/v2\/media\/5020"}],"wp:attachment":[{"href":"https:\/\/vocesdeveracruz.com.mx\/index.php?rest_route=%2Fwp%2Fv2%2Fmedia&parent=5019"}],"wp:term":[{"taxonomy":"category","embeddable":true,"href":"https:\/\/vocesdeveracruz.com.mx\/index.php?rest_route=%2Fwp%2Fv2%2Fcategories&post=5019"},{"taxonomy":"post_tag","embeddable":true,"href":"https:\/\/vocesdeveracruz.com.mx\/index.php?rest_route=%2Fwp%2Fv2%2Ftags&post=5019"}],"curies":[{"name":"wp","href":"https:\/\/api.w.org\/{rel}","templated":true}]}}