{"id":5016,"date":"2025-12-16T16:49:57","date_gmt":"2025-12-16T22:49:57","guid":{"rendered":"https:\/\/vocesdeveracruz.com.mx\/?p=5016"},"modified":"2025-12-16T16:49:57","modified_gmt":"2025-12-16T22:49:57","slug":"con-el-aval-del-congreso-ciudadanos-se-separan-del-cargo-de-diputada-y-diputados","status":"publish","type":"post","link":"https:\/\/vocesdeveracruz.com.mx\/?p=5016","title":{"rendered":"Con el aval del Congreso, ciudadanos se separan del cargo de diputada y diputados"},"content":{"rendered":"\n<p>El Pleno de la LXVII Legislatura del estado autoriz\u00f3 a la ciudadana Ang\u00e9lica Pe\u00f1a Mart\u00ednez y a los ciudadanos Roberto Francisco San Rom\u00e1n Solana, Daniel Cortina Mart\u00ednez y Rafael Gustavo Fararoni Maga\u00f1a separarse del cargo de diputada y diputado, respectivamente, por as\u00ed convenir a sus intereses.<\/p>\n\n\n\n<p>En la decimos\u00e9ptima sesi\u00f3n, \u00faltima del periodo ordinario, el secretario de la Mesa Directiva, diputado Alejandro Porras Mar\u00edn, dio lectura a cada una de las solicitudes de licencia de la y los legisladores y los periodos que abarcar\u00edan.<\/p>\n\n\n\n<p>De esta manera, el Pleno autoriz\u00f3, respectivamente, a la legisladora Ang\u00e9lica Pe\u00f1a Mart\u00ednez y al legislador Roberto Francisco San Rom\u00e1n Solana separarse del cargo por el periodo comprendido del 31 de diciembre de 2025 al 4 de noviembre de 2027.<\/p>\n\n\n\n<p>En tanto, a los legisladores Rafael Gustavo Fararoni Maga\u00f1a y Daniel Cortina Mart\u00ednez le fue autorizada a cada uno su licencia para el periodo del 30 de diciembre de 2025 al 4 de noviembre de 2027.<\/p>\n\n\n\n<p>Por consiguiente y con la finalidad de continuar ininterrumpidamente con las labores legislativas, la diputada presidenta de la Mesa Directiva, Naomi Edith G\u00f3mez Santos, hizo el llamado a las y los diputados suplentes para que, previa protesta de ley ante el Pleno, asuman la respectiva Diputaci\u00f3n local.<\/p>\n","protected":false},"excerpt":{"rendered":"<p>El Pleno de la LXVII Legislatura del estado autoriz\u00f3 a la ciudadana Ang\u00e9lica Pe\u00f1a Mart\u00ednez y a los ciudadanos Roberto Francisco San Rom\u00e1n Solana, Daniel Cortina Mart\u00ednez y Rafael Gustavo&hellip;<\/p>\n","protected":false},"author":1,"featured_media":5017,"comment_status":"open","ping_status":"closed","sticky":false,"template":"","format":"standard","meta":{"footnotes":""},"categories":[71],"tags":[],"class_list":["post-5016","post","type-post","status-publish","format-standard","has-post-thumbnail","hentry","category-estatal"],"magazineBlocksPostFeaturedMedia":{"thumbnail":"https:\/\/vocesdeveracruz.com.mx\/wp-content\/uploads\/2025\/12\/NOV16DIC2025LICENCIAS-150x150.jpg","medium":"https:\/\/vocesdeveracruz.com.mx\/wp-content\/uploads\/2025\/12\/NOV16DIC2025LICENCIAS-300x200.jpg","medium_large":"https:\/\/vocesdeveracruz.com.mx\/wp-content\/uploads\/2025\/12\/NOV16DIC2025LICENCIAS-768x513.jpg","large":"https:\/\/vocesdeveracruz.com.mx\/wp-content\/uploads\/2025\/12\/NOV16DIC2025LICENCIAS-1024x684.jpg","1536x1536":"https:\/\/vocesdeveracruz.com.mx\/wp-content\/uploads\/2025\/12\/NOV16DIC2025LICENCIAS-1536x1025.jpg","2048x2048":"https:\/\/vocesdeveracruz.com.mx\/wp-content\/uploads\/2025\/12\/NOV16DIC2025LICENCIAS.jpg"},"magazineBlocksPostAuthor":{"name":"admin","avatar":"https:\/\/secure.gravatar.com\/avatar\/9d5013f9042ef2dfeb4122e9609da41e1858252ad644b84f2ec3a64ab59cceaf?s=96&d=mm&r=g"},"magazineBlocksPostCommentsNumber":"0","magazineBlocksPostExcerpt":"El Pleno de la LXVII Legislatura del estado autoriz\u00f3 a la ciudadana Ang\u00e9lica Pe\u00f1a Mart\u00ednez y a los ciudadanos Roberto Francisco San Rom\u00e1n Solana, Daniel Cortina Mart\u00ednez y Rafael Gustavo&hellip;","magazineBlocksPostCategories":["ESTATAL"],"magazineBlocksPostViewCount":126,"magazineBlocksPostReadTime":2,"magazine_blocks_featured_image_url":{"full":["https:\/\/vocesdeveracruz.com.mx\/wp-content\/uploads\/2025\/12\/NOV16DIC2025LICENCIAS.jpg",1600,1068,false],"medium":["https:\/\/vocesdeveracruz.com.mx\/wp-content\/uploads\/2025\/12\/NOV16DIC2025LICENCIAS-300x200.jpg",300,200,true],"thumbnail":["https:\/\/vocesdeveracruz.com.mx\/wp-content\/uploads\/2025\/12\/NOV16DIC2025LICENCIAS-150x150.jpg",150,150,true]},"magazine_blocks_author":{"display_name":"admin","author_link":"https:\/\/vocesdeveracruz.com.mx\/?author=1"},"magazine_blocks_comment":0,"magazine_blocks_author_image":"https:\/\/secure.gravatar.com\/avatar\/9d5013f9042ef2dfeb4122e9609da41e1858252ad644b84f2ec3a64ab59cceaf?s=96&d=mm&r=g","magazine_blocks_category":"<a href=\"https:\/\/vocesdeveracruz.com.mx\/?cat=71\" rel=\"category\">ESTATAL<\/a>","_links":{"self":[{"href":"https:\/\/vocesdeveracruz.com.mx\/index.php?rest_route=\/wp\/v2\/posts\/5016","targetHints":{"allow":["GET"]}}],"collection":[{"href":"https:\/\/vocesdeveracruz.com.mx\/index.php?rest_route=\/wp\/v2\/posts"}],"about":[{"href":"https:\/\/vocesdeveracruz.com.mx\/index.php?rest_route=\/wp\/v2\/types\/post"}],"author":[{"embeddable":true,"href":"https:\/\/vocesdeveracruz.com.mx\/index.php?rest_route=\/wp\/v2\/users\/1"}],"replies":[{"embeddable":true,"href":"https:\/\/vocesdeveracruz.com.mx\/index.php?rest_route=%2Fwp%2Fv2%2Fcomments&post=5016"}],"version-history":[{"count":1,"href":"https:\/\/vocesdeveracruz.com.mx\/index.php?rest_route=\/wp\/v2\/posts\/5016\/revisions"}],"predecessor-version":[{"id":5018,"href":"https:\/\/vocesdeveracruz.com.mx\/index.php?rest_route=\/wp\/v2\/posts\/5016\/revisions\/5018"}],"wp:featuredmedia":[{"embeddable":true,"href":"https:\/\/vocesdeveracruz.com.mx\/index.php?rest_route=\/wp\/v2\/media\/5017"}],"wp:attachment":[{"href":"https:\/\/vocesdeveracruz.com.mx\/index.php?rest_route=%2Fwp%2Fv2%2Fmedia&parent=5016"}],"wp:term":[{"taxonomy":"category","embeddable":true,"href":"https:\/\/vocesdeveracruz.com.mx\/index.php?rest_route=%2Fwp%2Fv2%2Fcategories&post=5016"},{"taxonomy":"post_tag","embeddable":true,"href":"https:\/\/vocesdeveracruz.com.mx\/index.php?rest_route=%2Fwp%2Fv2%2Ftags&post=5016"}],"curies":[{"name":"wp","href":"https:\/\/api.w.org\/{rel}","templated":true}]}}