{"id":5013,"date":"2025-12-16T16:48:52","date_gmt":"2025-12-16T22:48:52","guid":{"rendered":"https:\/\/vocesdeveracruz.com.mx\/?p=5013"},"modified":"2025-12-16T16:48:52","modified_gmt":"2025-12-16T22:48:52","slug":"instala-congreso-diputacion-permanente-que-fungira-para-el-primer-receso-legislativo","status":"publish","type":"post","link":"https:\/\/vocesdeveracruz.com.mx\/?p=5013","title":{"rendered":"Instala Congreso Diputaci\u00f3n Permanente que fungir\u00e1 para el primer receso legislativo"},"content":{"rendered":"\n<p>Tras concluir los trabajos del primer periodo ordinario de labores, en sesi\u00f3n solemne, la LXVII Legislatura, instal\u00f3 la Diputaci\u00f3n Permanente que habr\u00e1 de funcionar durante el periodo comprendido del 16 de diciembre de 2025 al 31 de marzo de 2026; de acuerdo con lo establecido en el Art\u00edculo 40 de la Constituci\u00f3n Pol\u00edtica del Estado, 41 de la Ley Org\u00e1nica del Poder Legislativo y 72 del Reglamento para el Gobierno Interior del Poder Legislativo.<\/p>\n\n\n\n<p>El acto fue celebrado en la Sala de Sesiones Venustiano Carranza y siendo las 23:00 horas qued\u00f3 legalmente instalado dicho \u00f3rgano legislativo, cuya Mesa Directiva qued\u00f3 integrada por las diputada Naomi Edith G\u00f3mez Santos, presidenta; y Tania Mar\u00eda Cruz Mej\u00eda, vicepresidenta, y por el diputado Alejandro Porras Mar\u00edn, secretario.<\/p>\n\n\n\n<p>En las vocal\u00edas est\u00e1n las diputadas Dorheny Garc\u00eda Cayetano, Ivonne Selene Dur\u00e1n L\u00f3pez, Nallely Mendoza Camarillo, Bertha Rosal\u00eda Ahued Malpica, Montserrat Ortega Ruiz y los diputados Luis Vicente Aguilar Castillo y Fernando Yunes M\u00e1rquez.<\/p>\n\n\n\n<p>Como sustitutos, las y los diputados Liud Herrera F\u00e9lix, Estefan\u00eda Bastida Cuevas, Astrid S\u00e1nchez Moguel, Tanya Carola Viveros Ch\u00e1zaro, Valeria M\u00e9ndez Moctezuma, Luz Alicia Delf\u00edn Rodr\u00edguez, Diego Casta\u00f1eda Aburto, Paul Mart\u00ednez Marie, Antonio Ballesteros Grayeb y H\u00e9ctor Yunes Landa.<\/p>\n\n\n\n<p>La presidenta de la Mesa Directiva, Naomi Edith G\u00f3mez Santos, concluy\u00f3 la sesi\u00f3n solemne y cit\u00f3 a la primera sesi\u00f3n para el jueves 8 de enero de 2026, a las 13:00 horas, en la sala de sesiones Venustiano Carranza.<\/p>\n","protected":false},"excerpt":{"rendered":"<p>Tras concluir los trabajos del primer periodo ordinario de labores, en sesi\u00f3n solemne, la LXVII Legislatura, instal\u00f3 la Diputaci\u00f3n Permanente que habr\u00e1 de funcionar durante el periodo comprendido del 16&hellip;<\/p>\n","protected":false},"author":1,"featured_media":5014,"comment_status":"open","ping_status":"closed","sticky":false,"template":"","format":"standard","meta":{"footnotes":""},"categories":[71],"tags":[],"class_list":["post-5013","post","type-post","status-publish","format-standard","has-post-thumbnail","hentry","category-estatal"],"magazineBlocksPostFeaturedMedia":{"thumbnail":"https:\/\/vocesdeveracruz.com.mx\/wp-content\/uploads\/2025\/12\/NOV15DIC2025PERMANENTE1-150x150.jpg","medium":"https:\/\/vocesdeveracruz.com.mx\/wp-content\/uploads\/2025\/12\/NOV15DIC2025PERMANENTE1-300x200.jpg","medium_large":"https:\/\/vocesdeveracruz.com.mx\/wp-content\/uploads\/2025\/12\/NOV15DIC2025PERMANENTE1-768x512.jpg","large":"https:\/\/vocesdeveracruz.com.mx\/wp-content\/uploads\/2025\/12\/NOV15DIC2025PERMANENTE1-1024x683.jpg","1536x1536":"https:\/\/vocesdeveracruz.com.mx\/wp-content\/uploads\/2025\/12\/NOV15DIC2025PERMANENTE1.jpg","2048x2048":"https:\/\/vocesdeveracruz.com.mx\/wp-content\/uploads\/2025\/12\/NOV15DIC2025PERMANENTE1.jpg"},"magazineBlocksPostAuthor":{"name":"admin","avatar":"https:\/\/secure.gravatar.com\/avatar\/9d5013f9042ef2dfeb4122e9609da41e1858252ad644b84f2ec3a64ab59cceaf?s=96&d=mm&r=g"},"magazineBlocksPostCommentsNumber":"0","magazineBlocksPostExcerpt":"Tras concluir los trabajos del primer periodo ordinario de labores, en sesi\u00f3n solemne, la LXVII Legislatura, instal\u00f3 la Diputaci\u00f3n Permanente que habr\u00e1 de funcionar durante el periodo comprendido del 16&hellip;","magazineBlocksPostCategories":["ESTATAL"],"magazineBlocksPostViewCount":126,"magazineBlocksPostReadTime":2,"magazine_blocks_featured_image_url":{"full":["https:\/\/vocesdeveracruz.com.mx\/wp-content\/uploads\/2025\/12\/NOV15DIC2025PERMANENTE1.jpg",1280,854,false],"medium":["https:\/\/vocesdeveracruz.com.mx\/wp-content\/uploads\/2025\/12\/NOV15DIC2025PERMANENTE1-300x200.jpg",300,200,true],"thumbnail":["https:\/\/vocesdeveracruz.com.mx\/wp-content\/uploads\/2025\/12\/NOV15DIC2025PERMANENTE1-150x150.jpg",150,150,true]},"magazine_blocks_author":{"display_name":"admin","author_link":"https:\/\/vocesdeveracruz.com.mx\/?author=1"},"magazine_blocks_comment":0,"magazine_blocks_author_image":"https:\/\/secure.gravatar.com\/avatar\/9d5013f9042ef2dfeb4122e9609da41e1858252ad644b84f2ec3a64ab59cceaf?s=96&d=mm&r=g","magazine_blocks_category":"<a href=\"https:\/\/vocesdeveracruz.com.mx\/?cat=71\" rel=\"category\">ESTATAL<\/a>","_links":{"self":[{"href":"https:\/\/vocesdeveracruz.com.mx\/index.php?rest_route=\/wp\/v2\/posts\/5013","targetHints":{"allow":["GET"]}}],"collection":[{"href":"https:\/\/vocesdeveracruz.com.mx\/index.php?rest_route=\/wp\/v2\/posts"}],"about":[{"href":"https:\/\/vocesdeveracruz.com.mx\/index.php?rest_route=\/wp\/v2\/types\/post"}],"author":[{"embeddable":true,"href":"https:\/\/vocesdeveracruz.com.mx\/index.php?rest_route=\/wp\/v2\/users\/1"}],"replies":[{"embeddable":true,"href":"https:\/\/vocesdeveracruz.com.mx\/index.php?rest_route=%2Fwp%2Fv2%2Fcomments&post=5013"}],"version-history":[{"count":1,"href":"https:\/\/vocesdeveracruz.com.mx\/index.php?rest_route=\/wp\/v2\/posts\/5013\/revisions"}],"predecessor-version":[{"id":5015,"href":"https:\/\/vocesdeveracruz.com.mx\/index.php?rest_route=\/wp\/v2\/posts\/5013\/revisions\/5015"}],"wp:featuredmedia":[{"embeddable":true,"href":"https:\/\/vocesdeveracruz.com.mx\/index.php?rest_route=\/wp\/v2\/media\/5014"}],"wp:attachment":[{"href":"https:\/\/vocesdeveracruz.com.mx\/index.php?rest_route=%2Fwp%2Fv2%2Fmedia&parent=5013"}],"wp:term":[{"taxonomy":"category","embeddable":true,"href":"https:\/\/vocesdeveracruz.com.mx\/index.php?rest_route=%2Fwp%2Fv2%2Fcategories&post=5013"},{"taxonomy":"post_tag","embeddable":true,"href":"https:\/\/vocesdeveracruz.com.mx\/index.php?rest_route=%2Fwp%2Fv2%2Ftags&post=5013"}],"curies":[{"name":"wp","href":"https:\/\/api.w.org\/{rel}","templated":true}]}}