{"id":5010,"date":"2025-12-16T16:47:45","date_gmt":"2025-12-16T22:47:45","guid":{"rendered":"https:\/\/vocesdeveracruz.com.mx\/?p=5010"},"modified":"2025-12-16T16:47:45","modified_gmt":"2025-12-16T22:47:45","slug":"ayuntamientos-deberan-crear-casas-de-dia-para-atencion-de-adultos-mayores","status":"publish","type":"post","link":"https:\/\/vocesdeveracruz.com.mx\/?p=5010","title":{"rendered":"Ayuntamientos deber\u00e1n crear Casas de D\u00eda para atenci\u00f3n de adultos mayores"},"content":{"rendered":"\n<p>Las diputadas y los diputados de la LXVII Legislatura reformaron la Ley Org\u00e1nica del Municipio Libre para establecer que cada Ayuntamiento, dentro de sus capacidades presupuestales y en coordinaci\u00f3n su Sistema Municipal para el Desarrollo Integral de la Familia (DIF), deber\u00e1 crear Casas de D\u00eda, siendo un espacio para la convivencia de los adultos mayores.<\/p>\n\n\n\n<p>Este dictamen, que fue respaldado por 47 votos, sin abstenciones o votos en contra, fue emitido por las Comisiones Permanentes Unidas de Gobernaci\u00f3n y de Salud y Asistencia, y es resultado de la iniciativa presentada el pasado 28 de octubre por la diputada Miriam Garc\u00eda Guzm\u00e1n.<\/p>\n\n\n\n<p>De esta manera, se establece que los municipios tendr\u00e1n las atribuciones para crear las Casas de D\u00eda para adultos mayores, en las que se brindar\u00edan servicios de atenci\u00f3n integral durante el d\u00eda, promoviendo la convivencia, el desarrollo de actividades recreativas, culturales, deportivas y terap\u00e9uticas, as\u00ed como atenci\u00f3n geri\u00e1trica y nutricional b\u00e1sica, en los t\u00e9rminos que establezcan los reglamentos municipales correspondientes y en coordinaci\u00f3n con los DIF municipales.<\/p>\n\n\n\n<p>Las Comisiones dictaminadoras refieren en el documento que las Casas de D\u00eda para personas adultas mayores constituyen una alternativa eficaz para promover su independencia y permanencia en el hogar, al brindarles atenci\u00f3n profesional, actividades recreativas y oportunidades de convivencia durante el d\u00eda.<\/p>\n\n\n\n<p>Dichos espacios contribuyen a evitar la institucionalizaci\u00f3n prematura, permitiendo que las personas adultas mayores se mantengan integradas en su comunidad y conserven su autonom\u00eda y dignidad.<\/p>\n\n\n\n<p>Asimismo, destacan que esta modalidad de atenci\u00f3n combate de manera directa el aislamiento y la soledad que enfrentan muchas personas adultas mayores, al generar un entorno social que favorece la interacci\u00f3n, la creaci\u00f3n de v\u00ednculos afectivos y la participaci\u00f3n en actividades que estimulan la salud f\u00edsica y mental.<\/p>\n\n\n\n<p>\u201cLa realizaci\u00f3n de ejercicios suaves, fisioterapia, manualidades y din\u00e1micas cognitivas contribuye al retraso del deterioro funcional y cognitivo, mejorando su bienestar emocional y calidad de vida\u201d, indica.<\/p>\n\n\n\n<p>En la etapa de posicionamientos hicieron uso de la voz las diputadas Luz Alicia Delf\u00edn Rodr\u00edguez (PAN) y Elizabeth Morales Garc\u00eda (PT), quienes expresaron sus posturas a favor de esta modificaci\u00f3n. En tanto, la legisladora Miriam Garc\u00eda Guzm\u00e1n, autora de la iniciativa, expres\u00f3 su benepl\u00e1cito por dictaminar esta reforma y destac\u00f3 que las Casas de D\u00eda van a funcionar en todos los municipios de la entidad.<\/p>\n","protected":false},"excerpt":{"rendered":"<p>Las diputadas y los diputados de la LXVII Legislatura reformaron la Ley Org\u00e1nica del Municipio Libre para establecer que cada Ayuntamiento, dentro de sus capacidades presupuestales y en coordinaci\u00f3n su&hellip;<\/p>\n","protected":false},"author":1,"featured_media":5011,"comment_status":"open","ping_status":"closed","sticky":false,"template":"","format":"standard","meta":{"footnotes":""},"categories":[71],"tags":[],"class_list":["post-5010","post","type-post","status-publish","format-standard","has-post-thumbnail","hentry","category-estatal"],"magazineBlocksPostFeaturedMedia":{"thumbnail":"https:\/\/vocesdeveracruz.com.mx\/wp-content\/uploads\/2025\/12\/599925757_1281361687354436_8065582570313970789_n-150x150.jpg","medium":"https:\/\/vocesdeveracruz.com.mx\/wp-content\/uploads\/2025\/12\/599925757_1281361687354436_8065582570313970789_n-300x200.jpg","medium_large":"https:\/\/vocesdeveracruz.com.mx\/wp-content\/uploads\/2025\/12\/599925757_1281361687354436_8065582570313970789_n-768x511.jpg","large":"https:\/\/vocesdeveracruz.com.mx\/wp-content\/uploads\/2025\/12\/599925757_1281361687354436_8065582570313970789_n.jpg","1536x1536":"https:\/\/vocesdeveracruz.com.mx\/wp-content\/uploads\/2025\/12\/599925757_1281361687354436_8065582570313970789_n.jpg","2048x2048":"https:\/\/vocesdeveracruz.com.mx\/wp-content\/uploads\/2025\/12\/599925757_1281361687354436_8065582570313970789_n.jpg"},"magazineBlocksPostAuthor":{"name":"admin","avatar":"https:\/\/secure.gravatar.com\/avatar\/9d5013f9042ef2dfeb4122e9609da41e1858252ad644b84f2ec3a64ab59cceaf?s=96&d=mm&r=g"},"magazineBlocksPostCommentsNumber":"0","magazineBlocksPostExcerpt":"Las diputadas y los diputados de la LXVII Legislatura reformaron la Ley Org\u00e1nica del Municipio Libre para establecer que cada Ayuntamiento, dentro de sus capacidades presupuestales y en coordinaci\u00f3n su&hellip;","magazineBlocksPostCategories":["ESTATAL"],"magazineBlocksPostViewCount":163,"magazineBlocksPostReadTime":3,"magazine_blocks_featured_image_url":{"full":["https:\/\/vocesdeveracruz.com.mx\/wp-content\/uploads\/2025\/12\/599925757_1281361687354436_8065582570313970789_n.jpg",811,540,false],"medium":["https:\/\/vocesdeveracruz.com.mx\/wp-content\/uploads\/2025\/12\/599925757_1281361687354436_8065582570313970789_n-300x200.jpg",300,200,true],"thumbnail":["https:\/\/vocesdeveracruz.com.mx\/wp-content\/uploads\/2025\/12\/599925757_1281361687354436_8065582570313970789_n-150x150.jpg",150,150,true]},"magazine_blocks_author":{"display_name":"admin","author_link":"https:\/\/vocesdeveracruz.com.mx\/?author=1"},"magazine_blocks_comment":0,"magazine_blocks_author_image":"https:\/\/secure.gravatar.com\/avatar\/9d5013f9042ef2dfeb4122e9609da41e1858252ad644b84f2ec3a64ab59cceaf?s=96&d=mm&r=g","magazine_blocks_category":"<a href=\"https:\/\/vocesdeveracruz.com.mx\/?cat=71\" rel=\"category\">ESTATAL<\/a>","_links":{"self":[{"href":"https:\/\/vocesdeveracruz.com.mx\/index.php?rest_route=\/wp\/v2\/posts\/5010","targetHints":{"allow":["GET"]}}],"collection":[{"href":"https:\/\/vocesdeveracruz.com.mx\/index.php?rest_route=\/wp\/v2\/posts"}],"about":[{"href":"https:\/\/vocesdeveracruz.com.mx\/index.php?rest_route=\/wp\/v2\/types\/post"}],"author":[{"embeddable":true,"href":"https:\/\/vocesdeveracruz.com.mx\/index.php?rest_route=\/wp\/v2\/users\/1"}],"replies":[{"embeddable":true,"href":"https:\/\/vocesdeveracruz.com.mx\/index.php?rest_route=%2Fwp%2Fv2%2Fcomments&post=5010"}],"version-history":[{"count":1,"href":"https:\/\/vocesdeveracruz.com.mx\/index.php?rest_route=\/wp\/v2\/posts\/5010\/revisions"}],"predecessor-version":[{"id":5012,"href":"https:\/\/vocesdeveracruz.com.mx\/index.php?rest_route=\/wp\/v2\/posts\/5010\/revisions\/5012"}],"wp:featuredmedia":[{"embeddable":true,"href":"https:\/\/vocesdeveracruz.com.mx\/index.php?rest_route=\/wp\/v2\/media\/5011"}],"wp:attachment":[{"href":"https:\/\/vocesdeveracruz.com.mx\/index.php?rest_route=%2Fwp%2Fv2%2Fmedia&parent=5010"}],"wp:term":[{"taxonomy":"category","embeddable":true,"href":"https:\/\/vocesdeveracruz.com.mx\/index.php?rest_route=%2Fwp%2Fv2%2Fcategories&post=5010"},{"taxonomy":"post_tag","embeddable":true,"href":"https:\/\/vocesdeveracruz.com.mx\/index.php?rest_route=%2Fwp%2Fv2%2Ftags&post=5010"}],"curies":[{"name":"wp","href":"https:\/\/api.w.org\/{rel}","templated":true}]}}