{"id":5007,"date":"2025-12-16T16:42:04","date_gmt":"2025-12-16T22:42:04","guid":{"rendered":"https:\/\/vocesdeveracruz.com.mx\/?p=5007"},"modified":"2025-12-16T16:42:04","modified_gmt":"2025-12-16T22:42:04","slug":"llama-congreso-a-jose-antonio-sangabriel-para-titularidad-de-banderilla","status":"publish","type":"post","link":"https:\/\/vocesdeveracruz.com.mx\/?p=5007","title":{"rendered":"Llama Congreso a Jos\u00e9 Antonio Sangabriel para titularidad de Banderilla"},"content":{"rendered":"\n<p>Derivado de la falta absoluta, por defunci\u00f3n, del presidente municipal propietario electo del municipio de Banderilla, el Pleno de la LXVII Legislatura aprob\u00f3 llamar al ciudadano Jos\u00e9 Antonio Sangabriel Fern\u00e1ndez, presidente municipal suplente electo, para que asuma el cargo de Presidente Municipal Propietario para el periodo constitucional 2026-2029, debiendo rendir la protesta de ley correspondiente a partir del 31 de diciembre de 2025.<\/p>\n","protected":false},"excerpt":{"rendered":"<p>Derivado de la falta absoluta, por defunci\u00f3n, del presidente municipal propietario electo del municipio de Banderilla, el Pleno de la LXVII Legislatura aprob\u00f3 llamar al ciudadano Jos\u00e9 Antonio Sangabriel Fern\u00e1ndez,&hellip;<\/p>\n","protected":false},"author":1,"featured_media":5008,"comment_status":"open","ping_status":"closed","sticky":false,"template":"","format":"standard","meta":{"footnotes":""},"categories":[71],"tags":[],"class_list":["post-5007","post","type-post","status-publish","format-standard","has-post-thumbnail","hentry","category-estatal"],"magazineBlocksPostFeaturedMedia":{"thumbnail":"https:\/\/vocesdeveracruz.com.mx\/wp-content\/uploads\/2025\/12\/NOV15DIC2025BANDERILLA-150x150.jpg","medium":"https:\/\/vocesdeveracruz.com.mx\/wp-content\/uploads\/2025\/12\/NOV15DIC2025BANDERILLA-300x200.jpg","medium_large":"https:\/\/vocesdeveracruz.com.mx\/wp-content\/uploads\/2025\/12\/NOV15DIC2025BANDERILLA-768x513.jpg","large":"https:\/\/vocesdeveracruz.com.mx\/wp-content\/uploads\/2025\/12\/NOV15DIC2025BANDERILLA-1024x684.jpg","1536x1536":"https:\/\/vocesdeveracruz.com.mx\/wp-content\/uploads\/2025\/12\/NOV15DIC2025BANDERILLA-1536x1025.jpg","2048x2048":"https:\/\/vocesdeveracruz.com.mx\/wp-content\/uploads\/2025\/12\/NOV15DIC2025BANDERILLA.jpg"},"magazineBlocksPostAuthor":{"name":"admin","avatar":"https:\/\/secure.gravatar.com\/avatar\/9d5013f9042ef2dfeb4122e9609da41e1858252ad644b84f2ec3a64ab59cceaf?s=96&d=mm&r=g"},"magazineBlocksPostCommentsNumber":"0","magazineBlocksPostExcerpt":"Derivado de la falta absoluta, por defunci\u00f3n, del presidente municipal propietario electo del municipio de Banderilla, el Pleno de la LXVII Legislatura aprob\u00f3 llamar al ciudadano Jos\u00e9 Antonio Sangabriel Fern\u00e1ndez,&hellip;","magazineBlocksPostCategories":["ESTATAL"],"magazineBlocksPostViewCount":129,"magazineBlocksPostReadTime":1,"magazine_blocks_featured_image_url":{"full":["https:\/\/vocesdeveracruz.com.mx\/wp-content\/uploads\/2025\/12\/NOV15DIC2025BANDERILLA.jpg",1600,1068,false],"medium":["https:\/\/vocesdeveracruz.com.mx\/wp-content\/uploads\/2025\/12\/NOV15DIC2025BANDERILLA-300x200.jpg",300,200,true],"thumbnail":["https:\/\/vocesdeveracruz.com.mx\/wp-content\/uploads\/2025\/12\/NOV15DIC2025BANDERILLA-150x150.jpg",150,150,true]},"magazine_blocks_author":{"display_name":"admin","author_link":"https:\/\/vocesdeveracruz.com.mx\/?author=1"},"magazine_blocks_comment":0,"magazine_blocks_author_image":"https:\/\/secure.gravatar.com\/avatar\/9d5013f9042ef2dfeb4122e9609da41e1858252ad644b84f2ec3a64ab59cceaf?s=96&d=mm&r=g","magazine_blocks_category":"<a href=\"https:\/\/vocesdeveracruz.com.mx\/?cat=71\" rel=\"category\">ESTATAL<\/a>","_links":{"self":[{"href":"https:\/\/vocesdeveracruz.com.mx\/index.php?rest_route=\/wp\/v2\/posts\/5007","targetHints":{"allow":["GET"]}}],"collection":[{"href":"https:\/\/vocesdeveracruz.com.mx\/index.php?rest_route=\/wp\/v2\/posts"}],"about":[{"href":"https:\/\/vocesdeveracruz.com.mx\/index.php?rest_route=\/wp\/v2\/types\/post"}],"author":[{"embeddable":true,"href":"https:\/\/vocesdeveracruz.com.mx\/index.php?rest_route=\/wp\/v2\/users\/1"}],"replies":[{"embeddable":true,"href":"https:\/\/vocesdeveracruz.com.mx\/index.php?rest_route=%2Fwp%2Fv2%2Fcomments&post=5007"}],"version-history":[{"count":1,"href":"https:\/\/vocesdeveracruz.com.mx\/index.php?rest_route=\/wp\/v2\/posts\/5007\/revisions"}],"predecessor-version":[{"id":5009,"href":"https:\/\/vocesdeveracruz.com.mx\/index.php?rest_route=\/wp\/v2\/posts\/5007\/revisions\/5009"}],"wp:featuredmedia":[{"embeddable":true,"href":"https:\/\/vocesdeveracruz.com.mx\/index.php?rest_route=\/wp\/v2\/media\/5008"}],"wp:attachment":[{"href":"https:\/\/vocesdeveracruz.com.mx\/index.php?rest_route=%2Fwp%2Fv2%2Fmedia&parent=5007"}],"wp:term":[{"taxonomy":"category","embeddable":true,"href":"https:\/\/vocesdeveracruz.com.mx\/index.php?rest_route=%2Fwp%2Fv2%2Fcategories&post=5007"},{"taxonomy":"post_tag","embeddable":true,"href":"https:\/\/vocesdeveracruz.com.mx\/index.php?rest_route=%2Fwp%2Fv2%2Ftags&post=5007"}],"curies":[{"name":"wp","href":"https:\/\/api.w.org\/{rel}","templated":true}]}}