{"id":4998,"date":"2025-12-15T23:49:03","date_gmt":"2025-12-16T05:49:03","guid":{"rendered":"https:\/\/vocesdeveracruz.com.mx\/?p=4998"},"modified":"2025-12-15T23:49:03","modified_gmt":"2025-12-16T05:49:03","slug":"por-unanimidad-avala-pleno-ley-de-ingresos-para-el-ejercicio-fiscal-2026","status":"publish","type":"post","link":"https:\/\/vocesdeveracruz.com.mx\/?p=4998","title":{"rendered":"Por unanimidad, avala Pleno Ley de Ingresos para el ejercicio fiscal 2026"},"content":{"rendered":"\n<p>Durante la Decimas\u00e9ptima sesi\u00f3n ordinaria, diputadas y diputados de la LXVII Legislatura aprobaron, con 45 votos, sin abstenciones o votos en contra, la Ley de Ingresos del Gobierno del Estado para el Ejercicio Fiscal 2026, la cual prev\u00e9 que los ingresos presupuestarios del sector p\u00fablico estatal asciendan a 177 mil 408 millones 439 mil 386 pesos, en concordancia con los principios constitucionales y legales vigentes.<\/p>\n\n\n\n<p>De acuerdo con el dictamen, presentado por la Comisi\u00f3n Permanente de Hacienda del Estado, la referida Ley se basa en los criterios de progresividad fiscal, suficiencia recaudatoria y equidad social, as\u00ed como en la ruta trazada en el Plan Veracruzano de Desarrollo (PVD) 2025-2030, enfocados a lograr finanzas p\u00fablicas sanas, estables y ordenadas, privilegiando la eficiencia recaudatoria y mejor administraci\u00f3n tributaria.<\/p>\n\n\n\n<p>La propuesta plantea que las proyecciones que la Secretar\u00eda de Hacienda y Cr\u00e9dito P\u00fablico (SHCP) estim\u00f3 para 2026, sugieren un escenario de crecimiento moderado, una inflaci\u00f3n gradualmente convergente y una Tasa de Inter\u00e9s de Referencia, datos que impactan, la transferencia de recursos federales que corresponden a Veracruz, por lo que la Ley de Ingresos estatal prev\u00e9 una pol\u00edtica fiscal realista y eficiente que alinea las metas de recaudaci\u00f3n con la disciplina fiscal y las expectativas macroecon\u00f3micas.<\/p>\n\n\n\n<p>En la Ley de ingresos programados para 2026, refiere el dictamen, se destaca el compromiso con la equidad, sostenibilidad y eficiencia en la recaudaci\u00f3n, anteponiendo finanzas p\u00fablicas equilibradas y sanas; ejercicio responsable del gasto p\u00fablico, atenci\u00f3n prioritaria a todos, ejercicio presupuestal con reducci\u00f3n de deuda p\u00fablica estatal e incremento sostenido de fuentes de ingresos de libre disposici\u00f3n.<\/p>\n\n\n\n<div class=\"wp-block-columns is-layout-flex wp-container-core-columns-is-layout-9d6595d7 wp-block-columns-is-layout-flex\">\n<div class=\"wp-block-column is-layout-flow wp-block-column-is-layout-flow\">\n<figure class=\"wp-block-image size-large\"><img loading=\"lazy\" decoding=\"async\" width=\"1024\" height=\"682\" src=\"https:\/\/vocesdeveracruz.com.mx\/wp-content\/uploads\/2025\/12\/112420-1024x682.jpg\" alt=\"\" class=\"wp-image-5000\" srcset=\"https:\/\/vocesdeveracruz.com.mx\/wp-content\/uploads\/2025\/12\/112420-1024x682.jpg 1024w, https:\/\/vocesdeveracruz.com.mx\/wp-content\/uploads\/2025\/12\/112420-300x200.jpg 300w, https:\/\/vocesdeveracruz.com.mx\/wp-content\/uploads\/2025\/12\/112420-768x511.jpg 768w, https:\/\/vocesdeveracruz.com.mx\/wp-content\/uploads\/2025\/12\/112420.jpg 1280w\" sizes=\"auto, (max-width: 1024px) 100vw, 1024px\" \/><\/figure>\n<\/div>\n\n\n\n<div class=\"wp-block-column is-layout-flow wp-block-column-is-layout-flow\">\n<figure class=\"wp-block-image size-large\"><img loading=\"lazy\" decoding=\"async\" width=\"1024\" height=\"682\" src=\"https:\/\/vocesdeveracruz.com.mx\/wp-content\/uploads\/2025\/12\/112421-1024x682.jpg\" alt=\"\" class=\"wp-image-5001\" srcset=\"https:\/\/vocesdeveracruz.com.mx\/wp-content\/uploads\/2025\/12\/112421-1024x682.jpg 1024w, https:\/\/vocesdeveracruz.com.mx\/wp-content\/uploads\/2025\/12\/112421-300x200.jpg 300w, https:\/\/vocesdeveracruz.com.mx\/wp-content\/uploads\/2025\/12\/112421-768x511.jpg 768w, https:\/\/vocesdeveracruz.com.mx\/wp-content\/uploads\/2025\/12\/112421.jpg 1280w\" sizes=\"auto, (max-width: 1024px) 100vw, 1024px\" \/><\/figure>\n<\/div>\n<\/div>\n\n\n\n<p>Asimismo, derivado de un an\u00e1lisis conjunto del Gobierno Estatal, a trav\u00e9s de la Secretar\u00eda de Finanzas y Planeaci\u00f3n (Sefiplan) y la instancia dictaminadora, refiere el dictamen, no se consider\u00f3 la creaci\u00f3n de nuevos impuestos; \u201creafirmando el compromiso del Ejecutivo de una pol\u00edtica fiscal responsable y prudente, orientada a salvaguardar el ingreso familiar y a sostener el dinamismo econ\u00f3mico del Estado\u201d.<\/p>\n\n\n\n<p>Determina que los ingresos percibidos ser\u00e1n recaudados por la Sefiplan, por medio de la Oficina Virtual de Hacienda y la red de Cajeros Autom\u00e1tico, y cuando lo autorice el Ejecutivo, por conducto de las Oficinas de Hacienda, las Cobradur\u00edas y los Organismos Descentralizados del Estado.<\/p>\n\n\n\n<p>Cuando se otorgue pr\u00f3rroga o se autorice el pago en parcialidades de los cr\u00e9ditos fiscales se aplicar\u00e1 opciones y tasa de recargos sobre los saldos y parcialidades acordadas: hasta 12 meses, la tasa de recargos 1.0 por ciento mensual; m\u00e1s de 12 meses hasta de 24 meses, la tasa de recargos ser\u00e1 de 1.5 por ciento mensual, y en m\u00e1s de 24 meses hasta de 48, as\u00ed como de pagos a plazo diferido, la tasa de recargos a considerar ser\u00e1 de 2.0 por ciento mensual.<\/p>\n\n\n\n<p>La Sefiplan podr\u00e1 autorizar el pago en parcialidades de los adeudos por contribuciones y sus accesorios causados en ejercicios fiscales anteriores, cuyo importe m\u00ednimo sea equivalente a 10 Unidades de Medida y Actualizaci\u00f3n (UMA) en la fecha de la solicitud que presente el contribuyente ante la autoridad fiscal.<\/p>\n\n\n\n<p>En el mismo sentido, se autoriz\u00f3 que dicha dependencia tenga la facultad de administrar y recaudar el Impuesto Predial de los Municipios que lo soliciten, previa celebraci\u00f3n del Convenio de Colaboraci\u00f3n Administrativa avalado por el Congreso del Estado.<\/p>\n\n\n\n<p>Posicionamientos<\/p>\n\n\n\n<p>Al hacer uso de la tribuna, la diputada Dulce Mar\u00eda Hern\u00e1ndez Tepole, secretaria de la Comisi\u00f3n de Hacienda del Estado, expuso que el voto del Grupo Legislativo de Morena, ser\u00eda a favor, toda vez que el paquete econ\u00f3mico 2026 fue planteado bajo una pol\u00edtica de ingresos realista, prudente y t\u00e9cnicamente sustentada, manteniendo el equilibrio entre ingreso y gasto, tal como lo establece la Ley de Disciplina Financiera. \u201cLa propuesta pone a las personas al centro, asegura que cada peso p\u00fablico tenga impacto social verificable, sin comprometer la estabilidad financiera del Estado\u201d.<\/p>\n\n\n\n<p>La diputada Elizabeth Morales Garc\u00eda, del Partido de Trabajo (PT), destac\u00f3 que la Ley no solo es un tr\u00e1mite contable, sino una definici\u00f3n pol\u00edtica y econ\u00f3mica trascendente, pues determina c\u00f3mo se financiar\u00e1 el Estado, a qui\u00e9n se le cobra, bajo qu\u00e9 criterios y l\u00f3gica de justicia fiscal. \u201cNo se trata de c\u00f3mo se recauda, sino de c\u00f3mo se construye esa recaudaci\u00f3n, qu\u00e9 tan realista es y c\u00f3mo es el impacto que tiene en las familias\u201d, refiri\u00f3.<\/p>\n","protected":false},"excerpt":{"rendered":"<p>Durante la Decimas\u00e9ptima sesi\u00f3n ordinaria, diputadas y diputados de la LXVII Legislatura aprobaron, con 45 votos, sin abstenciones o votos en contra, la Ley de Ingresos del Gobierno del Estado&hellip;<\/p>\n","protected":false},"author":1,"featured_media":4999,"comment_status":"open","ping_status":"closed","sticky":false,"template":"","format":"standard","meta":{"footnotes":""},"categories":[71],"tags":[],"class_list":["post-4998","post","type-post","status-publish","format-standard","has-post-thumbnail","hentry","category-estatal"],"magazineBlocksPostFeaturedMedia":{"thumbnail":"https:\/\/vocesdeveracruz.com.mx\/wp-content\/uploads\/2025\/12\/FB_IMG_1765864048421-150x150.jpg","medium":"https:\/\/vocesdeveracruz.com.mx\/wp-content\/uploads\/2025\/12\/FB_IMG_1765864048421-300x200.jpg","medium_large":"https:\/\/vocesdeveracruz.com.mx\/wp-content\/uploads\/2025\/12\/FB_IMG_1765864048421-768x513.jpg","large":"https:\/\/vocesdeveracruz.com.mx\/wp-content\/uploads\/2025\/12\/FB_IMG_1765864048421-1024x684.jpg","1536x1536":"https:\/\/vocesdeveracruz.com.mx\/wp-content\/uploads\/2025\/12\/FB_IMG_1765864048421-1536x1025.jpg","2048x2048":"https:\/\/vocesdeveracruz.com.mx\/wp-content\/uploads\/2025\/12\/FB_IMG_1765864048421.jpg"},"magazineBlocksPostAuthor":{"name":"admin","avatar":"https:\/\/secure.gravatar.com\/avatar\/9d5013f9042ef2dfeb4122e9609da41e1858252ad644b84f2ec3a64ab59cceaf?s=96&d=mm&r=g"},"magazineBlocksPostCommentsNumber":"0","magazineBlocksPostExcerpt":"Durante la Decimas\u00e9ptima sesi\u00f3n ordinaria, diputadas y diputados de la LXVII Legislatura aprobaron, con 45 votos, sin abstenciones o votos en contra, la Ley de Ingresos del Gobierno del Estado&hellip;","magazineBlocksPostCategories":["ESTATAL"],"magazineBlocksPostViewCount":161,"magazineBlocksPostReadTime":4,"magazine_blocks_featured_image_url":{"full":["https:\/\/vocesdeveracruz.com.mx\/wp-content\/uploads\/2025\/12\/FB_IMG_1765864048421.jpg",1600,1068,false],"medium":["https:\/\/vocesdeveracruz.com.mx\/wp-content\/uploads\/2025\/12\/FB_IMG_1765864048421-300x200.jpg",300,200,true],"thumbnail":["https:\/\/vocesdeveracruz.com.mx\/wp-content\/uploads\/2025\/12\/FB_IMG_1765864048421-150x150.jpg",150,150,true]},"magazine_blocks_author":{"display_name":"admin","author_link":"https:\/\/vocesdeveracruz.com.mx\/?author=1"},"magazine_blocks_comment":0,"magazine_blocks_author_image":"https:\/\/secure.gravatar.com\/avatar\/9d5013f9042ef2dfeb4122e9609da41e1858252ad644b84f2ec3a64ab59cceaf?s=96&d=mm&r=g","magazine_blocks_category":"<a href=\"https:\/\/vocesdeveracruz.com.mx\/?cat=71\" rel=\"category\">ESTATAL<\/a>","_links":{"self":[{"href":"https:\/\/vocesdeveracruz.com.mx\/index.php?rest_route=\/wp\/v2\/posts\/4998","targetHints":{"allow":["GET"]}}],"collection":[{"href":"https:\/\/vocesdeveracruz.com.mx\/index.php?rest_route=\/wp\/v2\/posts"}],"about":[{"href":"https:\/\/vocesdeveracruz.com.mx\/index.php?rest_route=\/wp\/v2\/types\/post"}],"author":[{"embeddable":true,"href":"https:\/\/vocesdeveracruz.com.mx\/index.php?rest_route=\/wp\/v2\/users\/1"}],"replies":[{"embeddable":true,"href":"https:\/\/vocesdeveracruz.com.mx\/index.php?rest_route=%2Fwp%2Fv2%2Fcomments&post=4998"}],"version-history":[{"count":1,"href":"https:\/\/vocesdeveracruz.com.mx\/index.php?rest_route=\/wp\/v2\/posts\/4998\/revisions"}],"predecessor-version":[{"id":5002,"href":"https:\/\/vocesdeveracruz.com.mx\/index.php?rest_route=\/wp\/v2\/posts\/4998\/revisions\/5002"}],"wp:featuredmedia":[{"embeddable":true,"href":"https:\/\/vocesdeveracruz.com.mx\/index.php?rest_route=\/wp\/v2\/media\/4999"}],"wp:attachment":[{"href":"https:\/\/vocesdeveracruz.com.mx\/index.php?rest_route=%2Fwp%2Fv2%2Fmedia&parent=4998"}],"wp:term":[{"taxonomy":"category","embeddable":true,"href":"https:\/\/vocesdeveracruz.com.mx\/index.php?rest_route=%2Fwp%2Fv2%2Fcategories&post=4998"},{"taxonomy":"post_tag","embeddable":true,"href":"https:\/\/vocesdeveracruz.com.mx\/index.php?rest_route=%2Fwp%2Fv2%2Ftags&post=4998"}],"curies":[{"name":"wp","href":"https:\/\/api.w.org\/{rel}","templated":true}]}}