{"id":4988,"date":"2025-12-15T23:36:22","date_gmt":"2025-12-16T05:36:22","guid":{"rendered":"https:\/\/vocesdeveracruz.com.mx\/?p=4988"},"modified":"2025-12-15T23:36:22","modified_gmt":"2025-12-16T05:36:22","slug":"aprueba-congreso-codigo-hacendario-del-municipio-de-cuitlahuac","status":"publish","type":"post","link":"https:\/\/vocesdeveracruz.com.mx\/?p=4988","title":{"rendered":"Aprueba Congreso C\u00f3digo Hacendario del municipio de Cuitl\u00e1huac"},"content":{"rendered":"\n<p>En la Decimos\u00e9ptima Sesi\u00f3n Ordinaria, el Congreso del Estado aprob\u00f3 con 45 votos la expedici\u00f3n del C\u00f3digo Hacendario para el Municipio de Cuitl\u00e1huac, a solicitud del ayuntamiento de dicha demarcaci\u00f3n.<\/p>\n\n\n\n<p>El dictamen suscrito por la Comisi\u00f3n Permanente de Hacienda Municipal indica que dicho C\u00f3digo Hacendario tiene el objeto de regular la planeaci\u00f3n, programaci\u00f3n y presupuestaci\u00f3n del gasto p\u00fablico, la administraci\u00f3n financiera y tributaria de la hacienda municipal, las normas que regulan las contribuciones, aprovechamientos y productos, la administraci\u00f3n de los recursos humanos, financieros y materiales, la integraci\u00f3n de la cuenta p\u00fablica municipal, la administraci\u00f3n y contrataci\u00f3n de deuda p\u00fablica y el dominio y la administraci\u00f3n de sus bienes.<\/p>\n\n\n\n<p>La Comisi\u00f3n consigna haber solicitado a la Secretar\u00eda de Fiscalizaci\u00f3n de este Congreso del Estado opini\u00f3n t\u00e9cnica de la Iniciativa con Proyecto de C\u00f3digo Hacendario de dicho municipio, a fin de contribuir a ilustrar el juicio respectivo y que la Secretar\u00eda, a su vez, remiti\u00f3 dicha opini\u00f3n derivada de un an\u00e1lisis t\u00e9cnico-jur\u00eddico.<\/p>\n\n\n\n<p>De acuerdo con el documento, la y los integrantes de la Comisi\u00f3n dicen coincidir con el Ayuntamiento en la creaci\u00f3n de su marco normativo municipal, que tiene como objetivo fortalecer la hacienda del municipio, garantizando el acceso de derechos en condiciones equitativas para todos los ciudadanos municipio, garantizando el acceso de derechos en condiciones equitativas para todos los ciudadanos.<\/p>\n","protected":false},"excerpt":{"rendered":"<p>En la Decimos\u00e9ptima Sesi\u00f3n Ordinaria, el Congreso del Estado aprob\u00f3 con 45 votos la expedici\u00f3n del C\u00f3digo Hacendario para el Municipio de Cuitl\u00e1huac, a solicitud del ayuntamiento de dicha demarcaci\u00f3n.&hellip;<\/p>\n","protected":false},"author":1,"featured_media":4989,"comment_status":"open","ping_status":"closed","sticky":false,"template":"","format":"standard","meta":{"footnotes":""},"categories":[71],"tags":[],"class_list":["post-4988","post","type-post","status-publish","format-standard","has-post-thumbnail","hentry","category-estatal"],"magazineBlocksPostFeaturedMedia":{"thumbnail":"https:\/\/vocesdeveracruz.com.mx\/wp-content\/uploads\/2025\/12\/FB_IMG_1765861428694-150x150.jpg","medium":"https:\/\/vocesdeveracruz.com.mx\/wp-content\/uploads\/2025\/12\/FB_IMG_1765861428694-300x200.jpg","medium_large":"https:\/\/vocesdeveracruz.com.mx\/wp-content\/uploads\/2025\/12\/FB_IMG_1765861428694-768x512.jpg","large":"https:\/\/vocesdeveracruz.com.mx\/wp-content\/uploads\/2025\/12\/FB_IMG_1765861428694-1024x683.jpg","1536x1536":"https:\/\/vocesdeveracruz.com.mx\/wp-content\/uploads\/2025\/12\/FB_IMG_1765861428694.jpg","2048x2048":"https:\/\/vocesdeveracruz.com.mx\/wp-content\/uploads\/2025\/12\/FB_IMG_1765861428694.jpg"},"magazineBlocksPostAuthor":{"name":"admin","avatar":"https:\/\/secure.gravatar.com\/avatar\/9d5013f9042ef2dfeb4122e9609da41e1858252ad644b84f2ec3a64ab59cceaf?s=96&d=mm&r=g"},"magazineBlocksPostCommentsNumber":"0","magazineBlocksPostExcerpt":"En la Decimos\u00e9ptima Sesi\u00f3n Ordinaria, el Congreso del Estado aprob\u00f3 con 45 votos la expedici\u00f3n del C\u00f3digo Hacendario para el Municipio de Cuitl\u00e1huac, a solicitud del ayuntamiento de dicha demarcaci\u00f3n.&hellip;","magazineBlocksPostCategories":["ESTATAL"],"magazineBlocksPostViewCount":136,"magazineBlocksPostReadTime":2,"magazine_blocks_featured_image_url":{"full":["https:\/\/vocesdeveracruz.com.mx\/wp-content\/uploads\/2025\/12\/FB_IMG_1765861428694.jpg",1280,854,false],"medium":["https:\/\/vocesdeveracruz.com.mx\/wp-content\/uploads\/2025\/12\/FB_IMG_1765861428694-300x200.jpg",300,200,true],"thumbnail":["https:\/\/vocesdeveracruz.com.mx\/wp-content\/uploads\/2025\/12\/FB_IMG_1765861428694-150x150.jpg",150,150,true]},"magazine_blocks_author":{"display_name":"admin","author_link":"https:\/\/vocesdeveracruz.com.mx\/?author=1"},"magazine_blocks_comment":0,"magazine_blocks_author_image":"https:\/\/secure.gravatar.com\/avatar\/9d5013f9042ef2dfeb4122e9609da41e1858252ad644b84f2ec3a64ab59cceaf?s=96&d=mm&r=g","magazine_blocks_category":"<a href=\"https:\/\/vocesdeveracruz.com.mx\/?cat=71\" rel=\"category\">ESTATAL<\/a>","_links":{"self":[{"href":"https:\/\/vocesdeveracruz.com.mx\/index.php?rest_route=\/wp\/v2\/posts\/4988","targetHints":{"allow":["GET"]}}],"collection":[{"href":"https:\/\/vocesdeveracruz.com.mx\/index.php?rest_route=\/wp\/v2\/posts"}],"about":[{"href":"https:\/\/vocesdeveracruz.com.mx\/index.php?rest_route=\/wp\/v2\/types\/post"}],"author":[{"embeddable":true,"href":"https:\/\/vocesdeveracruz.com.mx\/index.php?rest_route=\/wp\/v2\/users\/1"}],"replies":[{"embeddable":true,"href":"https:\/\/vocesdeveracruz.com.mx\/index.php?rest_route=%2Fwp%2Fv2%2Fcomments&post=4988"}],"version-history":[{"count":1,"href":"https:\/\/vocesdeveracruz.com.mx\/index.php?rest_route=\/wp\/v2\/posts\/4988\/revisions"}],"predecessor-version":[{"id":4990,"href":"https:\/\/vocesdeveracruz.com.mx\/index.php?rest_route=\/wp\/v2\/posts\/4988\/revisions\/4990"}],"wp:featuredmedia":[{"embeddable":true,"href":"https:\/\/vocesdeveracruz.com.mx\/index.php?rest_route=\/wp\/v2\/media\/4989"}],"wp:attachment":[{"href":"https:\/\/vocesdeveracruz.com.mx\/index.php?rest_route=%2Fwp%2Fv2%2Fmedia&parent=4988"}],"wp:term":[{"taxonomy":"category","embeddable":true,"href":"https:\/\/vocesdeveracruz.com.mx\/index.php?rest_route=%2Fwp%2Fv2%2Fcategories&post=4988"},{"taxonomy":"post_tag","embeddable":true,"href":"https:\/\/vocesdeveracruz.com.mx\/index.php?rest_route=%2Fwp%2Fv2%2Ftags&post=4988"}],"curies":[{"name":"wp","href":"https:\/\/api.w.org\/{rel}","templated":true}]}}