{"id":4982,"date":"2025-12-15T18:11:22","date_gmt":"2025-12-16T00:11:22","guid":{"rendered":"https:\/\/vocesdeveracruz.com.mx\/?p=4982"},"modified":"2025-12-15T18:11:22","modified_gmt":"2025-12-16T00:11:22","slug":"mary-martinez-guerrero-participa-en-capacitacion-sobre-fundo-legal-y-hacienda-municipal-en-el-congreso-del-estado","status":"publish","type":"post","link":"https:\/\/vocesdeveracruz.com.mx\/?p=4982","title":{"rendered":"Mary Mart\u00ednez Guerrero participa en capacitaci\u00f3n sobre Fundo Legal y Hacienda Municipal en el Congreso del Estado"},"content":{"rendered":"\n<p><\/p>\n\n\n\n<p>Xalapa, Ver.- La alcaldesa electa Mary Mart\u00ednez Guerrero particip\u00f3 este d\u00eda en una importante capacitaci\u00f3n realizada en el Congreso del Estado de Veracruz, enfocada en temas de Fundo Legal y Hacienda Municipal, como parte de la preparaci\u00f3n previa al inicio de la pr\u00f3xima administraci\u00f3n municipal.<\/p>\n\n\n\n<p>Mary Mart\u00ednez asisti\u00f3 acompa\u00f1ada de su equipo de trabajo, entre ellos el Lic. Rigoberto Rodr\u00edguez Turrubiates, refrendando su compromiso de fortalecer el conocimiento t\u00e9cnico y jur\u00eddico para una gesti\u00f3n ordenada y transparente.<\/p>\n\n\n\n<figure class=\"wp-block-image size-full\"><img loading=\"lazy\" decoding=\"async\" width=\"590\" height=\"394\" src=\"https:\/\/vocesdeveracruz.com.mx\/wp-content\/uploads\/2025\/12\/597865864_1281120094045262_8470213143333146314_n-1.jpg\" alt=\"\" class=\"wp-image-4984\" srcset=\"https:\/\/vocesdeveracruz.com.mx\/wp-content\/uploads\/2025\/12\/597865864_1281120094045262_8470213143333146314_n-1.jpg 590w, https:\/\/vocesdeveracruz.com.mx\/wp-content\/uploads\/2025\/12\/597865864_1281120094045262_8470213143333146314_n-1-300x200.jpg 300w\" sizes=\"auto, (max-width: 590px) 100vw, 590px\" \/><\/figure>\n\n\n\n<p>La capacitaci\u00f3n fue convocada por el diputado Ram\u00f3n D\u00edaz \u00c1vila, y estuvo a cargo de los presidentes de las Comisiones Permanentes de Desarrollo Urbano, Ordenamiento Territorial, Vivienda y Fundo Legal, as\u00ed como de Hacienda Municipal de la LXVII Legislatura, la diputada Elizabeth Morales Garc\u00eda y el diputado Paul Mart\u00ednez Marie, respectivamente.<\/p>\n\n\n\n<p>Durante la jornada se comparti\u00f3 informaci\u00f3n dirigida a las autoridades municipales que iniciar\u00e1n funciones el pr\u00f3ximo 1 de enero, abordando los procedimientos y tr\u00e1mites para la regularizaci\u00f3n de predios pertenecientes al fundo legal, as\u00ed como los lineamientos para la autorizaci\u00f3n de comodatos, ventas, enajenaci\u00f3n o renta de bienes inmuebles propiedad de los ayuntamientos.<\/p>\n\n\n\n<p>Con este tipo de capacitaciones, la alcaldesa electa Mary Mart\u00ednez Guerrero reafirma su inter\u00e9s en construir una administraci\u00f3n municipal responsable, con apego a la legalidad y orientada al correcto manejo del patrimonio p\u00fablico.<\/p>\n","protected":false},"excerpt":{"rendered":"<p>Xalapa, Ver.- La alcaldesa electa Mary Mart\u00ednez Guerrero particip\u00f3 este d\u00eda en una importante capacitaci\u00f3n realizada en el Congreso del Estado de Veracruz, enfocada en temas de Fundo Legal y&hellip;<\/p>\n","protected":false},"author":1,"featured_media":4983,"comment_status":"open","ping_status":"closed","sticky":false,"template":"","format":"standard","meta":{"footnotes":""},"categories":[75],"tags":[],"class_list":["post-4982","post","type-post","status-publish","format-standard","has-post-thumbnail","hentry","category-regional"],"magazineBlocksPostFeaturedMedia":{"thumbnail":"https:\/\/vocesdeveracruz.com.mx\/wp-content\/uploads\/2025\/12\/NOV15DIC2025RAMON5-1-150x150.jpg","medium":"https:\/\/vocesdeveracruz.com.mx\/wp-content\/uploads\/2025\/12\/NOV15DIC2025RAMON5-1-300x200.jpg","medium_large":"https:\/\/vocesdeveracruz.com.mx\/wp-content\/uploads\/2025\/12\/NOV15DIC2025RAMON5-1-768x513.jpg","large":"https:\/\/vocesdeveracruz.com.mx\/wp-content\/uploads\/2025\/12\/NOV15DIC2025RAMON5-1-1024x684.jpg","1536x1536":"https:\/\/vocesdeveracruz.com.mx\/wp-content\/uploads\/2025\/12\/NOV15DIC2025RAMON5-1-1536x1025.jpg","2048x2048":"https:\/\/vocesdeveracruz.com.mx\/wp-content\/uploads\/2025\/12\/NOV15DIC2025RAMON5-1.jpg"},"magazineBlocksPostAuthor":{"name":"admin","avatar":"https:\/\/secure.gravatar.com\/avatar\/9d5013f9042ef2dfeb4122e9609da41e1858252ad644b84f2ec3a64ab59cceaf?s=96&d=mm&r=g"},"magazineBlocksPostCommentsNumber":"0","magazineBlocksPostExcerpt":"Xalapa, Ver.- La alcaldesa electa Mary Mart\u00ednez Guerrero particip\u00f3 este d\u00eda en una importante capacitaci\u00f3n realizada en el Congreso del Estado de Veracruz, enfocada en temas de Fundo Legal y&hellip;","magazineBlocksPostCategories":["REGIONAL"],"magazineBlocksPostViewCount":137,"magazineBlocksPostReadTime":2,"magazine_blocks_featured_image_url":{"full":["https:\/\/vocesdeveracruz.com.mx\/wp-content\/uploads\/2025\/12\/NOV15DIC2025RAMON5-1.jpg",1600,1068,false],"medium":["https:\/\/vocesdeveracruz.com.mx\/wp-content\/uploads\/2025\/12\/NOV15DIC2025RAMON5-1-300x200.jpg",300,200,true],"thumbnail":["https:\/\/vocesdeveracruz.com.mx\/wp-content\/uploads\/2025\/12\/NOV15DIC2025RAMON5-1-150x150.jpg",150,150,true]},"magazine_blocks_author":{"display_name":"admin","author_link":"https:\/\/vocesdeveracruz.com.mx\/?author=1"},"magazine_blocks_comment":0,"magazine_blocks_author_image":"https:\/\/secure.gravatar.com\/avatar\/9d5013f9042ef2dfeb4122e9609da41e1858252ad644b84f2ec3a64ab59cceaf?s=96&d=mm&r=g","magazine_blocks_category":"<a href=\"https:\/\/vocesdeveracruz.com.mx\/?cat=75\" rel=\"category\">REGIONAL<\/a>","_links":{"self":[{"href":"https:\/\/vocesdeveracruz.com.mx\/index.php?rest_route=\/wp\/v2\/posts\/4982","targetHints":{"allow":["GET"]}}],"collection":[{"href":"https:\/\/vocesdeveracruz.com.mx\/index.php?rest_route=\/wp\/v2\/posts"}],"about":[{"href":"https:\/\/vocesdeveracruz.com.mx\/index.php?rest_route=\/wp\/v2\/types\/post"}],"author":[{"embeddable":true,"href":"https:\/\/vocesdeveracruz.com.mx\/index.php?rest_route=\/wp\/v2\/users\/1"}],"replies":[{"embeddable":true,"href":"https:\/\/vocesdeveracruz.com.mx\/index.php?rest_route=%2Fwp%2Fv2%2Fcomments&post=4982"}],"version-history":[{"count":1,"href":"https:\/\/vocesdeveracruz.com.mx\/index.php?rest_route=\/wp\/v2\/posts\/4982\/revisions"}],"predecessor-version":[{"id":4985,"href":"https:\/\/vocesdeveracruz.com.mx\/index.php?rest_route=\/wp\/v2\/posts\/4982\/revisions\/4985"}],"wp:featuredmedia":[{"embeddable":true,"href":"https:\/\/vocesdeveracruz.com.mx\/index.php?rest_route=\/wp\/v2\/media\/4983"}],"wp:attachment":[{"href":"https:\/\/vocesdeveracruz.com.mx\/index.php?rest_route=%2Fwp%2Fv2%2Fmedia&parent=4982"}],"wp:term":[{"taxonomy":"category","embeddable":true,"href":"https:\/\/vocesdeveracruz.com.mx\/index.php?rest_route=%2Fwp%2Fv2%2Fcategories&post=4982"},{"taxonomy":"post_tag","embeddable":true,"href":"https:\/\/vocesdeveracruz.com.mx\/index.php?rest_route=%2Fwp%2Fv2%2Ftags&post=4982"}],"curies":[{"name":"wp","href":"https:\/\/api.w.org\/{rel}","templated":true}]}}