{"id":4977,"date":"2025-12-15T18:09:18","date_gmt":"2025-12-16T00:09:18","guid":{"rendered":"https:\/\/vocesdeveracruz.com.mx\/?p=4977"},"modified":"2025-12-15T18:09:18","modified_gmt":"2025-12-16T00:09:18","slug":"en-el-congreso-capacitan-a-autoridades-electas-en-fundo-legal-y-hacienda-municipal","status":"publish","type":"post","link":"https:\/\/vocesdeveracruz.com.mx\/?p=4977","title":{"rendered":"En el Congreso, capacitan a autoridades electas en Fundo Legal y Hacienda Municipal"},"content":{"rendered":"\n<p>A convocatoria del diputado Ram\u00f3n D\u00edaz \u00c1vila, los presidentes de las Comisiones Permanentes de Desarrollo Urbano, Ordenamiento Territorial, Vivienda y Fundo Legal, y de Hacienda Municipal, de la LXVII Legislatura, diputada Elizabeth Morales Garc\u00eda y Paul Mart\u00ednez Marie, respectivamente, compartieron con autoridades municipales, que habr\u00e1n de iniciar funciones el pr\u00f3ximo 1 de enero, informaci\u00f3n referente a procedimientos y tr\u00e1mites para la regularizaci\u00f3n de predios pertenecientes al fundo legal, as\u00ed como para la autorizaci\u00f3n de comodatos, ventas, enajenaci\u00f3n o rentas de bienes inmuebles, propiedad de los ayuntamientos.<\/p>\n\n\n\n<figure class=\"wp-block-image size-large is-resized\"><img loading=\"lazy\" decoding=\"async\" width=\"1024\" height=\"684\" src=\"https:\/\/vocesdeveracruz.com.mx\/wp-content\/uploads\/2025\/12\/NOV15DIC2025RAMON5-1024x684.jpg\" alt=\"\" class=\"wp-image-4979\" style=\"width:362px;height:auto\" srcset=\"https:\/\/vocesdeveracruz.com.mx\/wp-content\/uploads\/2025\/12\/NOV15DIC2025RAMON5-1024x684.jpg 1024w, https:\/\/vocesdeveracruz.com.mx\/wp-content\/uploads\/2025\/12\/NOV15DIC2025RAMON5-300x200.jpg 300w, https:\/\/vocesdeveracruz.com.mx\/wp-content\/uploads\/2025\/12\/NOV15DIC2025RAMON5-768x513.jpg 768w, https:\/\/vocesdeveracruz.com.mx\/wp-content\/uploads\/2025\/12\/NOV15DIC2025RAMON5-1536x1025.jpg 1536w, https:\/\/vocesdeveracruz.com.mx\/wp-content\/uploads\/2025\/12\/NOV15DIC2025RAMON5.jpg 1600w\" sizes=\"auto, (max-width: 1024px) 100vw, 1024px\" \/><\/figure>\n\n\n\n<p>A la reuni\u00f3n asistieron presidentes municipales electos y equipos de colaboradores de Acultzingo, Apazapan, Banderilla, Coatepec, Emiliano Zapata, Las Minas, Nogales, Vega de la Alatorre y Xoxocotla.<\/p>\n\n\n\n<figure class=\"wp-block-image size-full\"><img loading=\"lazy\" decoding=\"async\" width=\"590\" height=\"394\" src=\"https:\/\/vocesdeveracruz.com.mx\/wp-content\/uploads\/2025\/12\/597865864_1281120094045262_8470213143333146314_n.jpg\" alt=\"\" class=\"wp-image-4980\" srcset=\"https:\/\/vocesdeveracruz.com.mx\/wp-content\/uploads\/2025\/12\/597865864_1281120094045262_8470213143333146314_n.jpg 590w, https:\/\/vocesdeveracruz.com.mx\/wp-content\/uploads\/2025\/12\/597865864_1281120094045262_8470213143333146314_n-300x200.jpg 300w\" sizes=\"auto, (max-width: 590px) 100vw, 590px\" \/><\/figure>\n","protected":false},"excerpt":{"rendered":"<p>A convocatoria del diputado Ram\u00f3n D\u00edaz \u00c1vila, los presidentes de las Comisiones Permanentes de Desarrollo Urbano, Ordenamiento Territorial, Vivienda y Fundo Legal, y de Hacienda Municipal, de la LXVII Legislatura,&hellip;<\/p>\n","protected":false},"author":1,"featured_media":4978,"comment_status":"open","ping_status":"closed","sticky":false,"template":"","format":"standard","meta":{"footnotes":""},"categories":[71],"tags":[],"class_list":["post-4977","post","type-post","status-publish","format-standard","has-post-thumbnail","hentry","category-estatal"],"magazineBlocksPostFeaturedMedia":{"thumbnail":"https:\/\/vocesdeveracruz.com.mx\/wp-content\/uploads\/2025\/12\/597386838_1281120010711937_8175105026638766570_n-150x150.jpg","medium":"https:\/\/vocesdeveracruz.com.mx\/wp-content\/uploads\/2025\/12\/597386838_1281120010711937_8175105026638766570_n-300x200.jpg","medium_large":"https:\/\/vocesdeveracruz.com.mx\/wp-content\/uploads\/2025\/12\/597386838_1281120010711937_8175105026638766570_n-768x513.jpg","large":"https:\/\/vocesdeveracruz.com.mx\/wp-content\/uploads\/2025\/12\/597386838_1281120010711937_8175105026638766570_n-1024x684.jpg","1536x1536":"https:\/\/vocesdeveracruz.com.mx\/wp-content\/uploads\/2025\/12\/597386838_1281120010711937_8175105026638766570_n-1536x1025.jpg","2048x2048":"https:\/\/vocesdeveracruz.com.mx\/wp-content\/uploads\/2025\/12\/597386838_1281120010711937_8175105026638766570_n.jpg"},"magazineBlocksPostAuthor":{"name":"admin","avatar":"https:\/\/secure.gravatar.com\/avatar\/9d5013f9042ef2dfeb4122e9609da41e1858252ad644b84f2ec3a64ab59cceaf?s=96&d=mm&r=g"},"magazineBlocksPostCommentsNumber":"0","magazineBlocksPostExcerpt":"A convocatoria del diputado Ram\u00f3n D\u00edaz \u00c1vila, los presidentes de las Comisiones Permanentes de Desarrollo Urbano, Ordenamiento Territorial, Vivienda y Fundo Legal, y de Hacienda Municipal, de la LXVII Legislatura,&hellip;","magazineBlocksPostCategories":["ESTATAL"],"magazineBlocksPostViewCount":121,"magazineBlocksPostReadTime":1,"magazine_blocks_featured_image_url":{"full":["https:\/\/vocesdeveracruz.com.mx\/wp-content\/uploads\/2025\/12\/597386838_1281120010711937_8175105026638766570_n.jpg",1600,1068,false],"medium":["https:\/\/vocesdeveracruz.com.mx\/wp-content\/uploads\/2025\/12\/597386838_1281120010711937_8175105026638766570_n-300x200.jpg",300,200,true],"thumbnail":["https:\/\/vocesdeveracruz.com.mx\/wp-content\/uploads\/2025\/12\/597386838_1281120010711937_8175105026638766570_n-150x150.jpg",150,150,true]},"magazine_blocks_author":{"display_name":"admin","author_link":"https:\/\/vocesdeveracruz.com.mx\/?author=1"},"magazine_blocks_comment":0,"magazine_blocks_author_image":"https:\/\/secure.gravatar.com\/avatar\/9d5013f9042ef2dfeb4122e9609da41e1858252ad644b84f2ec3a64ab59cceaf?s=96&d=mm&r=g","magazine_blocks_category":"<a href=\"https:\/\/vocesdeveracruz.com.mx\/?cat=71\" rel=\"category\">ESTATAL<\/a>","_links":{"self":[{"href":"https:\/\/vocesdeveracruz.com.mx\/index.php?rest_route=\/wp\/v2\/posts\/4977","targetHints":{"allow":["GET"]}}],"collection":[{"href":"https:\/\/vocesdeveracruz.com.mx\/index.php?rest_route=\/wp\/v2\/posts"}],"about":[{"href":"https:\/\/vocesdeveracruz.com.mx\/index.php?rest_route=\/wp\/v2\/types\/post"}],"author":[{"embeddable":true,"href":"https:\/\/vocesdeveracruz.com.mx\/index.php?rest_route=\/wp\/v2\/users\/1"}],"replies":[{"embeddable":true,"href":"https:\/\/vocesdeveracruz.com.mx\/index.php?rest_route=%2Fwp%2Fv2%2Fcomments&post=4977"}],"version-history":[{"count":1,"href":"https:\/\/vocesdeveracruz.com.mx\/index.php?rest_route=\/wp\/v2\/posts\/4977\/revisions"}],"predecessor-version":[{"id":4981,"href":"https:\/\/vocesdeveracruz.com.mx\/index.php?rest_route=\/wp\/v2\/posts\/4977\/revisions\/4981"}],"wp:featuredmedia":[{"embeddable":true,"href":"https:\/\/vocesdeveracruz.com.mx\/index.php?rest_route=\/wp\/v2\/media\/4978"}],"wp:attachment":[{"href":"https:\/\/vocesdeveracruz.com.mx\/index.php?rest_route=%2Fwp%2Fv2%2Fmedia&parent=4977"}],"wp:term":[{"taxonomy":"category","embeddable":true,"href":"https:\/\/vocesdeveracruz.com.mx\/index.php?rest_route=%2Fwp%2Fv2%2Fcategories&post=4977"},{"taxonomy":"post_tag","embeddable":true,"href":"https:\/\/vocesdeveracruz.com.mx\/index.php?rest_route=%2Fwp%2Fv2%2Ftags&post=4977"}],"curies":[{"name":"wp","href":"https:\/\/api.w.org\/{rel}","templated":true}]}}