{"id":4974,"date":"2025-12-15T17:57:59","date_gmt":"2025-12-15T23:57:59","guid":{"rendered":"https:\/\/vocesdeveracruz.com.mx\/?p=4974"},"modified":"2025-12-15T17:57:59","modified_gmt":"2025-12-15T23:57:59","slug":"recibe-congreso-del-estado-el-informe-de-labores-de-la-cedhv","status":"publish","type":"post","link":"https:\/\/vocesdeveracruz.com.mx\/?p=4974","title":{"rendered":"Recibe Congreso del Estado el Informe de Labores de la CEDHV"},"content":{"rendered":"\n<p>La presidenta de la Mesa Directiva de la LXVII Legislatura del estado de Veracruz, diputada Naomi Edith G\u00f3mez Santos, recibi\u00f3 de la encargada de la Comisi\u00f3n Estatal de Derechos Humanos de Veracruz (CEDHV) Minerva Regina P\u00e9rez L\u00f3pez el informe de labores del organismo aut\u00f3nomo, correspondiente a este a\u00f1o.<\/p>\n\n\n\n<p>La legisladora G\u00f3mez Santos recibi\u00f3 a la funcionaria y le agradeci\u00f3 el cumplimiento con lo dispuesto en el p\u00e1rrafo segundo del Art\u00edculo 67 de la Constituci\u00f3n Pol\u00edtica del Estado, en materia de transparencia y rendici\u00f3n de cuentas. Conforme al procedimiento, la Mesa Directiva informar\u00e1 al Pleno sobre la recepci\u00f3n de este informe y para ampliar informaci\u00f3n se estar\u00e1 a la comparecencia en la segunda quincena de enero.<\/p>\n","protected":false},"excerpt":{"rendered":"<p>La presidenta de la Mesa Directiva de la LXVII Legislatura del estado de Veracruz, diputada Naomi Edith G\u00f3mez Santos, recibi\u00f3 de la encargada de la Comisi\u00f3n Estatal de Derechos Humanos&hellip;<\/p>\n","protected":false},"author":1,"featured_media":4975,"comment_status":"open","ping_status":"closed","sticky":false,"template":"","format":"standard","meta":{"footnotes":""},"categories":[71],"tags":[],"class_list":["post-4974","post","type-post","status-publish","format-standard","has-post-thumbnail","hentry","category-estatal"],"magazineBlocksPostFeaturedMedia":{"thumbnail":"https:\/\/vocesdeveracruz.com.mx\/wp-content\/uploads\/2025\/12\/598752407_1281117307378874_2999244511020429939_n-150x150.jpg","medium":"https:\/\/vocesdeveracruz.com.mx\/wp-content\/uploads\/2025\/12\/598752407_1281117307378874_2999244511020429939_n-300x200.jpg","medium_large":"https:\/\/vocesdeveracruz.com.mx\/wp-content\/uploads\/2025\/12\/598752407_1281117307378874_2999244511020429939_n.jpg","large":"https:\/\/vocesdeveracruz.com.mx\/wp-content\/uploads\/2025\/12\/598752407_1281117307378874_2999244511020429939_n.jpg","1536x1536":"https:\/\/vocesdeveracruz.com.mx\/wp-content\/uploads\/2025\/12\/598752407_1281117307378874_2999244511020429939_n.jpg","2048x2048":"https:\/\/vocesdeveracruz.com.mx\/wp-content\/uploads\/2025\/12\/598752407_1281117307378874_2999244511020429939_n.jpg"},"magazineBlocksPostAuthor":{"name":"admin","avatar":"https:\/\/secure.gravatar.com\/avatar\/9d5013f9042ef2dfeb4122e9609da41e1858252ad644b84f2ec3a64ab59cceaf?s=96&d=mm&r=g"},"magazineBlocksPostCommentsNumber":"0","magazineBlocksPostExcerpt":"La presidenta de la Mesa Directiva de la LXVII Legislatura del estado de Veracruz, diputada Naomi Edith G\u00f3mez Santos, recibi\u00f3 de la encargada de la Comisi\u00f3n Estatal de Derechos Humanos&hellip;","magazineBlocksPostCategories":["ESTATAL"],"magazineBlocksPostViewCount":129,"magazineBlocksPostReadTime":1,"magazine_blocks_featured_image_url":{"full":["https:\/\/vocesdeveracruz.com.mx\/wp-content\/uploads\/2025\/12\/598752407_1281117307378874_2999244511020429939_n.jpg",590,394,false],"medium":["https:\/\/vocesdeveracruz.com.mx\/wp-content\/uploads\/2025\/12\/598752407_1281117307378874_2999244511020429939_n-300x200.jpg",300,200,true],"thumbnail":["https:\/\/vocesdeveracruz.com.mx\/wp-content\/uploads\/2025\/12\/598752407_1281117307378874_2999244511020429939_n-150x150.jpg",150,150,true]},"magazine_blocks_author":{"display_name":"admin","author_link":"https:\/\/vocesdeveracruz.com.mx\/?author=1"},"magazine_blocks_comment":0,"magazine_blocks_author_image":"https:\/\/secure.gravatar.com\/avatar\/9d5013f9042ef2dfeb4122e9609da41e1858252ad644b84f2ec3a64ab59cceaf?s=96&d=mm&r=g","magazine_blocks_category":"<a href=\"https:\/\/vocesdeveracruz.com.mx\/?cat=71\" rel=\"category\">ESTATAL<\/a>","_links":{"self":[{"href":"https:\/\/vocesdeveracruz.com.mx\/index.php?rest_route=\/wp\/v2\/posts\/4974","targetHints":{"allow":["GET"]}}],"collection":[{"href":"https:\/\/vocesdeveracruz.com.mx\/index.php?rest_route=\/wp\/v2\/posts"}],"about":[{"href":"https:\/\/vocesdeveracruz.com.mx\/index.php?rest_route=\/wp\/v2\/types\/post"}],"author":[{"embeddable":true,"href":"https:\/\/vocesdeveracruz.com.mx\/index.php?rest_route=\/wp\/v2\/users\/1"}],"replies":[{"embeddable":true,"href":"https:\/\/vocesdeveracruz.com.mx\/index.php?rest_route=%2Fwp%2Fv2%2Fcomments&post=4974"}],"version-history":[{"count":1,"href":"https:\/\/vocesdeveracruz.com.mx\/index.php?rest_route=\/wp\/v2\/posts\/4974\/revisions"}],"predecessor-version":[{"id":4976,"href":"https:\/\/vocesdeveracruz.com.mx\/index.php?rest_route=\/wp\/v2\/posts\/4974\/revisions\/4976"}],"wp:featuredmedia":[{"embeddable":true,"href":"https:\/\/vocesdeveracruz.com.mx\/index.php?rest_route=\/wp\/v2\/media\/4975"}],"wp:attachment":[{"href":"https:\/\/vocesdeveracruz.com.mx\/index.php?rest_route=%2Fwp%2Fv2%2Fmedia&parent=4974"}],"wp:term":[{"taxonomy":"category","embeddable":true,"href":"https:\/\/vocesdeveracruz.com.mx\/index.php?rest_route=%2Fwp%2Fv2%2Fcategories&post=4974"},{"taxonomy":"post_tag","embeddable":true,"href":"https:\/\/vocesdeveracruz.com.mx\/index.php?rest_route=%2Fwp%2Fv2%2Ftags&post=4974"}],"curies":[{"name":"wp","href":"https:\/\/api.w.org\/{rel}","templated":true}]}}