{"id":4967,"date":"2025-12-13T12:37:02","date_gmt":"2025-12-13T18:37:02","guid":{"rendered":"https:\/\/vocesdeveracruz.com.mx\/?p=4967"},"modified":"2025-12-13T12:37:02","modified_gmt":"2025-12-13T18:37:02","slug":"logra-diputado-esteban-bautista-seguridad-social-para-trabajadores-del-estado","status":"publish","type":"post","link":"https:\/\/vocesdeveracruz.com.mx\/?p=4967","title":{"rendered":"Logra diputado Esteban Bautista seguridad social para trabajadores del estado"},"content":{"rendered":"\n<p>Gracias a la intervenci\u00f3n y apoyo del diputado Esteban Bautista Hern\u00e1ndez, presidente de la Junta de Coordinaci\u00f3n Pol\u00edtica (Jucopo) de la LXVII Legislatura, 134 trabajadoras y trabajadores del Instituto de Espacios Educativos del estado obtuvieron seguridad social luego de casi tres d\u00e9cadas sin este beneficio, expres\u00f3 el secretario general del Sindicato \u00danico de Trabajadores al Servicio del Instituto de Espacios Educativos del estado de Veracruz (SUTSIEEEV), Carlos David J\u00e1come Mac\u00edas.<\/p>\n\n\n\n<p>En entrevista, el l\u00edder sindical acudi\u00f3 a la sede del Poder Legislativo para expresar su agradecimiento al legislador Bautista Hern\u00e1ndez, toda vez que fue la clave principal para que las autoridades escucharan sus demandas y los atendieran de manera pronta, dando un resultado positivo para la plantilla laboral y sus familias.<\/p>\n\n\n\n<p>Asimismo, reconoci\u00f3 la voluntad del titular del Instituto de Pensiones del Estado (IPE), Luis Octavio Hern\u00e1ndez Lara, quien particip\u00f3 en las reuniones y se sum\u00f3 a esta causa que ser\u00e1 de gran beneficio para las familias de trabajadoras y trabajadores del estado.<\/p>\n\n\n\n<p>Indic\u00f3 que \u00e9l y su Comit\u00e9 estuvieron en una audiencia de Mi\u00e9rcoles Ciudadano y los atendi\u00f3 el diputado Esteban Bautista, \u201cgestion\u00f3 las reuniones y se sent\u00f3 aqu\u00ed en el Congreso con las autoridades para atender nuestras solicitudes, siendo una negociaci\u00f3n favorable para nosotros\u201d.<\/p>\n\n\n\n<p>J\u00e1come Mac\u00edas expres\u00f3 que esta lucha ten\u00eda una antig\u00fcedad de m\u00e1s de 20 a\u00f1os sin poder concretarse y que registran compa\u00f1eros de sindicato con m\u00e1s de 29 a\u00f1os de servicio, personas con enfermedades degenerativas o inclusive adultos de m\u00e1s de 80 a\u00f1os, \u201cestamos agradecidos con el profesor porque logr\u00f3 para nosotros un beneficio y el retiro digno para los compa\u00f1eros de espacios educativos\u201d<\/p>\n\n\n\n<p>Por otra parte, dijo que avanzan los tr\u00e1mites para incorporar a sus agremiados al IPE y que acaba de realizarse el pasado mi\u00e9rcoles la junta de Consejo Directivo en la cual se aprob\u00f3 la incorporaci\u00f3n de la seguridad social de los integrantes del SUTSIEEEV.<\/p>\n","protected":false},"excerpt":{"rendered":"<p>Gracias a la intervenci\u00f3n y apoyo del diputado Esteban Bautista Hern\u00e1ndez, presidente de la Junta de Coordinaci\u00f3n Pol\u00edtica (Jucopo) de la LXVII Legislatura, 134 trabajadoras y trabajadores del Instituto de&hellip;<\/p>\n","protected":false},"author":1,"featured_media":4968,"comment_status":"open","ping_status":"closed","sticky":false,"template":"","format":"standard","meta":{"footnotes":""},"categories":[71],"tags":[],"class_list":["post-4967","post","type-post","status-publish","format-standard","has-post-thumbnail","hentry","category-estatal"],"magazineBlocksPostFeaturedMedia":{"thumbnail":"https:\/\/vocesdeveracruz.com.mx\/wp-content\/uploads\/2025\/12\/NOV12DIC2025EBHT.1-150x150.jpg","medium":"https:\/\/vocesdeveracruz.com.mx\/wp-content\/uploads\/2025\/12\/NOV12DIC2025EBHT.1-300x200.jpg","medium_large":"https:\/\/vocesdeveracruz.com.mx\/wp-content\/uploads\/2025\/12\/NOV12DIC2025EBHT.1-768x511.jpg","large":"https:\/\/vocesdeveracruz.com.mx\/wp-content\/uploads\/2025\/12\/NOV12DIC2025EBHT.1-1024x682.jpg","1536x1536":"https:\/\/vocesdeveracruz.com.mx\/wp-content\/uploads\/2025\/12\/NOV12DIC2025EBHT.1.jpg","2048x2048":"https:\/\/vocesdeveracruz.com.mx\/wp-content\/uploads\/2025\/12\/NOV12DIC2025EBHT.1.jpg"},"magazineBlocksPostAuthor":{"name":"admin","avatar":"https:\/\/secure.gravatar.com\/avatar\/9d5013f9042ef2dfeb4122e9609da41e1858252ad644b84f2ec3a64ab59cceaf?s=96&d=mm&r=g"},"magazineBlocksPostCommentsNumber":"0","magazineBlocksPostExcerpt":"Gracias a la intervenci\u00f3n y apoyo del diputado Esteban Bautista Hern\u00e1ndez, presidente de la Junta de Coordinaci\u00f3n Pol\u00edtica (Jucopo) de la LXVII Legislatura, 134 trabajadoras y trabajadores del Instituto de&hellip;","magazineBlocksPostCategories":["ESTATAL"],"magazineBlocksPostViewCount":126,"magazineBlocksPostReadTime":2,"magazine_blocks_featured_image_url":{"full":["https:\/\/vocesdeveracruz.com.mx\/wp-content\/uploads\/2025\/12\/NOV12DIC2025EBHT.1.jpg",1280,852,false],"medium":["https:\/\/vocesdeveracruz.com.mx\/wp-content\/uploads\/2025\/12\/NOV12DIC2025EBHT.1-300x200.jpg",300,200,true],"thumbnail":["https:\/\/vocesdeveracruz.com.mx\/wp-content\/uploads\/2025\/12\/NOV12DIC2025EBHT.1-150x150.jpg",150,150,true]},"magazine_blocks_author":{"display_name":"admin","author_link":"https:\/\/vocesdeveracruz.com.mx\/?author=1"},"magazine_blocks_comment":0,"magazine_blocks_author_image":"https:\/\/secure.gravatar.com\/avatar\/9d5013f9042ef2dfeb4122e9609da41e1858252ad644b84f2ec3a64ab59cceaf?s=96&d=mm&r=g","magazine_blocks_category":"<a href=\"https:\/\/vocesdeveracruz.com.mx\/?cat=71\" rel=\"category\">ESTATAL<\/a>","_links":{"self":[{"href":"https:\/\/vocesdeveracruz.com.mx\/index.php?rest_route=\/wp\/v2\/posts\/4967","targetHints":{"allow":["GET"]}}],"collection":[{"href":"https:\/\/vocesdeveracruz.com.mx\/index.php?rest_route=\/wp\/v2\/posts"}],"about":[{"href":"https:\/\/vocesdeveracruz.com.mx\/index.php?rest_route=\/wp\/v2\/types\/post"}],"author":[{"embeddable":true,"href":"https:\/\/vocesdeveracruz.com.mx\/index.php?rest_route=\/wp\/v2\/users\/1"}],"replies":[{"embeddable":true,"href":"https:\/\/vocesdeveracruz.com.mx\/index.php?rest_route=%2Fwp%2Fv2%2Fcomments&post=4967"}],"version-history":[{"count":1,"href":"https:\/\/vocesdeveracruz.com.mx\/index.php?rest_route=\/wp\/v2\/posts\/4967\/revisions"}],"predecessor-version":[{"id":4969,"href":"https:\/\/vocesdeveracruz.com.mx\/index.php?rest_route=\/wp\/v2\/posts\/4967\/revisions\/4969"}],"wp:featuredmedia":[{"embeddable":true,"href":"https:\/\/vocesdeveracruz.com.mx\/index.php?rest_route=\/wp\/v2\/media\/4968"}],"wp:attachment":[{"href":"https:\/\/vocesdeveracruz.com.mx\/index.php?rest_route=%2Fwp%2Fv2%2Fmedia&parent=4967"}],"wp:term":[{"taxonomy":"category","embeddable":true,"href":"https:\/\/vocesdeveracruz.com.mx\/index.php?rest_route=%2Fwp%2Fv2%2Fcategories&post=4967"},{"taxonomy":"post_tag","embeddable":true,"href":"https:\/\/vocesdeveracruz.com.mx\/index.php?rest_route=%2Fwp%2Fv2%2Ftags&post=4967"}],"curies":[{"name":"wp","href":"https:\/\/api.w.org\/{rel}","templated":true}]}}