{"id":4964,"date":"2025-12-13T12:34:50","date_gmt":"2025-12-13T18:34:50","guid":{"rendered":"https:\/\/vocesdeveracruz.com.mx\/?p=4964"},"modified":"2025-12-13T12:34:50","modified_gmt":"2025-12-13T18:34:50","slug":"presenta-comision-de-medio-ambiente-las-acciones-a-realizar-para-el-segundo-ano","status":"publish","type":"post","link":"https:\/\/vocesdeveracruz.com.mx\/?p=4964","title":{"rendered":"Presenta Comisi\u00f3n de Medio Ambiente las acciones a realizar para el Segundo A\u00f1o"},"content":{"rendered":"\n<p>En cumplimiento con lo dispuesto en la fracci\u00f3n IV del Art\u00edculo 57 del Reglamento para el Gobierno Interior del Poder Legislativo, la Comisi\u00f3n Permanente de Medio Ambiente, Recursos Naturales, Cambio Clim\u00e1tico y de Protecci\u00f3n y Bienestar Animal aprob\u00f3 y present\u00f3 su Programa Anual de Trabajo para el segundo a\u00f1o de ejercicio constitucional de la LXVII Legislatura.<\/p>\n\n\n\n<p>Las diputadas Imelda Garrido Alvarado, Ang\u00e9lica Pe\u00f1a Mart\u00ednez y Valeria M\u00e9ndez Moctezuma, presidenta, secretaria y vocal, respectivamente, de la citada instancia legislativa, acordaron sesionar continuamente con la finalidad de analizar y dictaminar a la brevedad los temas que le sean turnados por el Pleno o la Permanente e implementar una pol\u00edtica de puertas abiertas para que la ciudadan\u00eda interesada pueda presentar sus propuestas en la materia.<\/p>\n","protected":false},"excerpt":{"rendered":"<p>En cumplimiento con lo dispuesto en la fracci\u00f3n IV del Art\u00edculo 57 del Reglamento para el Gobierno Interior del Poder Legislativo, la Comisi\u00f3n Permanente de Medio Ambiente, Recursos Naturales, Cambio&hellip;<\/p>\n","protected":false},"author":1,"featured_media":4965,"comment_status":"open","ping_status":"closed","sticky":false,"template":"","format":"standard","meta":{"footnotes":""},"categories":[71],"tags":[],"class_list":["post-4964","post","type-post","status-publish","format-standard","has-post-thumbnail","hentry","category-estatal"],"magazineBlocksPostFeaturedMedia":{"thumbnail":"https:\/\/vocesdeveracruz.com.mx\/wp-content\/uploads\/2025\/12\/NOV12DIC2025AMBIENTE1-150x150.jpg","medium":"https:\/\/vocesdeveracruz.com.mx\/wp-content\/uploads\/2025\/12\/NOV12DIC2025AMBIENTE1-300x200.jpg","medium_large":"https:\/\/vocesdeveracruz.com.mx\/wp-content\/uploads\/2025\/12\/NOV12DIC2025AMBIENTE1-768x512.jpg","large":"https:\/\/vocesdeveracruz.com.mx\/wp-content\/uploads\/2025\/12\/NOV12DIC2025AMBIENTE1-1024x683.jpg","1536x1536":"https:\/\/vocesdeveracruz.com.mx\/wp-content\/uploads\/2025\/12\/NOV12DIC2025AMBIENTE1.jpg","2048x2048":"https:\/\/vocesdeveracruz.com.mx\/wp-content\/uploads\/2025\/12\/NOV12DIC2025AMBIENTE1.jpg"},"magazineBlocksPostAuthor":{"name":"admin","avatar":"https:\/\/secure.gravatar.com\/avatar\/9d5013f9042ef2dfeb4122e9609da41e1858252ad644b84f2ec3a64ab59cceaf?s=96&d=mm&r=g"},"magazineBlocksPostCommentsNumber":"0","magazineBlocksPostExcerpt":"En cumplimiento con lo dispuesto en la fracci\u00f3n IV del Art\u00edculo 57 del Reglamento para el Gobierno Interior del Poder Legislativo, la Comisi\u00f3n Permanente de Medio Ambiente, Recursos Naturales, Cambio&hellip;","magazineBlocksPostCategories":["ESTATAL"],"magazineBlocksPostViewCount":125,"magazineBlocksPostReadTime":1,"magazine_blocks_featured_image_url":{"full":["https:\/\/vocesdeveracruz.com.mx\/wp-content\/uploads\/2025\/12\/NOV12DIC2025AMBIENTE1.jpg",1280,854,false],"medium":["https:\/\/vocesdeveracruz.com.mx\/wp-content\/uploads\/2025\/12\/NOV12DIC2025AMBIENTE1-300x200.jpg",300,200,true],"thumbnail":["https:\/\/vocesdeveracruz.com.mx\/wp-content\/uploads\/2025\/12\/NOV12DIC2025AMBIENTE1-150x150.jpg",150,150,true]},"magazine_blocks_author":{"display_name":"admin","author_link":"https:\/\/vocesdeveracruz.com.mx\/?author=1"},"magazine_blocks_comment":0,"magazine_blocks_author_image":"https:\/\/secure.gravatar.com\/avatar\/9d5013f9042ef2dfeb4122e9609da41e1858252ad644b84f2ec3a64ab59cceaf?s=96&d=mm&r=g","magazine_blocks_category":"<a href=\"https:\/\/vocesdeveracruz.com.mx\/?cat=71\" rel=\"category\">ESTATAL<\/a>","_links":{"self":[{"href":"https:\/\/vocesdeveracruz.com.mx\/index.php?rest_route=\/wp\/v2\/posts\/4964","targetHints":{"allow":["GET"]}}],"collection":[{"href":"https:\/\/vocesdeveracruz.com.mx\/index.php?rest_route=\/wp\/v2\/posts"}],"about":[{"href":"https:\/\/vocesdeveracruz.com.mx\/index.php?rest_route=\/wp\/v2\/types\/post"}],"author":[{"embeddable":true,"href":"https:\/\/vocesdeveracruz.com.mx\/index.php?rest_route=\/wp\/v2\/users\/1"}],"replies":[{"embeddable":true,"href":"https:\/\/vocesdeveracruz.com.mx\/index.php?rest_route=%2Fwp%2Fv2%2Fcomments&post=4964"}],"version-history":[{"count":1,"href":"https:\/\/vocesdeveracruz.com.mx\/index.php?rest_route=\/wp\/v2\/posts\/4964\/revisions"}],"predecessor-version":[{"id":4966,"href":"https:\/\/vocesdeveracruz.com.mx\/index.php?rest_route=\/wp\/v2\/posts\/4964\/revisions\/4966"}],"wp:featuredmedia":[{"embeddable":true,"href":"https:\/\/vocesdeveracruz.com.mx\/index.php?rest_route=\/wp\/v2\/media\/4965"}],"wp:attachment":[{"href":"https:\/\/vocesdeveracruz.com.mx\/index.php?rest_route=%2Fwp%2Fv2%2Fmedia&parent=4964"}],"wp:term":[{"taxonomy":"category","embeddable":true,"href":"https:\/\/vocesdeveracruz.com.mx\/index.php?rest_route=%2Fwp%2Fv2%2Fcategories&post=4964"},{"taxonomy":"post_tag","embeddable":true,"href":"https:\/\/vocesdeveracruz.com.mx\/index.php?rest_route=%2Fwp%2Fv2%2Ftags&post=4964"}],"curies":[{"name":"wp","href":"https:\/\/api.w.org\/{rel}","templated":true}]}}