{"id":4961,"date":"2025-12-13T12:33:47","date_gmt":"2025-12-13T18:33:47","guid":{"rendered":"https:\/\/vocesdeveracruz.com.mx\/?p=4961"},"modified":"2025-12-13T12:33:47","modified_gmt":"2025-12-13T18:33:47","slug":"aprueba-comision-de-transporte-su-segundo-programa-anual-de-trabajo","status":"publish","type":"post","link":"https:\/\/vocesdeveracruz.com.mx\/?p=4961","title":{"rendered":"Aprueba Comisi\u00f3n de Transporte su segundo Programa Anual de Trabajo"},"content":{"rendered":"\n<p>La Comisi\u00f3n Permanente de Transporte, Tr\u00e1nsito y Vialidad de la LXVII Legislatura del estado, integrada por el diputado Juan Tress Zilli y por las diputadas Valeria M\u00e9ndez Moctezuma y Nallely Mendoza Camarillo, presidente, secretaria y vocal, respectivamente, aprob\u00f3 su Programa Anual de Trabajo para el segundo a\u00f1o de ejercicio constitucional.<\/p>\n\n\n\n<p>Lo anterior, en cumplimiento con lo dispuesto en la fracci\u00f3n IV del Articulo 57 del Reglamento para el Gobierno Interior del Poder Legislativo, el cual puntualiza la obligaci\u00f3n de las Comisiones de elaborar su Programa, dividido en actividades por per\u00edodos de sesiones ordinarias o por recesos, precisando las subcomisiones, grupos de trabajo o diputados responsables de las mismas, as\u00ed como los objetivos y metas a cumplir.<\/p>\n\n\n\n<p>De acuerdo con el documento avalado por el legislador y por las legisladoras, la Comisi\u00f3n de Transporte prev\u00e9 realizar reuniones para el desahogo de los asuntos que le sean turnados por el Pleno o la Diputaci\u00f3n Permanente y proponer la actualizaci\u00f3n de normas en la materia, a trav\u00e9s de la presentaci\u00f3n de iniciativas de ley o decreto.<\/p>\n\n\n\n<p>Asimismo, prev\u00e9 la invitaci\u00f3n a las autoridades transportistas competentes, y\/o concesionarios, sociedad civil y dem\u00e1s sectores para escucharlos en relaci\u00f3n con temas de transporte, tr\u00e1nsito, vialidad y movilidad. Adem\u00e1s, la organizaci\u00f3n en mayo de la Semana de la Movilidad y la Seguridad Vial.<\/p>\n\n\n\n<p>Por otra parte, el Programa destaca la realizaci\u00f3n de reuniones t\u00e9cnicas para concretar la armonizaci\u00f3n estatal de la Ley de Movilidad.<\/p>\n","protected":false},"excerpt":{"rendered":"<p>La Comisi\u00f3n Permanente de Transporte, Tr\u00e1nsito y Vialidad de la LXVII Legislatura del estado, integrada por el diputado Juan Tress Zilli y por las diputadas Valeria M\u00e9ndez Moctezuma y Nallely&hellip;<\/p>\n","protected":false},"author":1,"featured_media":4962,"comment_status":"open","ping_status":"closed","sticky":false,"template":"","format":"standard","meta":{"footnotes":""},"categories":[71],"tags":[],"class_list":["post-4961","post","type-post","status-publish","format-standard","has-post-thumbnail","hentry","category-estatal"],"magazineBlocksPostFeaturedMedia":{"thumbnail":"https:\/\/vocesdeveracruz.com.mx\/wp-content\/uploads\/2025\/12\/NOV12DIC2025TRANPOS.1-150x150.jpg","medium":"https:\/\/vocesdeveracruz.com.mx\/wp-content\/uploads\/2025\/12\/NOV12DIC2025TRANPOS.1-300x185.jpg","medium_large":"https:\/\/vocesdeveracruz.com.mx\/wp-content\/uploads\/2025\/12\/NOV12DIC2025TRANPOS.1-768x474.jpg","large":"https:\/\/vocesdeveracruz.com.mx\/wp-content\/uploads\/2025\/12\/NOV12DIC2025TRANPOS.1.jpg","1536x1536":"https:\/\/vocesdeveracruz.com.mx\/wp-content\/uploads\/2025\/12\/NOV12DIC2025TRANPOS.1.jpg","2048x2048":"https:\/\/vocesdeveracruz.com.mx\/wp-content\/uploads\/2025\/12\/NOV12DIC2025TRANPOS.1.jpg"},"magazineBlocksPostAuthor":{"name":"admin","avatar":"https:\/\/secure.gravatar.com\/avatar\/9d5013f9042ef2dfeb4122e9609da41e1858252ad644b84f2ec3a64ab59cceaf?s=96&d=mm&r=g"},"magazineBlocksPostCommentsNumber":"0","magazineBlocksPostExcerpt":"La Comisi\u00f3n Permanente de Transporte, Tr\u00e1nsito y Vialidad de la LXVII Legislatura del estado, integrada por el diputado Juan Tress Zilli y por las diputadas Valeria M\u00e9ndez Moctezuma y Nallely&hellip;","magazineBlocksPostCategories":["ESTATAL"],"magazineBlocksPostViewCount":133,"magazineBlocksPostReadTime":2,"magazine_blocks_featured_image_url":{"full":["https:\/\/vocesdeveracruz.com.mx\/wp-content\/uploads\/2025\/12\/NOV12DIC2025TRANPOS.1.jpg",960,592,false],"medium":["https:\/\/vocesdeveracruz.com.mx\/wp-content\/uploads\/2025\/12\/NOV12DIC2025TRANPOS.1-300x185.jpg",300,185,true],"thumbnail":["https:\/\/vocesdeveracruz.com.mx\/wp-content\/uploads\/2025\/12\/NOV12DIC2025TRANPOS.1-150x150.jpg",150,150,true]},"magazine_blocks_author":{"display_name":"admin","author_link":"https:\/\/vocesdeveracruz.com.mx\/?author=1"},"magazine_blocks_comment":0,"magazine_blocks_author_image":"https:\/\/secure.gravatar.com\/avatar\/9d5013f9042ef2dfeb4122e9609da41e1858252ad644b84f2ec3a64ab59cceaf?s=96&d=mm&r=g","magazine_blocks_category":"<a href=\"https:\/\/vocesdeveracruz.com.mx\/?cat=71\" rel=\"category\">ESTATAL<\/a>","_links":{"self":[{"href":"https:\/\/vocesdeveracruz.com.mx\/index.php?rest_route=\/wp\/v2\/posts\/4961","targetHints":{"allow":["GET"]}}],"collection":[{"href":"https:\/\/vocesdeveracruz.com.mx\/index.php?rest_route=\/wp\/v2\/posts"}],"about":[{"href":"https:\/\/vocesdeveracruz.com.mx\/index.php?rest_route=\/wp\/v2\/types\/post"}],"author":[{"embeddable":true,"href":"https:\/\/vocesdeveracruz.com.mx\/index.php?rest_route=\/wp\/v2\/users\/1"}],"replies":[{"embeddable":true,"href":"https:\/\/vocesdeveracruz.com.mx\/index.php?rest_route=%2Fwp%2Fv2%2Fcomments&post=4961"}],"version-history":[{"count":1,"href":"https:\/\/vocesdeveracruz.com.mx\/index.php?rest_route=\/wp\/v2\/posts\/4961\/revisions"}],"predecessor-version":[{"id":4963,"href":"https:\/\/vocesdeveracruz.com.mx\/index.php?rest_route=\/wp\/v2\/posts\/4961\/revisions\/4963"}],"wp:featuredmedia":[{"embeddable":true,"href":"https:\/\/vocesdeveracruz.com.mx\/index.php?rest_route=\/wp\/v2\/media\/4962"}],"wp:attachment":[{"href":"https:\/\/vocesdeveracruz.com.mx\/index.php?rest_route=%2Fwp%2Fv2%2Fmedia&parent=4961"}],"wp:term":[{"taxonomy":"category","embeddable":true,"href":"https:\/\/vocesdeveracruz.com.mx\/index.php?rest_route=%2Fwp%2Fv2%2Fcategories&post=4961"},{"taxonomy":"post_tag","embeddable":true,"href":"https:\/\/vocesdeveracruz.com.mx\/index.php?rest_route=%2Fwp%2Fv2%2Ftags&post=4961"}],"curies":[{"name":"wp","href":"https:\/\/api.w.org\/{rel}","templated":true}]}}