{"id":4954,"date":"2025-12-08T21:43:30","date_gmt":"2025-12-09T03:43:30","guid":{"rendered":"https:\/\/vocesdeveracruz.com.mx\/?p=4954"},"modified":"2025-12-08T21:43:30","modified_gmt":"2025-12-09T03:43:30","slug":"elige-congreso-a-ganadora-de-la-medalla-adolfo-ruiz-cortines-2025","status":"publish","type":"post","link":"https:\/\/vocesdeveracruz.com.mx\/?p=4954","title":{"rendered":"Elige Congreso a ganadora de la Medalla Adolfo Ruiz Cortines 2025"},"content":{"rendered":"\n<p>\u2022&nbsp;&nbsp;&nbsp;&nbsp;&nbsp;&nbsp;&nbsp;&nbsp;&nbsp;&nbsp;&nbsp;&nbsp; Otorgan diputadas y diputados 40 votos a favor de la ciudadana Mar\u00eda Luisa Bandala Pantoja, destacada veracruzana que ha dedicado su vida a la inclusi\u00f3n, la accesibilidad y el deporte adaptado.<\/p>\n\n\n\n<p>Xalapa, Ver.- Con 40 votos, el Pleno de la LXVII Legislatura eligi\u00f3 a la ciudadana Mar\u00eda Luisa Bandala Pantoja como acreedora de la Medalla y Diploma \u201cAdolfo Ruiz Cortines\u201d 2025, por su trayectoria enfocada en promover la inclusi\u00f3n, la accesibilidad y el deporte adaptado y su experiencia, liderazgo y compromiso social.<\/p>\n\n\n\n<p>Durante la Decimocuarta Sesi\u00f3n Ordinaria, la Mesa Directiva, presidida por la diputada Naomi Edith G\u00f3mez Santos, dio a conocer el dictamen de la Comisi\u00f3n Especial para el Otorgamiento de la Medalla y Diploma \u201cAdolfo Ruiz Cortines\u201d 2025, por el que sus integrantes presentaron una terna derivada de un total de seis propuestas, enlistadas en orden alfab\u00e9tico, e integrada por la ciudadana y los ciudadanos Emilio \u00c1lvarez Mikel, Mar\u00eda Luisa Bandala Pantoja y Ra\u00fal Peimbert D\u00edaz.<\/p>\n\n\n\n<p>Las legisladoras y los legisladores emitieron su voto y, una vez verificado el resultado, la Mesa Directiva dio a conocer el resultado y su presidenta instruy\u00f3 comunicar esta resoluci\u00f3n a la ciudadana seleccionada, a la gobernadora del estado y a la presidenta del Tribunal Superior de Justicia, y la publicaci\u00f3n del Acuerdo en la Gaceta Oficial del Estado.<\/p>\n\n\n\n<p>Este premio ser\u00e1 entregado en Sesi\u00f3n Solemne del Pleno de la LXVII Legislatura del Congreso del Estado, el d\u00eda que acuerde la Junta de Coordinaci\u00f3n Pol\u00edtica, en el Recinto Oficial de Sesiones del Palacio Legislativo, con la presencia de las titulares de los tres poderes del Estado.<\/p>\n\n\n\n<p>La Comisi\u00f3n Especial para el Otorgamiento de la Medalla y Diploma \u201cAdolfo Ruiz Cortines\u201d 2025 estuvo<\/p>\n","protected":false},"excerpt":{"rendered":"<p>\u2022&nbsp;&nbsp;&nbsp;&nbsp;&nbsp;&nbsp;&nbsp;&nbsp;&nbsp;&nbsp;&nbsp;&nbsp; Otorgan diputadas y diputados 40 votos a favor de la ciudadana Mar\u00eda Luisa Bandala Pantoja, destacada veracruzana que ha dedicado su vida a la inclusi\u00f3n, la accesibilidad y el&hellip;<\/p>\n","protected":false},"author":1,"featured_media":4955,"comment_status":"open","ping_status":"closed","sticky":false,"template":"","format":"standard","meta":{"footnotes":""},"categories":[71],"tags":[],"class_list":["post-4954","post","type-post","status-publish","format-standard","has-post-thumbnail","hentry","category-estatal"],"magazineBlocksPostFeaturedMedia":{"thumbnail":"https:\/\/vocesdeveracruz.com.mx\/wp-content\/uploads\/2025\/12\/594963153_1275703451253593_3821701022040342632_n-150x150.jpg","medium":"https:\/\/vocesdeveracruz.com.mx\/wp-content\/uploads\/2025\/12\/594963153_1275703451253593_3821701022040342632_n-300x200.jpg","medium_large":"https:\/\/vocesdeveracruz.com.mx\/wp-content\/uploads\/2025\/12\/594963153_1275703451253593_3821701022040342632_n-768x511.jpg","large":"https:\/\/vocesdeveracruz.com.mx\/wp-content\/uploads\/2025\/12\/594963153_1275703451253593_3821701022040342632_n.jpg","1536x1536":"https:\/\/vocesdeveracruz.com.mx\/wp-content\/uploads\/2025\/12\/594963153_1275703451253593_3821701022040342632_n.jpg","2048x2048":"https:\/\/vocesdeveracruz.com.mx\/wp-content\/uploads\/2025\/12\/594963153_1275703451253593_3821701022040342632_n.jpg"},"magazineBlocksPostAuthor":{"name":"admin","avatar":"https:\/\/secure.gravatar.com\/avatar\/9d5013f9042ef2dfeb4122e9609da41e1858252ad644b84f2ec3a64ab59cceaf?s=96&d=mm&r=g"},"magazineBlocksPostCommentsNumber":"0","magazineBlocksPostExcerpt":"\u2022&nbsp;&nbsp;&nbsp;&nbsp;&nbsp;&nbsp;&nbsp;&nbsp;&nbsp;&nbsp;&nbsp;&nbsp; Otorgan diputadas y diputados 40 votos a favor de la ciudadana Mar\u00eda Luisa Bandala Pantoja, destacada veracruzana que ha dedicado su vida a la inclusi\u00f3n, la accesibilidad y el&hellip;","magazineBlocksPostCategories":["ESTATAL"],"magazineBlocksPostViewCount":124,"magazineBlocksPostReadTime":2,"magazine_blocks_featured_image_url":{"full":["https:\/\/vocesdeveracruz.com.mx\/wp-content\/uploads\/2025\/12\/594963153_1275703451253593_3821701022040342632_n.jpg",811,540,false],"medium":["https:\/\/vocesdeveracruz.com.mx\/wp-content\/uploads\/2025\/12\/594963153_1275703451253593_3821701022040342632_n-300x200.jpg",300,200,true],"thumbnail":["https:\/\/vocesdeveracruz.com.mx\/wp-content\/uploads\/2025\/12\/594963153_1275703451253593_3821701022040342632_n-150x150.jpg",150,150,true]},"magazine_blocks_author":{"display_name":"admin","author_link":"https:\/\/vocesdeveracruz.com.mx\/?author=1"},"magazine_blocks_comment":0,"magazine_blocks_author_image":"https:\/\/secure.gravatar.com\/avatar\/9d5013f9042ef2dfeb4122e9609da41e1858252ad644b84f2ec3a64ab59cceaf?s=96&d=mm&r=g","magazine_blocks_category":"<a href=\"https:\/\/vocesdeveracruz.com.mx\/?cat=71\" rel=\"category\">ESTATAL<\/a>","_links":{"self":[{"href":"https:\/\/vocesdeveracruz.com.mx\/index.php?rest_route=\/wp\/v2\/posts\/4954","targetHints":{"allow":["GET"]}}],"collection":[{"href":"https:\/\/vocesdeveracruz.com.mx\/index.php?rest_route=\/wp\/v2\/posts"}],"about":[{"href":"https:\/\/vocesdeveracruz.com.mx\/index.php?rest_route=\/wp\/v2\/types\/post"}],"author":[{"embeddable":true,"href":"https:\/\/vocesdeveracruz.com.mx\/index.php?rest_route=\/wp\/v2\/users\/1"}],"replies":[{"embeddable":true,"href":"https:\/\/vocesdeveracruz.com.mx\/index.php?rest_route=%2Fwp%2Fv2%2Fcomments&post=4954"}],"version-history":[{"count":1,"href":"https:\/\/vocesdeveracruz.com.mx\/index.php?rest_route=\/wp\/v2\/posts\/4954\/revisions"}],"predecessor-version":[{"id":4956,"href":"https:\/\/vocesdeveracruz.com.mx\/index.php?rest_route=\/wp\/v2\/posts\/4954\/revisions\/4956"}],"wp:featuredmedia":[{"embeddable":true,"href":"https:\/\/vocesdeveracruz.com.mx\/index.php?rest_route=\/wp\/v2\/media\/4955"}],"wp:attachment":[{"href":"https:\/\/vocesdeveracruz.com.mx\/index.php?rest_route=%2Fwp%2Fv2%2Fmedia&parent=4954"}],"wp:term":[{"taxonomy":"category","embeddable":true,"href":"https:\/\/vocesdeveracruz.com.mx\/index.php?rest_route=%2Fwp%2Fv2%2Fcategories&post=4954"},{"taxonomy":"post_tag","embeddable":true,"href":"https:\/\/vocesdeveracruz.com.mx\/index.php?rest_route=%2Fwp%2Fv2%2Ftags&post=4954"}],"curies":[{"name":"wp","href":"https:\/\/api.w.org\/{rel}","templated":true}]}}