{"id":4951,"date":"2025-12-08T21:40:46","date_gmt":"2025-12-09T03:40:46","guid":{"rendered":"https:\/\/vocesdeveracruz.com.mx\/?p=4951"},"modified":"2025-12-08T21:40:46","modified_gmt":"2025-12-09T03:40:46","slug":"decreto-arancelario-fortalece-la-produccion-canera-nacional-diputada","status":"publish","type":"post","link":"https:\/\/vocesdeveracruz.com.mx\/?p=4951","title":{"rendered":"Decreto arancelario, fortalece la producci\u00f3n ca\u00f1era nacional: diputada"},"content":{"rendered":"\n<p><strong>\u2022\u00a0\u00a0\u00a0\u00a0\u00a0\u00a0\u00a0\u00a0\u00a0\u00a0\u00a0\u00a0 La modificaci\u00f3n de la tarifa de importaci\u00f3n y exportaci\u00f3n de az\u00facar, estabiliza el mercado interno y desalienta pr\u00e1cticas desleales, afirma la legisladora Dulce Mar\u00eda Hern\u00e1ndez Tepole.<\/strong><\/p>\n\n\n\n<p>Xalapa, Ver.- Al pronunciarse en relaci\u00f3n con el Decreto que modifica la Tarifa de la Ley de los Impuestos Generales de Importaci\u00f3n y Exportaci\u00f3n en lo referente al az\u00facar y sus derivados, la diputada Dulce Mar\u00eda Hern\u00e1ndez Tepole expres\u00f3 su reconocimiento al Gobierno de la Rep\u00fablica y la titular del Ejecutivo, doctora Claudia Sheinbaum Pardo, por su postura a favor.<\/p>\n\n\n\n<p>Durante su intervenci\u00f3n en la d\u00e9cima cuarta sesi\u00f3n ordinaria, la legisladora subray\u00f3 que el citado decreto se apoya en an\u00e1lisis t\u00e9cnicos, jur\u00eddicos y de pol\u00edtica p\u00fablica; atiende la protecci\u00f3n de la planta productiva nacional, la estabilidad del ingreso de las familias rurales y la seguridad de abasto.<\/p>\n\n\n\n<p>Adem\u00e1s, indic\u00f3, guarda coherencia con el Plan Nacional de Desarrollo 2025\u20132030, el Plan Veracruzano de Desarrollo 2025\u20132030 y los Objetivos de Desarrollo Sostenible (ODS).<\/p>\n\n\n\n<p>La tambi\u00e9n presidenta de la Comisi\u00f3n Permanente de Desarrollo Agropecuario, Rural y Forestal manifest\u00f3 que el objetivo central del decreto consiste en promover condiciones que fortalezcan a la agroindustria de la ca\u00f1a de az\u00facar, con mayor generaci\u00f3n de empleo, bienestar y participaci\u00f3n de productores y productoras en la econom\u00eda nacional.<\/p>\n\n\n\n<p>Asimismo, destac\u00f3 que el cultivo de ca\u00f1a se realiza en centenares de municipios del pa\u00eds y que los ingenios se abastecen de decenas de miles de productores y constituyen una fuente de trabajo clave en las zonas de abasto. \u201cEn Veracruz, la cadena ca\u00f1era incide de forma decisiva en la econom\u00eda regional, tanto por su volumen de producci\u00f3n como por su capacidad de exportaci\u00f3n\u201d.<\/p>\n\n\n\n<p>Tras mencionar que Veracruz integra un ecosistema ca\u00f1ero de alta relevancia y que se<\/p>\n\n\n\n<p>Precis\u00f3 que el decreto arancelario contribuye a estabilizar el mercado interno y desalienta pr\u00e1cticas desleales, pero, puntualiz\u00f3, el reto exige acciones complementarias como son el manejo integrado de plagas y enfermedades; recuperaci\u00f3n de la fertilidad del suelo con pr\u00e1cticas agroecol\u00f3gicas; innovaci\u00f3n tecnol\u00f3gica en campo e ingenio; financiamiento oportuno y cumplimiento de acuerdos comerciales y laborales.<\/p>\n\n\n\n<p>Para finalizar, la diputada convoc\u00f3 a los tres \u00f3rdenes de gobierno, iniciativa privada y a las comunidades productoras a redoblar la coordinaci\u00f3n. \u201cLos ayuntamientos, mediante sus direcciones de Fomento Agropecuario, pueden impulsar programas de suelo sano, capacitaci\u00f3n t\u00e9cnica, manejo de residuos y conservaci\u00f3n de agua; mientras que el estado y la federaci\u00f3n pueden fortalecer extensionismo, aseguramiento agr\u00edcola y esquemas de comercializaci\u00f3n\u201d, concluy\u00f3.<\/p>\n","protected":false},"excerpt":{"rendered":"<p>\u2022\u00a0\u00a0\u00a0\u00a0\u00a0\u00a0\u00a0\u00a0\u00a0\u00a0\u00a0\u00a0 La modificaci\u00f3n de la tarifa de importaci\u00f3n y exportaci\u00f3n de az\u00facar, estabiliza el mercado interno y desalienta pr\u00e1cticas desleales, afirma la legisladora Dulce Mar\u00eda Hern\u00e1ndez Tepole. Xalapa, Ver.- Al&hellip;<\/p>\n","protected":false},"author":1,"featured_media":4952,"comment_status":"open","ping_status":"closed","sticky":false,"template":"","format":"standard","meta":{"footnotes":""},"categories":[71],"tags":[],"class_list":["post-4951","post","type-post","status-publish","format-standard","has-post-thumbnail","hentry","category-estatal"],"magazineBlocksPostFeaturedMedia":{"thumbnail":"https:\/\/vocesdeveracruz.com.mx\/wp-content\/uploads\/2025\/12\/597134202_1275702111253727_7554383415282594596_n-150x150.jpg","medium":"https:\/\/vocesdeveracruz.com.mx\/wp-content\/uploads\/2025\/12\/597134202_1275702111253727_7554383415282594596_n-300x200.jpg","medium_large":"https:\/\/vocesdeveracruz.com.mx\/wp-content\/uploads\/2025\/12\/597134202_1275702111253727_7554383415282594596_n-768x513.jpg","large":"https:\/\/vocesdeveracruz.com.mx\/wp-content\/uploads\/2025\/12\/597134202_1275702111253727_7554383415282594596_n.jpg","1536x1536":"https:\/\/vocesdeveracruz.com.mx\/wp-content\/uploads\/2025\/12\/597134202_1275702111253727_7554383415282594596_n.jpg","2048x2048":"https:\/\/vocesdeveracruz.com.mx\/wp-content\/uploads\/2025\/12\/597134202_1275702111253727_7554383415282594596_n.jpg"},"magazineBlocksPostAuthor":{"name":"admin","avatar":"https:\/\/secure.gravatar.com\/avatar\/9d5013f9042ef2dfeb4122e9609da41e1858252ad644b84f2ec3a64ab59cceaf?s=96&d=mm&r=g"},"magazineBlocksPostCommentsNumber":"0","magazineBlocksPostExcerpt":"\u2022\u00a0\u00a0\u00a0\u00a0\u00a0\u00a0\u00a0\u00a0\u00a0\u00a0\u00a0\u00a0 La modificaci\u00f3n de la tarifa de importaci\u00f3n y exportaci\u00f3n de az\u00facar, estabiliza el mercado interno y desalienta pr\u00e1cticas desleales, afirma la legisladora Dulce Mar\u00eda Hern\u00e1ndez Tepole. Xalapa, Ver.- Al&hellip;","magazineBlocksPostCategories":["ESTATAL"],"magazineBlocksPostViewCount":156,"magazineBlocksPostReadTime":3,"magazine_blocks_featured_image_url":{"full":["https:\/\/vocesdeveracruz.com.mx\/wp-content\/uploads\/2025\/12\/597134202_1275702111253727_7554383415282594596_n.jpg",809,540,false],"medium":["https:\/\/vocesdeveracruz.com.mx\/wp-content\/uploads\/2025\/12\/597134202_1275702111253727_7554383415282594596_n-300x200.jpg",300,200,true],"thumbnail":["https:\/\/vocesdeveracruz.com.mx\/wp-content\/uploads\/2025\/12\/597134202_1275702111253727_7554383415282594596_n-150x150.jpg",150,150,true]},"magazine_blocks_author":{"display_name":"admin","author_link":"https:\/\/vocesdeveracruz.com.mx\/?author=1"},"magazine_blocks_comment":0,"magazine_blocks_author_image":"https:\/\/secure.gravatar.com\/avatar\/9d5013f9042ef2dfeb4122e9609da41e1858252ad644b84f2ec3a64ab59cceaf?s=96&d=mm&r=g","magazine_blocks_category":"<a href=\"https:\/\/vocesdeveracruz.com.mx\/?cat=71\" rel=\"category\">ESTATAL<\/a>","_links":{"self":[{"href":"https:\/\/vocesdeveracruz.com.mx\/index.php?rest_route=\/wp\/v2\/posts\/4951","targetHints":{"allow":["GET"]}}],"collection":[{"href":"https:\/\/vocesdeveracruz.com.mx\/index.php?rest_route=\/wp\/v2\/posts"}],"about":[{"href":"https:\/\/vocesdeveracruz.com.mx\/index.php?rest_route=\/wp\/v2\/types\/post"}],"author":[{"embeddable":true,"href":"https:\/\/vocesdeveracruz.com.mx\/index.php?rest_route=\/wp\/v2\/users\/1"}],"replies":[{"embeddable":true,"href":"https:\/\/vocesdeveracruz.com.mx\/index.php?rest_route=%2Fwp%2Fv2%2Fcomments&post=4951"}],"version-history":[{"count":1,"href":"https:\/\/vocesdeveracruz.com.mx\/index.php?rest_route=\/wp\/v2\/posts\/4951\/revisions"}],"predecessor-version":[{"id":4953,"href":"https:\/\/vocesdeveracruz.com.mx\/index.php?rest_route=\/wp\/v2\/posts\/4951\/revisions\/4953"}],"wp:featuredmedia":[{"embeddable":true,"href":"https:\/\/vocesdeveracruz.com.mx\/index.php?rest_route=\/wp\/v2\/media\/4952"}],"wp:attachment":[{"href":"https:\/\/vocesdeveracruz.com.mx\/index.php?rest_route=%2Fwp%2Fv2%2Fmedia&parent=4951"}],"wp:term":[{"taxonomy":"category","embeddable":true,"href":"https:\/\/vocesdeveracruz.com.mx\/index.php?rest_route=%2Fwp%2Fv2%2Fcategories&post=4951"},{"taxonomy":"post_tag","embeddable":true,"href":"https:\/\/vocesdeveracruz.com.mx\/index.php?rest_route=%2Fwp%2Fv2%2Ftags&post=4951"}],"curies":[{"name":"wp","href":"https:\/\/api.w.org\/{rel}","templated":true}]}}