{"id":4948,"date":"2025-12-08T21:39:07","date_gmt":"2025-12-09T03:39:07","guid":{"rendered":"https:\/\/vocesdeveracruz.com.mx\/?p=4948"},"modified":"2025-12-08T21:39:07","modified_gmt":"2025-12-09T03:39:07","slug":"ayuntamientos-deben-garantizar-espacios-laborales-para-personas-con-discapacidad","status":"publish","type":"post","link":"https:\/\/vocesdeveracruz.com.mx\/?p=4948","title":{"rendered":"Ayuntamientos deben garantizar espacios laborales para personas con discapacidad"},"content":{"rendered":"\n<p><\/p>\n\n\n\n<p><strong>\u2022\u00a0Exhorta el diputado Omar Blanco a que nuevas autoridades cumplan con lo dispuesto en la Ley y den al menos el 3 por ciento de los espacios disponibles de la administraci\u00f3n p\u00fablica municipal.<\/strong><\/p>\n\n\n\n<p>Xalapa, Ver.- El presidente de la Comisi\u00f3n Permanente de Derechos Humanos y Atenci\u00f3n a Grupos Vulnerables de la LXVII Legislatura, diputado Omar Edmundo Blanco Mart\u00ednez, exhort\u00f3 a las autoridades municipales electas de los 212 ayuntamientos de la entidad para que den cumplimiento a lo dispuesto en el Art\u00edculo 21 de la Ley para la Integraci\u00f3n de las Personas con Discapacidad y garanticen que al menos el 3 por ciento de las vacantes disponibles en la administraci\u00f3n p\u00fablica municipal sea ocupado por personas con discapacidad.<\/p>\n\n\n\n<p>Durante su participaci\u00f3n en la decimocuarta sesi\u00f3n ordinaria, el legislador dijo que el pr\u00f3ximo 1 de enero entrar\u00e1n en funciones las nuevas administraciones de los 212 Ayuntamientos de la entidad, quienes tendr\u00e1n bajo su responsabilidad la integraci\u00f3n de su personal de trabajo, y la definici\u00f3n de sus pol\u00edticas internas en materia laboral y administrativa.<\/p>\n\n\n\n<p>Indic\u00f3 que este proceso de renovaci\u00f3n representa la oportunidad crucial para que los gobiernos municipales adopten pr\u00e1cticas inclusivas y cumplan de manera estricta con lo dispuesto en la normatividad vigente, particularmente con lo establecido en la Ley N\u00famero 822 para la Integraci\u00f3n de las Personas con Discapacidad.<\/p>\n\n\n\n<p>El diputado Omar Blanco puntualiz\u00f3 que el Art\u00edculo 21 de la citada ley establece expresamente que los ayuntamientos deber\u00e1n destinar al menos el 3 por ciento de las vacantes disponibles para la contrataci\u00f3n de personas con discapacidad, siempre que \u00e9stas cumplan con el perfil, y las aptitudes necesarias para el desempe\u00f1o del cargo.<\/p>\n\n\n\n<p>\u201cEsta disposici\u00f3n constituye una acci\u00f3n afirmativa y una obligaci\u00f3n legal que busca garantizar condiciones de inclusi\u00f3n laboral y contribuir al pleno ejercicio de los derechos de este sector de la poblaci\u00f3n\u201d, precis\u00f3 el integrante del Grupo Legislativo de Morena.<\/p>\n\n\n\n<p>Para finalizar, el diputado argument\u00f3 que las personas con discapacidad no requieren d\u00e1divas ni tratos asistencialistas, sino oportunidades reales de empleo y el acceso efectivo a espacios donde puedan demostrar su capacidad y talento, \u201cya, que, a pesar de nuestra preparaci\u00f3n y potencial, muchas veces enfrentamos de manera cotidiana diversas barreras para incorporarse al trabajo formal, muchas de ellas por la falta de condiciones inclusivas y accesibles dentro de los entornos laborales\u201d, concluy\u00f3.<\/p>\n","protected":false},"excerpt":{"rendered":"<p>\u2022\u00a0Exhorta el diputado Omar Blanco a que nuevas autoridades cumplan con lo dispuesto en la Ley y den al menos el 3 por ciento de los espacios disponibles de la&hellip;<\/p>\n","protected":false},"author":1,"featured_media":4949,"comment_status":"open","ping_status":"closed","sticky":false,"template":"","format":"standard","meta":{"footnotes":""},"categories":[71],"tags":[],"class_list":["post-4948","post","type-post","status-publish","format-standard","has-post-thumbnail","hentry","category-estatal"],"magazineBlocksPostFeaturedMedia":{"thumbnail":"https:\/\/vocesdeveracruz.com.mx\/wp-content\/uploads\/2025\/12\/596477584_1275698187920786_3180799439739910683_n-150x150.jpg","medium":"https:\/\/vocesdeveracruz.com.mx\/wp-content\/uploads\/2025\/12\/596477584_1275698187920786_3180799439739910683_n-300x200.jpg","medium_large":"https:\/\/vocesdeveracruz.com.mx\/wp-content\/uploads\/2025\/12\/596477584_1275698187920786_3180799439739910683_n.jpg","large":"https:\/\/vocesdeveracruz.com.mx\/wp-content\/uploads\/2025\/12\/596477584_1275698187920786_3180799439739910683_n.jpg","1536x1536":"https:\/\/vocesdeveracruz.com.mx\/wp-content\/uploads\/2025\/12\/596477584_1275698187920786_3180799439739910683_n.jpg","2048x2048":"https:\/\/vocesdeveracruz.com.mx\/wp-content\/uploads\/2025\/12\/596477584_1275698187920786_3180799439739910683_n.jpg"},"magazineBlocksPostAuthor":{"name":"admin","avatar":"https:\/\/secure.gravatar.com\/avatar\/9d5013f9042ef2dfeb4122e9609da41e1858252ad644b84f2ec3a64ab59cceaf?s=96&d=mm&r=g"},"magazineBlocksPostCommentsNumber":"0","magazineBlocksPostExcerpt":"\u2022\u00a0Exhorta el diputado Omar Blanco a que nuevas autoridades cumplan con lo dispuesto en la Ley y den al menos el 3 por ciento de los espacios disponibles de la&hellip;","magazineBlocksPostCategories":["ESTATAL"],"magazineBlocksPostViewCount":131,"magazineBlocksPostReadTime":3,"magazine_blocks_featured_image_url":{"full":["https:\/\/vocesdeveracruz.com.mx\/wp-content\/uploads\/2025\/12\/596477584_1275698187920786_3180799439739910683_n.jpg",590,393,false],"medium":["https:\/\/vocesdeveracruz.com.mx\/wp-content\/uploads\/2025\/12\/596477584_1275698187920786_3180799439739910683_n-300x200.jpg",300,200,true],"thumbnail":["https:\/\/vocesdeveracruz.com.mx\/wp-content\/uploads\/2025\/12\/596477584_1275698187920786_3180799439739910683_n-150x150.jpg",150,150,true]},"magazine_blocks_author":{"display_name":"admin","author_link":"https:\/\/vocesdeveracruz.com.mx\/?author=1"},"magazine_blocks_comment":0,"magazine_blocks_author_image":"https:\/\/secure.gravatar.com\/avatar\/9d5013f9042ef2dfeb4122e9609da41e1858252ad644b84f2ec3a64ab59cceaf?s=96&d=mm&r=g","magazine_blocks_category":"<a href=\"https:\/\/vocesdeveracruz.com.mx\/?cat=71\" rel=\"category\">ESTATAL<\/a>","_links":{"self":[{"href":"https:\/\/vocesdeveracruz.com.mx\/index.php?rest_route=\/wp\/v2\/posts\/4948","targetHints":{"allow":["GET"]}}],"collection":[{"href":"https:\/\/vocesdeveracruz.com.mx\/index.php?rest_route=\/wp\/v2\/posts"}],"about":[{"href":"https:\/\/vocesdeveracruz.com.mx\/index.php?rest_route=\/wp\/v2\/types\/post"}],"author":[{"embeddable":true,"href":"https:\/\/vocesdeveracruz.com.mx\/index.php?rest_route=\/wp\/v2\/users\/1"}],"replies":[{"embeddable":true,"href":"https:\/\/vocesdeveracruz.com.mx\/index.php?rest_route=%2Fwp%2Fv2%2Fcomments&post=4948"}],"version-history":[{"count":1,"href":"https:\/\/vocesdeveracruz.com.mx\/index.php?rest_route=\/wp\/v2\/posts\/4948\/revisions"}],"predecessor-version":[{"id":4950,"href":"https:\/\/vocesdeveracruz.com.mx\/index.php?rest_route=\/wp\/v2\/posts\/4948\/revisions\/4950"}],"wp:featuredmedia":[{"embeddable":true,"href":"https:\/\/vocesdeveracruz.com.mx\/index.php?rest_route=\/wp\/v2\/media\/4949"}],"wp:attachment":[{"href":"https:\/\/vocesdeveracruz.com.mx\/index.php?rest_route=%2Fwp%2Fv2%2Fmedia&parent=4948"}],"wp:term":[{"taxonomy":"category","embeddable":true,"href":"https:\/\/vocesdeveracruz.com.mx\/index.php?rest_route=%2Fwp%2Fv2%2Fcategories&post=4948"},{"taxonomy":"post_tag","embeddable":true,"href":"https:\/\/vocesdeveracruz.com.mx\/index.php?rest_route=%2Fwp%2Fv2%2Ftags&post=4948"}],"curies":[{"name":"wp","href":"https:\/\/api.w.org\/{rel}","templated":true}]}}