{"id":4942,"date":"2025-12-08T21:33:20","date_gmt":"2025-12-09T03:33:20","guid":{"rendered":"https:\/\/vocesdeveracruz.com.mx\/?p=4942"},"modified":"2025-12-08T21:33:20","modified_gmt":"2025-12-09T03:33:20","slug":"inclusion-laboral-de-personas-con-discapacidad-pide-diputada","status":"publish","type":"post","link":"https:\/\/vocesdeveracruz.com.mx\/?p=4942","title":{"rendered":"Inclusi\u00f3n laboral de personas con discapacidad, pide diputada"},"content":{"rendered":"\n<p><\/p>\n\n\n\n<p><strong>\u2022\u00a0\u00a0\u00a0\u00a0\u00a0\u00a0\u00a0\u00a0\u00a0\u00a0\u00a0\u00a0 Elizabeth Morales propone impulsar un gobierno inclusivo, donde las secretar\u00edas e institutos sean ejemplo en la integraci\u00f3n laboral.<\/strong><\/p>\n\n\n\n<p>Xalapa, Ver.- La diputada Elizabeth Morales Garc\u00eda present\u00f3 un Anteproyecto de Punto de Acuerdo para exhortar a todas las secretar\u00edas e institutos del Gobierno de Veracruz a garantizar la inclusi\u00f3n de personas con discapacidad dentro de su plantilla laboral y coadyuvar as\u00ed en la construcci\u00f3n de un estado m\u00e1s incluyente y respetuoso de los derechos humanos<\/p>\n\n\n\n<p>Al presentar su propuesta durante la Decimocuarta Sesi\u00f3n Ordinaria, la legisladora dio a conocer datos del Instituto Nacional de Estad\u00edstica y Geograf\u00eda (Inegi) de 2023, seg\u00fan los cuales, en M\u00e9xico 8.8 millones de personas de cinco a\u00f1os y m\u00e1s, el 7.2 por ciento de esta poblaci\u00f3n, viven con alguna discapacidad. En Veracruz, agreg\u00f3, el 8 por ciento de la poblaci\u00f3n mayor de cinco a\u00f1os experimenta alg\u00fan tipo de discapacidad, lo que equivale a m\u00e1s de 500 mil personas, con una prevalencia mayor en zonas rurales y marginadas.<\/p>\n\n\n\n<p>Adem\u00e1s, en el pa\u00eds, solo 40 por ciento de las personas con discapacidad participa en actividades econ\u00f3micas y apenas 1.5 por ciento de las empresas les contrata.<\/p>\n\n\n\n<p>Entre las medidas propuestas, Elizabeth Morales menciona reservas de plazas, capacitaciones inclusivas y eliminaci\u00f3n de barreras en los procesos de selecci\u00f3n; en cuanto a los beneficios, mayor diversidad en la administraci\u00f3n p\u00fablica, mejora en la eficiencia mediante perspectivas inclusivas y reducci\u00f3n de la brecha de desigualdad.<\/p>\n","protected":false},"excerpt":{"rendered":"<p>\u2022\u00a0\u00a0\u00a0\u00a0\u00a0\u00a0\u00a0\u00a0\u00a0\u00a0\u00a0\u00a0 Elizabeth Morales propone impulsar un gobierno inclusivo, donde las secretar\u00edas e institutos sean ejemplo en la integraci\u00f3n laboral. Xalapa, Ver.- La diputada Elizabeth Morales Garc\u00eda present\u00f3 un Anteproyecto de&hellip;<\/p>\n","protected":false},"author":1,"featured_media":4943,"comment_status":"open","ping_status":"closed","sticky":false,"template":"","format":"standard","meta":{"footnotes":""},"categories":[71],"tags":[],"class_list":["post-4942","post","type-post","status-publish","format-standard","has-post-thumbnail","hentry","category-estatal"],"magazineBlocksPostFeaturedMedia":{"thumbnail":"https:\/\/vocesdeveracruz.com.mx\/wp-content\/uploads\/2025\/12\/596656722_1275694581254480_6927075890573078089_n-150x150.jpg","medium":"https:\/\/vocesdeveracruz.com.mx\/wp-content\/uploads\/2025\/12\/596656722_1275694581254480_6927075890573078089_n-300x200.jpg","medium_large":"https:\/\/vocesdeveracruz.com.mx\/wp-content\/uploads\/2025\/12\/596656722_1275694581254480_6927075890573078089_n.jpg","large":"https:\/\/vocesdeveracruz.com.mx\/wp-content\/uploads\/2025\/12\/596656722_1275694581254480_6927075890573078089_n.jpg","1536x1536":"https:\/\/vocesdeveracruz.com.mx\/wp-content\/uploads\/2025\/12\/596656722_1275694581254480_6927075890573078089_n.jpg","2048x2048":"https:\/\/vocesdeveracruz.com.mx\/wp-content\/uploads\/2025\/12\/596656722_1275694581254480_6927075890573078089_n.jpg"},"magazineBlocksPostAuthor":{"name":"admin","avatar":"https:\/\/secure.gravatar.com\/avatar\/9d5013f9042ef2dfeb4122e9609da41e1858252ad644b84f2ec3a64ab59cceaf?s=96&d=mm&r=g"},"magazineBlocksPostCommentsNumber":"0","magazineBlocksPostExcerpt":"\u2022\u00a0\u00a0\u00a0\u00a0\u00a0\u00a0\u00a0\u00a0\u00a0\u00a0\u00a0\u00a0 Elizabeth Morales propone impulsar un gobierno inclusivo, donde las secretar\u00edas e institutos sean ejemplo en la integraci\u00f3n laboral. Xalapa, Ver.- La diputada Elizabeth Morales Garc\u00eda present\u00f3 un Anteproyecto de&hellip;","magazineBlocksPostCategories":["ESTATAL"],"magazineBlocksPostViewCount":98,"magazineBlocksPostReadTime":2,"magazine_blocks_featured_image_url":{"full":["https:\/\/vocesdeveracruz.com.mx\/wp-content\/uploads\/2025\/12\/596656722_1275694581254480_6927075890573078089_n.jpg",590,394,false],"medium":["https:\/\/vocesdeveracruz.com.mx\/wp-content\/uploads\/2025\/12\/596656722_1275694581254480_6927075890573078089_n-300x200.jpg",300,200,true],"thumbnail":["https:\/\/vocesdeveracruz.com.mx\/wp-content\/uploads\/2025\/12\/596656722_1275694581254480_6927075890573078089_n-150x150.jpg",150,150,true]},"magazine_blocks_author":{"display_name":"admin","author_link":"https:\/\/vocesdeveracruz.com.mx\/?author=1"},"magazine_blocks_comment":0,"magazine_blocks_author_image":"https:\/\/secure.gravatar.com\/avatar\/9d5013f9042ef2dfeb4122e9609da41e1858252ad644b84f2ec3a64ab59cceaf?s=96&d=mm&r=g","magazine_blocks_category":"<a href=\"https:\/\/vocesdeveracruz.com.mx\/?cat=71\" rel=\"category\">ESTATAL<\/a>","_links":{"self":[{"href":"https:\/\/vocesdeveracruz.com.mx\/index.php?rest_route=\/wp\/v2\/posts\/4942","targetHints":{"allow":["GET"]}}],"collection":[{"href":"https:\/\/vocesdeveracruz.com.mx\/index.php?rest_route=\/wp\/v2\/posts"}],"about":[{"href":"https:\/\/vocesdeveracruz.com.mx\/index.php?rest_route=\/wp\/v2\/types\/post"}],"author":[{"embeddable":true,"href":"https:\/\/vocesdeveracruz.com.mx\/index.php?rest_route=\/wp\/v2\/users\/1"}],"replies":[{"embeddable":true,"href":"https:\/\/vocesdeveracruz.com.mx\/index.php?rest_route=%2Fwp%2Fv2%2Fcomments&post=4942"}],"version-history":[{"count":1,"href":"https:\/\/vocesdeveracruz.com.mx\/index.php?rest_route=\/wp\/v2\/posts\/4942\/revisions"}],"predecessor-version":[{"id":4944,"href":"https:\/\/vocesdeveracruz.com.mx\/index.php?rest_route=\/wp\/v2\/posts\/4942\/revisions\/4944"}],"wp:featuredmedia":[{"embeddable":true,"href":"https:\/\/vocesdeveracruz.com.mx\/index.php?rest_route=\/wp\/v2\/media\/4943"}],"wp:attachment":[{"href":"https:\/\/vocesdeveracruz.com.mx\/index.php?rest_route=%2Fwp%2Fv2%2Fmedia&parent=4942"}],"wp:term":[{"taxonomy":"category","embeddable":true,"href":"https:\/\/vocesdeveracruz.com.mx\/index.php?rest_route=%2Fwp%2Fv2%2Fcategories&post=4942"},{"taxonomy":"post_tag","embeddable":true,"href":"https:\/\/vocesdeveracruz.com.mx\/index.php?rest_route=%2Fwp%2Fv2%2Ftags&post=4942"}],"curies":[{"name":"wp","href":"https:\/\/api.w.org\/{rel}","templated":true}]}}