{"id":4939,"date":"2025-12-08T21:31:39","date_gmt":"2025-12-09T03:31:39","guid":{"rendered":"https:\/\/vocesdeveracruz.com.mx\/?p=4939"},"modified":"2025-12-08T21:31:39","modified_gmt":"2025-12-09T03:31:39","slug":"piden-a-senado-emitir-declaratoria-constitucional-en-materia-de-salarios","status":"publish","type":"post","link":"https:\/\/vocesdeveracruz.com.mx\/?p=4939","title":{"rendered":"Piden a Senado emitir declaratoria constitucional, en materia de salarios"},"content":{"rendered":"\n<p><strong>\u2022\u00a0\u00a0\u00a0\u00a0\u00a0\u00a0\u00a0\u00a0\u00a0\u00a0\u00a0\u00a0 De realizarse, se asegurar\u00eda que trabajadores y trabajadoras en la docencia, seguridad y salud, obtengan mejoras salariales significativas, afirma la diputada Mar\u00eda Elena C\u00f3rdova Molina.<\/strong><\/p>\n\n\n\n<p>Xalapa, Ver.- La diputada Mar\u00eda Elena C\u00f3rdova Molina hizo un llamado a la Mesa Directiva del Senado de la Rep\u00fablica, con la finalidad que formule la Declaratoria de Constitucionalidad del Decreto por el que se reforma el primer p\u00e1rrafo de la fracci\u00f3n VI del apartado A y que adiciona un tercer p\u00e1rrafo a la fracci\u00f3n IV del apartado B del art\u00edculo 123 de la Constituci\u00f3n Pol\u00edtica de los Estados Unidos Mexicanos, en materia de salarios, y se remita al Poder Ejecutivo Federal para su publicaci\u00f3n en el Diario Oficial de la Federaci\u00f3n (DOF).<\/p>\n\n\n\n<p>La legisladora record\u00f3 que la reforma constitucional referida, aprobada por ambas C\u00e1maras del Congreso de la Uni\u00f3n en octubre y noviembre de 2024, respectivamente, prev\u00e9 que maestras y maestros de nivel b\u00e1sico de tiempo completo, polic\u00edas, guardias nacionales, integrantes de las Fuerzas Armadas, as\u00ed como m\u00e9dicos y enfermeros, perciban un salario mensual que no podr\u00e1 ser inferior al promedio registrado ante el Instituto Mexicano del Seguro Social (IMSS).<\/p>\n\n\n\n<p>Asimismo, plantea que su fijaci\u00f3n anual nunca estar\u00e1 por debajo de la inflaci\u00f3n, permitiendo mejorar las condiciones laborales y fortalecer la calidad de los servicios que estas personas ofrecen a la sociedad.<\/p>\n\n\n\n<p>Explic\u00f3 que, al ser una reforma a la Constituci\u00f3n Pol\u00edtica Federal, se procedi\u00f3 a remitir la Minuta correspondiente a las 32 Legislaturas de las entidades federativas para los efectos constitucionales establecidos en el art\u00edculo 135 de nuestra Carta Magna, que establece que, para que una reforma constitucional sea v\u00e1lida y vinculante debe contar con la aprobaci\u00f3n de la mayor\u00eda de los Congresos locales, es decir, al menos 17.<\/p>\n\n\n\n<p>Seg\u00fan datos publicados en el Sistema de Informaci\u00f3n Legislativa de la Secretar\u00eda de Gobernaci\u00f3n, dijo C\u00f3rdova Molina, 31 Legislaturas locales han aprobado las reformas y adiciones efectuadas al art\u00edculo 123 constitucional.<\/p>\n\n\n\n<p>\u201cAl haber cumplido con todos los requisitos previstos en el art\u00edculo invocado y que ya transcurri\u00f3 m\u00e1s de un a\u00f1o de la aprobaci\u00f3n en las dos C\u00e1maras del Congreso de la Uni\u00f3n, la Presidencia de la Mesa Directiva de la C\u00e1mara de Senadores debe realizar la Declaratoria de Constitucionalidad de dicho Decreto, toda vez que este procedimiento es<\/p>\n\n\n\n<p>indispensable para que el Decreto sea remitido al Poder Ejecutivo Federal para su promulgaci\u00f3n y publicaci\u00f3n en el Diario Oficial de la Federaci\u00f3n, permitiendo su entrada en vigor y, desde luego, su plena aplicaci\u00f3n\u201d, puntualiz\u00f3.<\/p>\n\n\n\n<p>Finalmente, manifest\u00f3 que realizar esta declaratoria, asegurar\u00eda que los rubros de la docencia, seguridad y salud, obtengan mejoras salariales, \u201clas cuales les resultan urgentes y sumamente necesarias para satisfacer sus necesidades b\u00e1sicas y las de sus familias\u201d, concluy\u00f3.<\/p>\n","protected":false},"excerpt":{"rendered":"<p>\u2022\u00a0\u00a0\u00a0\u00a0\u00a0\u00a0\u00a0\u00a0\u00a0\u00a0\u00a0\u00a0 De realizarse, se asegurar\u00eda que trabajadores y trabajadoras en la docencia, seguridad y salud, obtengan mejoras salariales significativas, afirma la diputada Mar\u00eda Elena C\u00f3rdova Molina. Xalapa, Ver.- La diputada&hellip;<\/p>\n","protected":false},"author":1,"featured_media":4940,"comment_status":"open","ping_status":"closed","sticky":false,"template":"","format":"standard","meta":{"footnotes":""},"categories":[71],"tags":[],"class_list":["post-4939","post","type-post","status-publish","format-standard","has-post-thumbnail","hentry","category-estatal"],"magazineBlocksPostFeaturedMedia":{"thumbnail":"https:\/\/vocesdeveracruz.com.mx\/wp-content\/uploads\/2025\/12\/597479826_1275690991254839_4024720879689866742_n-150x150.jpg","medium":"https:\/\/vocesdeveracruz.com.mx\/wp-content\/uploads\/2025\/12\/597479826_1275690991254839_4024720879689866742_n-300x200.jpg","medium_large":"https:\/\/vocesdeveracruz.com.mx\/wp-content\/uploads\/2025\/12\/597479826_1275690991254839_4024720879689866742_n.jpg","large":"https:\/\/vocesdeveracruz.com.mx\/wp-content\/uploads\/2025\/12\/597479826_1275690991254839_4024720879689866742_n.jpg","1536x1536":"https:\/\/vocesdeveracruz.com.mx\/wp-content\/uploads\/2025\/12\/597479826_1275690991254839_4024720879689866742_n.jpg","2048x2048":"https:\/\/vocesdeveracruz.com.mx\/wp-content\/uploads\/2025\/12\/597479826_1275690991254839_4024720879689866742_n.jpg"},"magazineBlocksPostAuthor":{"name":"admin","avatar":"https:\/\/secure.gravatar.com\/avatar\/9d5013f9042ef2dfeb4122e9609da41e1858252ad644b84f2ec3a64ab59cceaf?s=96&d=mm&r=g"},"magazineBlocksPostCommentsNumber":"0","magazineBlocksPostExcerpt":"\u2022\u00a0\u00a0\u00a0\u00a0\u00a0\u00a0\u00a0\u00a0\u00a0\u00a0\u00a0\u00a0 De realizarse, se asegurar\u00eda que trabajadores y trabajadoras en la docencia, seguridad y salud, obtengan mejoras salariales significativas, afirma la diputada Mar\u00eda Elena C\u00f3rdova Molina. Xalapa, Ver.- La diputada&hellip;","magazineBlocksPostCategories":["ESTATAL"],"magazineBlocksPostViewCount":113,"magazineBlocksPostReadTime":3,"magazine_blocks_featured_image_url":{"full":["https:\/\/vocesdeveracruz.com.mx\/wp-content\/uploads\/2025\/12\/597479826_1275690991254839_4024720879689866742_n.jpg",590,394,false],"medium":["https:\/\/vocesdeveracruz.com.mx\/wp-content\/uploads\/2025\/12\/597479826_1275690991254839_4024720879689866742_n-300x200.jpg",300,200,true],"thumbnail":["https:\/\/vocesdeveracruz.com.mx\/wp-content\/uploads\/2025\/12\/597479826_1275690991254839_4024720879689866742_n-150x150.jpg",150,150,true]},"magazine_blocks_author":{"display_name":"admin","author_link":"https:\/\/vocesdeveracruz.com.mx\/?author=1"},"magazine_blocks_comment":0,"magazine_blocks_author_image":"https:\/\/secure.gravatar.com\/avatar\/9d5013f9042ef2dfeb4122e9609da41e1858252ad644b84f2ec3a64ab59cceaf?s=96&d=mm&r=g","magazine_blocks_category":"<a href=\"https:\/\/vocesdeveracruz.com.mx\/?cat=71\" rel=\"category\">ESTATAL<\/a>","_links":{"self":[{"href":"https:\/\/vocesdeveracruz.com.mx\/index.php?rest_route=\/wp\/v2\/posts\/4939","targetHints":{"allow":["GET"]}}],"collection":[{"href":"https:\/\/vocesdeveracruz.com.mx\/index.php?rest_route=\/wp\/v2\/posts"}],"about":[{"href":"https:\/\/vocesdeveracruz.com.mx\/index.php?rest_route=\/wp\/v2\/types\/post"}],"author":[{"embeddable":true,"href":"https:\/\/vocesdeveracruz.com.mx\/index.php?rest_route=\/wp\/v2\/users\/1"}],"replies":[{"embeddable":true,"href":"https:\/\/vocesdeveracruz.com.mx\/index.php?rest_route=%2Fwp%2Fv2%2Fcomments&post=4939"}],"version-history":[{"count":1,"href":"https:\/\/vocesdeveracruz.com.mx\/index.php?rest_route=\/wp\/v2\/posts\/4939\/revisions"}],"predecessor-version":[{"id":4941,"href":"https:\/\/vocesdeveracruz.com.mx\/index.php?rest_route=\/wp\/v2\/posts\/4939\/revisions\/4941"}],"wp:featuredmedia":[{"embeddable":true,"href":"https:\/\/vocesdeveracruz.com.mx\/index.php?rest_route=\/wp\/v2\/media\/4940"}],"wp:attachment":[{"href":"https:\/\/vocesdeveracruz.com.mx\/index.php?rest_route=%2Fwp%2Fv2%2Fmedia&parent=4939"}],"wp:term":[{"taxonomy":"category","embeddable":true,"href":"https:\/\/vocesdeveracruz.com.mx\/index.php?rest_route=%2Fwp%2Fv2%2Fcategories&post=4939"},{"taxonomy":"post_tag","embeddable":true,"href":"https:\/\/vocesdeveracruz.com.mx\/index.php?rest_route=%2Fwp%2Fv2%2Ftags&post=4939"}],"curies":[{"name":"wp","href":"https:\/\/api.w.org\/{rel}","templated":true}]}}