{"id":4936,"date":"2025-12-08T21:29:30","date_gmt":"2025-12-09T03:29:30","guid":{"rendered":"https:\/\/vocesdeveracruz.com.mx\/?p=4936"},"modified":"2025-12-08T21:29:30","modified_gmt":"2025-12-09T03:29:30","slug":"daria-sectur-asesoria-a-municipios-para-elaboracion-de-planes-de-desarrollo","status":"publish","type":"post","link":"https:\/\/vocesdeveracruz.com.mx\/?p=4936","title":{"rendered":"Dar\u00eda Sectur asesor\u00eda a municipios para elaboraci\u00f3n de Planes de Desarrollo"},"content":{"rendered":"\n<p><\/p>\n\n\n\n<p><strong>\u2022\u00a0\u00a0\u00a0\u00a0\u00a0\u00a0\u00a0\u00a0\u00a0\u00a0\u00a0\u00a0 Presenta la legisladora Nallely Mendoza un Anteproyecto por el cual pide que la dependencia estatal d\u00e9 capacitaci\u00f3n, asesor\u00eda y acompa\u00f1amiento a las autoridades municipales electas.<\/strong><\/p>\n\n\n\n<p>Xalapa, Ver.- La diputada Nallely Mendoza Camarillo present\u00f3 al Pleno del Congreso un Anteproyecto con Punto de Acuerdo, por el cual exhorta a la Secretar\u00eda de Turismo (Sectur) del estado para que, en el \u00e1mbito de sus atribuciones, implemente acciones de capacitaci\u00f3n, asesor\u00eda y acompa\u00f1amiento, dirigidas a las administraciones municipales electas para el periodo constitucional 2026-2029, con el objetivo de fortalecer la formulaci\u00f3n de sus Planes Municipales de Desarrollo (PMD), en materia de turismo.<\/p>\n\n\n\n<p>En su intervenci\u00f3n, la presidenta de la Comisi\u00f3n Permanente de Turismo subray\u00f3 que dichas acciones deber\u00e1n encontrarse articuladas de forma expresa con las estrategias, programas y objetivos contemplados en el Plan Veracruzano de Desarrollo (PVD) vigente, a fin de consolidar una pol\u00edtica tur\u00edstica integral, sostenible, sustentable y con impacto positivo en el desarrollo econ\u00f3mico, social y cultural de la sociedad veracruzana.<\/p>\n\n\n\n<p>La legisladora explic\u00f3 que en Veracruz el turismo debe comprenderse como un trabajo colectivo, \u201csemejante a la construcci\u00f3n de una obra que se constituye sobre s\u00f3lidos cimientos\u201d.<\/p>\n\n\n\n<p>Agreg\u00f3 que m\u00e1s all\u00e1 de su dimensi\u00f3n econ\u00f3mica, se trata de un arte social y cultural que contribuye a la identidad com\u00fan, a la cohesi\u00f3n entre comunidades y a la proyecci\u00f3n del Estado en el acuerdo nacional e internacional.<\/p>\n\n\n\n<p>Extern\u00f3 que la diversificaci\u00f3n tur\u00edstica y el turismo comunitario invitan a mirar m\u00e1s all\u00e1 de los modelos tradicionales, a reconocer que cada experiencia nace de una historia compartida y de un entorno que debe cuidarse. \u201cEn este sentido, Veracruz avanza con m\u00e1s de 117 prestadores de servicios tur\u00edsticos capacitados, en 36 municipios y 63 experiencias, por lo que apostar por un turismo m\u00e1s humano implica escuchar a las comunidades, valorar sus saberes y permitir que sean protagonistas de su propio desarrollo\u201d.<\/p>\n\n\n\n<p>Precis\u00f3 que a las administraciones municipales 2026\u20132029 les corresponder\u00e1 la responsabilidad de dise\u00f1ar sus PMD, en los cuales el turismo debe reconocerse como un eje estrat\u00e9gico para el fortalecimiento social y econ\u00f3mico, \u201cSin embargo, muchos<\/p>\n\n\n\n<p>municipios a\u00fan carecen de herramientas t\u00e9cnicas y de capital humano especializado para cumplir adecuadamente con esta tarea\u201d.<\/p>\n\n\n\n<p>Para finalizar, la diputada Nallely Mendoza manifest\u00f3 que la Sectur estatal debe fungir como gu\u00eda y aliada de los gobiernos municipales, ofreciendo conocimientos y herramientas a trav\u00e9s de procesos de capacitaci\u00f3n, acompa\u00f1amiento y vinculaci\u00f3n.<\/p>\n\n\n\n<p>El Anteproyecto fue turnado para su an\u00e1lisis a la Junta de Coordinaci\u00f3n Pol\u00edtica.<\/p>\n","protected":false},"excerpt":{"rendered":"<p>\u2022\u00a0\u00a0\u00a0\u00a0\u00a0\u00a0\u00a0\u00a0\u00a0\u00a0\u00a0\u00a0 Presenta la legisladora Nallely Mendoza un Anteproyecto por el cual pide que la dependencia estatal d\u00e9 capacitaci\u00f3n, asesor\u00eda y acompa\u00f1amiento a las autoridades municipales electas. Xalapa, Ver.- La diputada&hellip;<\/p>\n","protected":false},"author":1,"featured_media":4937,"comment_status":"open","ping_status":"closed","sticky":false,"template":"","format":"standard","meta":{"footnotes":""},"categories":[71],"tags":[],"class_list":["post-4936","post","type-post","status-publish","format-standard","has-post-thumbnail","hentry","category-estatal"],"magazineBlocksPostFeaturedMedia":{"thumbnail":"https:\/\/vocesdeveracruz.com.mx\/wp-content\/uploads\/2025\/12\/595376876_1275687227921882_4328933433719925451_n-150x150.jpg","medium":"https:\/\/vocesdeveracruz.com.mx\/wp-content\/uploads\/2025\/12\/595376876_1275687227921882_4328933433719925451_n-300x200.jpg","medium_large":"https:\/\/vocesdeveracruz.com.mx\/wp-content\/uploads\/2025\/12\/595376876_1275687227921882_4328933433719925451_n.jpg","large":"https:\/\/vocesdeveracruz.com.mx\/wp-content\/uploads\/2025\/12\/595376876_1275687227921882_4328933433719925451_n.jpg","1536x1536":"https:\/\/vocesdeveracruz.com.mx\/wp-content\/uploads\/2025\/12\/595376876_1275687227921882_4328933433719925451_n.jpg","2048x2048":"https:\/\/vocesdeveracruz.com.mx\/wp-content\/uploads\/2025\/12\/595376876_1275687227921882_4328933433719925451_n.jpg"},"magazineBlocksPostAuthor":{"name":"admin","avatar":"https:\/\/secure.gravatar.com\/avatar\/9d5013f9042ef2dfeb4122e9609da41e1858252ad644b84f2ec3a64ab59cceaf?s=96&d=mm&r=g"},"magazineBlocksPostCommentsNumber":"0","magazineBlocksPostExcerpt":"\u2022\u00a0\u00a0\u00a0\u00a0\u00a0\u00a0\u00a0\u00a0\u00a0\u00a0\u00a0\u00a0 Presenta la legisladora Nallely Mendoza un Anteproyecto por el cual pide que la dependencia estatal d\u00e9 capacitaci\u00f3n, asesor\u00eda y acompa\u00f1amiento a las autoridades municipales electas. Xalapa, Ver.- La diputada&hellip;","magazineBlocksPostCategories":["ESTATAL"],"magazineBlocksPostViewCount":117,"magazineBlocksPostReadTime":3,"magazine_blocks_featured_image_url":{"full":["https:\/\/vocesdeveracruz.com.mx\/wp-content\/uploads\/2025\/12\/595376876_1275687227921882_4328933433719925451_n.jpg",590,394,false],"medium":["https:\/\/vocesdeveracruz.com.mx\/wp-content\/uploads\/2025\/12\/595376876_1275687227921882_4328933433719925451_n-300x200.jpg",300,200,true],"thumbnail":["https:\/\/vocesdeveracruz.com.mx\/wp-content\/uploads\/2025\/12\/595376876_1275687227921882_4328933433719925451_n-150x150.jpg",150,150,true]},"magazine_blocks_author":{"display_name":"admin","author_link":"https:\/\/vocesdeveracruz.com.mx\/?author=1"},"magazine_blocks_comment":0,"magazine_blocks_author_image":"https:\/\/secure.gravatar.com\/avatar\/9d5013f9042ef2dfeb4122e9609da41e1858252ad644b84f2ec3a64ab59cceaf?s=96&d=mm&r=g","magazine_blocks_category":"<a href=\"https:\/\/vocesdeveracruz.com.mx\/?cat=71\" rel=\"category\">ESTATAL<\/a>","_links":{"self":[{"href":"https:\/\/vocesdeveracruz.com.mx\/index.php?rest_route=\/wp\/v2\/posts\/4936","targetHints":{"allow":["GET"]}}],"collection":[{"href":"https:\/\/vocesdeveracruz.com.mx\/index.php?rest_route=\/wp\/v2\/posts"}],"about":[{"href":"https:\/\/vocesdeveracruz.com.mx\/index.php?rest_route=\/wp\/v2\/types\/post"}],"author":[{"embeddable":true,"href":"https:\/\/vocesdeveracruz.com.mx\/index.php?rest_route=\/wp\/v2\/users\/1"}],"replies":[{"embeddable":true,"href":"https:\/\/vocesdeveracruz.com.mx\/index.php?rest_route=%2Fwp%2Fv2%2Fcomments&post=4936"}],"version-history":[{"count":1,"href":"https:\/\/vocesdeveracruz.com.mx\/index.php?rest_route=\/wp\/v2\/posts\/4936\/revisions"}],"predecessor-version":[{"id":4938,"href":"https:\/\/vocesdeveracruz.com.mx\/index.php?rest_route=\/wp\/v2\/posts\/4936\/revisions\/4938"}],"wp:featuredmedia":[{"embeddable":true,"href":"https:\/\/vocesdeveracruz.com.mx\/index.php?rest_route=\/wp\/v2\/media\/4937"}],"wp:attachment":[{"href":"https:\/\/vocesdeveracruz.com.mx\/index.php?rest_route=%2Fwp%2Fv2%2Fmedia&parent=4936"}],"wp:term":[{"taxonomy":"category","embeddable":true,"href":"https:\/\/vocesdeveracruz.com.mx\/index.php?rest_route=%2Fwp%2Fv2%2Fcategories&post=4936"},{"taxonomy":"post_tag","embeddable":true,"href":"https:\/\/vocesdeveracruz.com.mx\/index.php?rest_route=%2Fwp%2Fv2%2Ftags&post=4936"}],"curies":[{"name":"wp","href":"https:\/\/api.w.org\/{rel}","templated":true}]}}