{"id":4784,"date":"2025-11-28T23:22:56","date_gmt":"2025-11-29T05:22:56","guid":{"rendered":"https:\/\/vocesdeveracruz.com.mx\/?p=4784"},"modified":"2025-11-28T23:22:56","modified_gmt":"2025-11-29T05:22:56","slug":"4784","status":"publish","type":"post","link":"https:\/\/vocesdeveracruz.com.mx\/?p=4784","title":{"rendered":""},"content":{"rendered":"\n<p>\ud835\udde5\ud835\uddf2\ud835\uddee\ud835\uddf9\ud835\uddf6\ud835\ude07\ud835\uddee\ud835\uddfb \ud835\uddf9\ud835\uddee \ud835\uddd9\ud835\uddf2\ud835\uddff\ud835\uddf6\ud835\uddee \ud835\udde3\ud835\uddff\ud835\uddfc\ud835\uddf3\ud835\uddf2\ud835\ude00\ud835\uddf6\ud835\uddfc\ud835\uddf4\ud835\uddff\u00e1\ud835\uddf3\ud835\uddf6\ud835\uddf0\ud835\uddee \ud835\ude06 \ud835\uddf1\ud835\uddf2 \ud835\udde2\ud835\uddf3\ud835\uddf6\ud835\uddf0\ud835\uddf6\ud835\uddfc\ud835\ude00 \ud835\uddf2\ud835\uddfb \ud835\uddf2\ud835\uddf9 \ud835\uddd6\ud835\uddfc\ud835\uddef\ud835\uddee\ud835\uddf2\ud835\ude03 \ud835\udff1\ud835\udff5<\/p>\n\n\n\n<p><\/p>\n\n\n\n<p>P\u00e1nuco, Ver.- El Cobaev 59 se llev\u00f3 a cabo la Feria Profesiogr\u00e1fica y de Oficios correspondiente al semestre 2025-B, donde estudiantes, docentes y directivos recibieron a diversas universidades e instituciones invitadas con el prop\u00f3sito de acercar opciones acad\u00e9micas y herramientas para la elecci\u00f3n de carrera.<\/p>\n\n\n\n<p>La comunidad educativa expres\u00f3 su m\u00e1s sincero agradecimiento a cada una de las instituciones participantes, reconociendo que su presencia y apoyo son fundamentales para brindar a las y los j\u00f3venes una visi\u00f3n clara sobre las diversas alternativas profesionales disponibles al concluir el bachillerato.<\/p>\n\n\n\n<figure class=\"wp-block-image size-large\"><img loading=\"lazy\" decoding=\"async\" width=\"1024\" height=\"768\" src=\"https:\/\/vocesdeveracruz.com.mx\/wp-content\/uploads\/2025\/11\/96762-1024x768.jpg\" alt=\"\" class=\"wp-image-4785\" srcset=\"https:\/\/vocesdeveracruz.com.mx\/wp-content\/uploads\/2025\/11\/96762-1024x768.jpg 1024w, https:\/\/vocesdeveracruz.com.mx\/wp-content\/uploads\/2025\/11\/96762-300x225.jpg 300w, https:\/\/vocesdeveracruz.com.mx\/wp-content\/uploads\/2025\/11\/96762-768x576.jpg 768w, https:\/\/vocesdeveracruz.com.mx\/wp-content\/uploads\/2025\/11\/96762-1536x1152.jpg 1536w, https:\/\/vocesdeveracruz.com.mx\/wp-content\/uploads\/2025\/11\/96762.jpg 1600w\" sizes=\"auto, (max-width: 1024px) 100vw, 1024px\" \/><\/figure>\n\n\n\n<p>El director del plantel, Mtro. Pablo Rivera Aguilar, destac\u00f3 la importancia de estas actividades, pues permiten que los estudiantes conozcan de primera mano la oferta educativa y puedan tomar decisiones informadas respecto a su futuro acad\u00e9mico.<\/p>\n\n\n\n<figure class=\"wp-block-image size-large\"><img loading=\"lazy\" decoding=\"async\" width=\"1024\" height=\"768\" src=\"https:\/\/vocesdeveracruz.com.mx\/wp-content\/uploads\/2025\/11\/96759-1024x768.jpg\" alt=\"\" class=\"wp-image-4786\" srcset=\"https:\/\/vocesdeveracruz.com.mx\/wp-content\/uploads\/2025\/11\/96759-1024x768.jpg 1024w, https:\/\/vocesdeveracruz.com.mx\/wp-content\/uploads\/2025\/11\/96759-300x225.jpg 300w, https:\/\/vocesdeveracruz.com.mx\/wp-content\/uploads\/2025\/11\/96759-768x576.jpg 768w, https:\/\/vocesdeveracruz.com.mx\/wp-content\/uploads\/2025\/11\/96759-1536x1152.jpg 1536w, https:\/\/vocesdeveracruz.com.mx\/wp-content\/uploads\/2025\/11\/96759.jpg 1600w\" sizes=\"auto, (max-width: 1024px) 100vw, 1024px\" \/><\/figure>\n","protected":false},"excerpt":{"rendered":"<p>\ud835\udde5\ud835\uddf2\ud835\uddee\ud835\uddf9\ud835\uddf6\ud835\ude07\ud835\uddee\ud835\uddfb \ud835\uddf9\ud835\uddee \ud835\uddd9\ud835\uddf2\ud835\uddff\ud835\uddf6\ud835\uddee \ud835\udde3\ud835\uddff\ud835\uddfc\ud835\uddf3\ud835\uddf2\ud835\ude00\ud835\uddf6\ud835\uddfc\ud835\uddf4\ud835\uddff\u00e1\ud835\uddf3\ud835\uddf6\ud835\uddf0\ud835\uddee \ud835\ude06 \ud835\uddf1\ud835\uddf2 \ud835\udde2\ud835\uddf3\ud835\uddf6\ud835\uddf0\ud835\uddf6\ud835\uddfc\ud835\ude00 \ud835\uddf2\ud835\uddfb \ud835\uddf2\ud835\uddf9 \ud835\uddd6\ud835\uddfc\ud835\uddef\ud835\uddee\ud835\uddf2\ud835\ude03 \ud835\udff1\ud835\udff5 P\u00e1nuco, Ver.- El Cobaev 59 se llev\u00f3 a cabo la Feria Profesiogr\u00e1fica y de Oficios correspondiente al semestre 2025-B,&hellip;<\/p>\n","protected":false},"author":1,"featured_media":4787,"comment_status":"open","ping_status":"closed","sticky":false,"template":"","format":"standard","meta":{"footnotes":""},"categories":[72],"tags":[],"class_list":["post-4784","post","type-post","status-publish","format-standard","has-post-thumbnail","hentry","category-local"],"magazineBlocksPostFeaturedMedia":{"thumbnail":"https:\/\/vocesdeveracruz.com.mx\/wp-content\/uploads\/2025\/11\/IMG-20251128-WA0046-150x150.jpg","medium":"https:\/\/vocesdeveracruz.com.mx\/wp-content\/uploads\/2025\/11\/IMG-20251128-WA0046-225x300.jpg","medium_large":"https:\/\/vocesdeveracruz.com.mx\/wp-content\/uploads\/2025\/11\/IMG-20251128-WA0046-768x1024.jpg","large":"https:\/\/vocesdeveracruz.com.mx\/wp-content\/uploads\/2025\/11\/IMG-20251128-WA0046-768x1024.jpg","1536x1536":"https:\/\/vocesdeveracruz.com.mx\/wp-content\/uploads\/2025\/11\/IMG-20251128-WA0046-1152x1536.jpg","2048x2048":"https:\/\/vocesdeveracruz.com.mx\/wp-content\/uploads\/2025\/11\/IMG-20251128-WA0046.jpg"},"magazineBlocksPostAuthor":{"name":"admin","avatar":"https:\/\/secure.gravatar.com\/avatar\/9d5013f9042ef2dfeb4122e9609da41e1858252ad644b84f2ec3a64ab59cceaf?s=96&d=mm&r=g"},"magazineBlocksPostCommentsNumber":"0","magazineBlocksPostExcerpt":"\ud835\udde5\ud835\uddf2\ud835\uddee\ud835\uddf9\ud835\uddf6\ud835\ude07\ud835\uddee\ud835\uddfb \ud835\uddf9\ud835\uddee \ud835\uddd9\ud835\uddf2\ud835\uddff\ud835\uddf6\ud835\uddee \ud835\udde3\ud835\uddff\ud835\uddfc\ud835\uddf3\ud835\uddf2\ud835\ude00\ud835\uddf6\ud835\uddfc\ud835\uddf4\ud835\uddff\u00e1\ud835\uddf3\ud835\uddf6\ud835\uddf0\ud835\uddee \ud835\ude06 \ud835\uddf1\ud835\uddf2 \ud835\udde2\ud835\uddf3\ud835\uddf6\ud835\uddf0\ud835\uddf6\ud835\uddfc\ud835\ude00 \ud835\uddf2\ud835\uddfb \ud835\uddf2\ud835\uddf9 \ud835\uddd6\ud835\uddfc\ud835\uddef\ud835\uddee\ud835\uddf2\ud835\ude03 \ud835\udff1\ud835\udff5 P\u00e1nuco, Ver.- El Cobaev 59 se llev\u00f3 a cabo la Feria Profesiogr\u00e1fica y de Oficios correspondiente al semestre 2025-B,&hellip;","magazineBlocksPostCategories":["LOCAL"],"magazineBlocksPostViewCount":133,"magazineBlocksPostReadTime":1,"magazine_blocks_featured_image_url":{"full":["https:\/\/vocesdeveracruz.com.mx\/wp-content\/uploads\/2025\/11\/IMG-20251128-WA0046.jpg",1200,1600,false],"medium":["https:\/\/vocesdeveracruz.com.mx\/wp-content\/uploads\/2025\/11\/IMG-20251128-WA0046-225x300.jpg",225,300,true],"thumbnail":["https:\/\/vocesdeveracruz.com.mx\/wp-content\/uploads\/2025\/11\/IMG-20251128-WA0046-150x150.jpg",150,150,true]},"magazine_blocks_author":{"display_name":"admin","author_link":"https:\/\/vocesdeveracruz.com.mx\/?author=1"},"magazine_blocks_comment":0,"magazine_blocks_author_image":"https:\/\/secure.gravatar.com\/avatar\/9d5013f9042ef2dfeb4122e9609da41e1858252ad644b84f2ec3a64ab59cceaf?s=96&d=mm&r=g","magazine_blocks_category":"<a href=\"https:\/\/vocesdeveracruz.com.mx\/?cat=72\" rel=\"category\">LOCAL<\/a>","_links":{"self":[{"href":"https:\/\/vocesdeveracruz.com.mx\/index.php?rest_route=\/wp\/v2\/posts\/4784","targetHints":{"allow":["GET"]}}],"collection":[{"href":"https:\/\/vocesdeveracruz.com.mx\/index.php?rest_route=\/wp\/v2\/posts"}],"about":[{"href":"https:\/\/vocesdeveracruz.com.mx\/index.php?rest_route=\/wp\/v2\/types\/post"}],"author":[{"embeddable":true,"href":"https:\/\/vocesdeveracruz.com.mx\/index.php?rest_route=\/wp\/v2\/users\/1"}],"replies":[{"embeddable":true,"href":"https:\/\/vocesdeveracruz.com.mx\/index.php?rest_route=%2Fwp%2Fv2%2Fcomments&post=4784"}],"version-history":[{"count":1,"href":"https:\/\/vocesdeveracruz.com.mx\/index.php?rest_route=\/wp\/v2\/posts\/4784\/revisions"}],"predecessor-version":[{"id":4788,"href":"https:\/\/vocesdeveracruz.com.mx\/index.php?rest_route=\/wp\/v2\/posts\/4784\/revisions\/4788"}],"wp:featuredmedia":[{"embeddable":true,"href":"https:\/\/vocesdeveracruz.com.mx\/index.php?rest_route=\/wp\/v2\/media\/4787"}],"wp:attachment":[{"href":"https:\/\/vocesdeveracruz.com.mx\/index.php?rest_route=%2Fwp%2Fv2%2Fmedia&parent=4784"}],"wp:term":[{"taxonomy":"category","embeddable":true,"href":"https:\/\/vocesdeveracruz.com.mx\/index.php?rest_route=%2Fwp%2Fv2%2Fcategories&post=4784"},{"taxonomy":"post_tag","embeddable":true,"href":"https:\/\/vocesdeveracruz.com.mx\/index.php?rest_route=%2Fwp%2Fv2%2Ftags&post=4784"}],"curies":[{"name":"wp","href":"https:\/\/api.w.org\/{rel}","templated":true}]}}