{"id":4592,"date":"2025-11-15T20:18:54","date_gmt":"2025-11-16T02:18:54","guid":{"rendered":"https:\/\/vocesdeveracruz.com.mx\/?p=4592"},"modified":"2025-11-15T20:18:54","modified_gmt":"2025-11-16T02:18:54","slug":"tecnm-campus-panuco-cierra-con-gran-energia-su-semana-cultural-y-deportiva-2025","status":"publish","type":"post","link":"https:\/\/vocesdeveracruz.com.mx\/?p=4592","title":{"rendered":"TecNM Campus P\u00e1nuco cierra con gran energ\u00eda su Semana Cultural y Deportiva 2025"},"content":{"rendered":"\n<p>P\u00e1nuco, Ver.\u2013 Con un ambiente festivo y cargado de energ\u00eda juvenil, el TecNM Campus P\u00e1nuco concluy\u00f3 su <strong>Semana Cultural y Deportiva 2025<\/strong>, realizada en conmemoraci\u00f3n del <strong>XXVIII Aniversario<\/strong> de la instituci\u00f3n.<\/p>\n\n\n\n<p>Durante varios d\u00edas, estudiantes de distintas carreras participaron en competencias, presentaciones art\u00edsticas y actividades recreativas que reflejaron el talento, la dedicaci\u00f3n y el orgullo que distingue al esp\u00edritu <em>Caim\u00e1n<\/em>. La comunidad estudiantil demostr\u00f3 el entusiasmo y la entrega son parte fundamental del Tec P\u00e1nuco.<\/p>\n\n\n\n<p>El cierre de la jornada no pudo ser m\u00e1s vibrante: un <strong>Marat\u00f3n de Baile<\/strong> que contagi\u00f3 a todos los presentes. Ritmo, coordinaci\u00f3n y un gran trabajo en equipo pusieron el broche de oro a una semana llena de pasi\u00f3n y esfuerzo, en la que la participaci\u00f3n estudiantil fue la protagonista.<\/p>\n\n\n\n<div class=\"wp-block-columns is-layout-flex wp-container-core-columns-is-layout-9d6595d7 wp-block-columns-is-layout-flex\">\n<div class=\"wp-block-column is-layout-flow wp-block-column-is-layout-flow\">\n<figure class=\"wp-block-image size-large\"><img loading=\"lazy\" decoding=\"async\" width=\"1024\" height=\"556\" src=\"https:\/\/vocesdeveracruz.com.mx\/wp-content\/uploads\/2025\/11\/86362-1024x556.jpg\" alt=\"\" class=\"wp-image-4594\" srcset=\"https:\/\/vocesdeveracruz.com.mx\/wp-content\/uploads\/2025\/11\/86362-1024x556.jpg 1024w, https:\/\/vocesdeveracruz.com.mx\/wp-content\/uploads\/2025\/11\/86362-300x163.jpg 300w, https:\/\/vocesdeveracruz.com.mx\/wp-content\/uploads\/2025\/11\/86362-768x417.jpg 768w, https:\/\/vocesdeveracruz.com.mx\/wp-content\/uploads\/2025\/11\/86362-1536x834.jpg 1536w, https:\/\/vocesdeveracruz.com.mx\/wp-content\/uploads\/2025\/11\/86362.jpg 2048w\" sizes=\"auto, (max-width: 1024px) 100vw, 1024px\" \/><\/figure>\n<\/div>\n\n\n\n<div class=\"wp-block-column is-layout-flow wp-block-column-is-layout-flow\">\n<figure class=\"wp-block-image size-large\"><img loading=\"lazy\" decoding=\"async\" width=\"1024\" height=\"554\" src=\"https:\/\/vocesdeveracruz.com.mx\/wp-content\/uploads\/2025\/11\/86361-1024x554.jpg\" alt=\"\" class=\"wp-image-4595\" srcset=\"https:\/\/vocesdeveracruz.com.mx\/wp-content\/uploads\/2025\/11\/86361-1024x554.jpg 1024w, https:\/\/vocesdeveracruz.com.mx\/wp-content\/uploads\/2025\/11\/86361-300x162.jpg 300w, https:\/\/vocesdeveracruz.com.mx\/wp-content\/uploads\/2025\/11\/86361-768x416.jpg 768w, https:\/\/vocesdeveracruz.com.mx\/wp-content\/uploads\/2025\/11\/86361-1536x831.jpg 1536w, https:\/\/vocesdeveracruz.com.mx\/wp-content\/uploads\/2025\/11\/86361.jpg 2048w\" sizes=\"auto, (max-width: 1024px) 100vw, 1024px\" \/><\/figure>\n<\/div>\n\n\n\n<div class=\"wp-block-column is-layout-flow wp-block-column-is-layout-flow\">\n<figure class=\"wp-block-image size-large\"><img loading=\"lazy\" decoding=\"async\" width=\"1024\" height=\"555\" src=\"https:\/\/vocesdeveracruz.com.mx\/wp-content\/uploads\/2025\/11\/86363-1024x555.jpg\" alt=\"\" class=\"wp-image-4596\" srcset=\"https:\/\/vocesdeveracruz.com.mx\/wp-content\/uploads\/2025\/11\/86363-1024x555.jpg 1024w, https:\/\/vocesdeveracruz.com.mx\/wp-content\/uploads\/2025\/11\/86363-300x163.jpg 300w, https:\/\/vocesdeveracruz.com.mx\/wp-content\/uploads\/2025\/11\/86363-768x416.jpg 768w, https:\/\/vocesdeveracruz.com.mx\/wp-content\/uploads\/2025\/11\/86363-1536x833.jpg 1536w, https:\/\/vocesdeveracruz.com.mx\/wp-content\/uploads\/2025\/11\/86363.jpg 2048w\" sizes=\"auto, (max-width: 1024px) 100vw, 1024px\" \/><\/figure>\n<\/div>\n<\/div>\n\n\n\n<p>La instituci\u00f3n celebr\u00f3 as\u00ed 28 a\u00f1os de formar generaciones con valores, identidad y compromiso, reafirmando su papel como uno de los pilares educativos en la regi\u00f3n.<\/p>\n","protected":false},"excerpt":{"rendered":"<p>P\u00e1nuco, Ver.\u2013 Con un ambiente festivo y cargado de energ\u00eda juvenil, el TecNM Campus P\u00e1nuco concluy\u00f3 su Semana Cultural y Deportiva 2025, realizada en conmemoraci\u00f3n del XXVIII Aniversario de la&hellip;<\/p>\n","protected":false},"author":1,"featured_media":4593,"comment_status":"open","ping_status":"closed","sticky":false,"template":"","format":"standard","meta":{"footnotes":""},"categories":[72],"tags":[],"class_list":["post-4592","post","type-post","status-publish","format-standard","has-post-thumbnail","hentry","category-local"],"magazineBlocksPostFeaturedMedia":{"thumbnail":"https:\/\/vocesdeveracruz.com.mx\/wp-content\/uploads\/2025\/11\/FB_IMG_1763259195827-150x150.jpg","medium":"https:\/\/vocesdeveracruz.com.mx\/wp-content\/uploads\/2025\/11\/FB_IMG_1763259195827-300x157.jpg","medium_large":"https:\/\/vocesdeveracruz.com.mx\/wp-content\/uploads\/2025\/11\/FB_IMG_1763259195827-768x402.jpg","large":"https:\/\/vocesdeveracruz.com.mx\/wp-content\/uploads\/2025\/11\/FB_IMG_1763259195827-1024x537.jpg","1536x1536":"https:\/\/vocesdeveracruz.com.mx\/wp-content\/uploads\/2025\/11\/FB_IMG_1763259195827-1536x805.jpg","2048x2048":"https:\/\/vocesdeveracruz.com.mx\/wp-content\/uploads\/2025\/11\/FB_IMG_1763259195827.jpg"},"magazineBlocksPostAuthor":{"name":"admin","avatar":"https:\/\/secure.gravatar.com\/avatar\/9d5013f9042ef2dfeb4122e9609da41e1858252ad644b84f2ec3a64ab59cceaf?s=96&d=mm&r=g"},"magazineBlocksPostCommentsNumber":"0","magazineBlocksPostExcerpt":"P\u00e1nuco, Ver.\u2013 Con un ambiente festivo y cargado de energ\u00eda juvenil, el TecNM Campus P\u00e1nuco concluy\u00f3 su Semana Cultural y Deportiva 2025, realizada en conmemoraci\u00f3n del XXVIII Aniversario de la&hellip;","magazineBlocksPostCategories":["LOCAL"],"magazineBlocksPostViewCount":311,"magazineBlocksPostReadTime":1,"magazine_blocks_featured_image_url":{"full":["https:\/\/vocesdeveracruz.com.mx\/wp-content\/uploads\/2025\/11\/FB_IMG_1763259195827.jpg",2048,1073,false],"medium":["https:\/\/vocesdeveracruz.com.mx\/wp-content\/uploads\/2025\/11\/FB_IMG_1763259195827-300x157.jpg",300,157,true],"thumbnail":["https:\/\/vocesdeveracruz.com.mx\/wp-content\/uploads\/2025\/11\/FB_IMG_1763259195827-150x150.jpg",150,150,true]},"magazine_blocks_author":{"display_name":"admin","author_link":"https:\/\/vocesdeveracruz.com.mx\/?author=1"},"magazine_blocks_comment":0,"magazine_blocks_author_image":"https:\/\/secure.gravatar.com\/avatar\/9d5013f9042ef2dfeb4122e9609da41e1858252ad644b84f2ec3a64ab59cceaf?s=96&d=mm&r=g","magazine_blocks_category":"<a href=\"https:\/\/vocesdeveracruz.com.mx\/?cat=72\" rel=\"category\">LOCAL<\/a>","_links":{"self":[{"href":"https:\/\/vocesdeveracruz.com.mx\/index.php?rest_route=\/wp\/v2\/posts\/4592","targetHints":{"allow":["GET"]}}],"collection":[{"href":"https:\/\/vocesdeveracruz.com.mx\/index.php?rest_route=\/wp\/v2\/posts"}],"about":[{"href":"https:\/\/vocesdeveracruz.com.mx\/index.php?rest_route=\/wp\/v2\/types\/post"}],"author":[{"embeddable":true,"href":"https:\/\/vocesdeveracruz.com.mx\/index.php?rest_route=\/wp\/v2\/users\/1"}],"replies":[{"embeddable":true,"href":"https:\/\/vocesdeveracruz.com.mx\/index.php?rest_route=%2Fwp%2Fv2%2Fcomments&post=4592"}],"version-history":[{"count":1,"href":"https:\/\/vocesdeveracruz.com.mx\/index.php?rest_route=\/wp\/v2\/posts\/4592\/revisions"}],"predecessor-version":[{"id":4597,"href":"https:\/\/vocesdeveracruz.com.mx\/index.php?rest_route=\/wp\/v2\/posts\/4592\/revisions\/4597"}],"wp:featuredmedia":[{"embeddable":true,"href":"https:\/\/vocesdeveracruz.com.mx\/index.php?rest_route=\/wp\/v2\/media\/4593"}],"wp:attachment":[{"href":"https:\/\/vocesdeveracruz.com.mx\/index.php?rest_route=%2Fwp%2Fv2%2Fmedia&parent=4592"}],"wp:term":[{"taxonomy":"category","embeddable":true,"href":"https:\/\/vocesdeveracruz.com.mx\/index.php?rest_route=%2Fwp%2Fv2%2Fcategories&post=4592"},{"taxonomy":"post_tag","embeddable":true,"href":"https:\/\/vocesdeveracruz.com.mx\/index.php?rest_route=%2Fwp%2Fv2%2Ftags&post=4592"}],"curies":[{"name":"wp","href":"https:\/\/api.w.org\/{rel}","templated":true}]}}