{"id":4575,"date":"2025-11-13T23:31:06","date_gmt":"2025-11-14T05:31:06","guid":{"rendered":"https:\/\/vocesdeveracruz.com.mx\/?p=4575"},"modified":"2025-11-13T23:31:06","modified_gmt":"2025-11-14T05:31:06","slug":"arranca-la-construccion-de-la-barda-perimetral-en-el-cbtis-55-un-proyecto-esperado-por-decadas","status":"publish","type":"post","link":"https:\/\/vocesdeveracruz.com.mx\/?p=4575","title":{"rendered":"Arranca la Construcci\u00f3n de la Barda Perimetral en el CBTis 55, un Proyecto Esperado por D\u00e9cadas"},"content":{"rendered":"\n<p>P\u00e1nuco, Ver.-  Despu\u00e9s de m\u00e1s de cinco d\u00e9cadas, el CBTis 55 finalmente vio iniciar la construcci\u00f3n de su barda perimetral, una obra que durante a\u00f1os fue solicitada por la comunidad educativa y que hoy se convierte en una realidad para mejorar la seguridad del plantel.<\/p>\n\n\n\n<p>El Mtro. Adri\u00e1n Barush Sanju\u00e1n, subdirector acad\u00e9mico y encargado de la direcci\u00f3n, detall\u00f3 que esta infraestructura se ejecuta con recursos del programa federal \u201cLa Escuela es Nuestra\u201d, lo que permiti\u00f3 avanzar con un proyecto considerado prioritario para el fortalecimiento del centro escolar.<\/p>\n\n\n\n<p>El directivo destac\u00f3 que el inicio de esta obra es resultado del trabajo conjunto entre la Direcci\u00f3n y el personal de Bienestar, quienes coordinaron y gestionaron cada uno de los tr\u00e1mites necesarios para concretar la construcci\u00f3n.<\/p>\n\n\n\n<div class=\"wp-block-columns is-layout-flex wp-container-core-columns-is-layout-9d6595d7 wp-block-columns-is-layout-flex\">\n<div class=\"wp-block-column is-layout-flow wp-block-column-is-layout-flow\">\n<figure class=\"wp-block-image size-large is-resized\"><img loading=\"lazy\" decoding=\"async\" width=\"1024\" height=\"767\" src=\"https:\/\/vocesdeveracruz.com.mx\/wp-content\/uploads\/2025\/11\/580568676_1376607507591622_557664440146173915_n-1024x767.jpg\" alt=\"\" class=\"wp-image-4577\" style=\"width:497px;height:auto\" srcset=\"https:\/\/vocesdeveracruz.com.mx\/wp-content\/uploads\/2025\/11\/580568676_1376607507591622_557664440146173915_n-1024x767.jpg 1024w, https:\/\/vocesdeveracruz.com.mx\/wp-content\/uploads\/2025\/11\/580568676_1376607507591622_557664440146173915_n-300x225.jpg 300w, https:\/\/vocesdeveracruz.com.mx\/wp-content\/uploads\/2025\/11\/580568676_1376607507591622_557664440146173915_n-768x575.jpg 768w, https:\/\/vocesdeveracruz.com.mx\/wp-content\/uploads\/2025\/11\/580568676_1376607507591622_557664440146173915_n.jpg 1200w\" sizes=\"auto, (max-width: 1024px) 100vw, 1024px\" \/><\/figure>\n<\/div>\n\n\n\n<div class=\"wp-block-column is-layout-flow wp-block-column-is-layout-flow\">\n<figure class=\"wp-block-image size-large is-resized\"><img loading=\"lazy\" decoding=\"async\" width=\"1024\" height=\"782\" src=\"https:\/\/vocesdeveracruz.com.mx\/wp-content\/uploads\/2025\/11\/582773204_1376607477591625_8573407983457998034_n-1024x782.jpg\" alt=\"\" class=\"wp-image-4578\" style=\"width:453px;height:auto\" srcset=\"https:\/\/vocesdeveracruz.com.mx\/wp-content\/uploads\/2025\/11\/582773204_1376607477591625_8573407983457998034_n-1024x782.jpg 1024w, https:\/\/vocesdeveracruz.com.mx\/wp-content\/uploads\/2025\/11\/582773204_1376607477591625_8573407983457998034_n-300x229.jpg 300w, https:\/\/vocesdeveracruz.com.mx\/wp-content\/uploads\/2025\/11\/582773204_1376607477591625_8573407983457998034_n-768x586.jpg 768w, https:\/\/vocesdeveracruz.com.mx\/wp-content\/uploads\/2025\/11\/582773204_1376607477591625_8573407983457998034_n.jpg 1200w\" sizes=\"auto, (max-width: 1024px) 100vw, 1024px\" \/><\/figure>\n<\/div>\n<\/div>\n\n\n\n<p>La nueva barda perimetral brindar\u00e1 mayores condiciones de protecci\u00f3n para estudiantes, docentes y trabajadores, adem\u00e1s de contribuir a un entorno m\u00e1s seguro y adecuado para el desarrollo acad\u00e9mico de las nuevas generaciones.<\/p>\n","protected":false},"excerpt":{"rendered":"<p>P\u00e1nuco, Ver.- Despu\u00e9s de m\u00e1s de cinco d\u00e9cadas, el CBTis 55 finalmente vio iniciar la construcci\u00f3n de su barda perimetral, una obra que durante a\u00f1os fue solicitada por la comunidad&hellip;<\/p>\n","protected":false},"author":1,"featured_media":4576,"comment_status":"open","ping_status":"closed","sticky":false,"template":"","format":"standard","meta":{"footnotes":""},"categories":[72],"tags":[],"class_list":["post-4575","post","type-post","status-publish","format-standard","has-post-thumbnail","hentry","category-local"],"magazineBlocksPostFeaturedMedia":{"thumbnail":"https:\/\/vocesdeveracruz.com.mx\/wp-content\/uploads\/2025\/11\/49dcbc1b-d8af-48f5-8663-4bb6a845f682-150x150.jpg","medium":"https:\/\/vocesdeveracruz.com.mx\/wp-content\/uploads\/2025\/11\/49dcbc1b-d8af-48f5-8663-4bb6a845f682-300x297.jpg","medium_large":"https:\/\/vocesdeveracruz.com.mx\/wp-content\/uploads\/2025\/11\/49dcbc1b-d8af-48f5-8663-4bb6a845f682-768x761.jpg","large":"https:\/\/vocesdeveracruz.com.mx\/wp-content\/uploads\/2025\/11\/49dcbc1b-d8af-48f5-8663-4bb6a845f682-1024x1014.jpg","1536x1536":"https:\/\/vocesdeveracruz.com.mx\/wp-content\/uploads\/2025\/11\/49dcbc1b-d8af-48f5-8663-4bb6a845f682.jpg","2048x2048":"https:\/\/vocesdeveracruz.com.mx\/wp-content\/uploads\/2025\/11\/49dcbc1b-d8af-48f5-8663-4bb6a845f682.jpg"},"magazineBlocksPostAuthor":{"name":"admin","avatar":"https:\/\/secure.gravatar.com\/avatar\/9d5013f9042ef2dfeb4122e9609da41e1858252ad644b84f2ec3a64ab59cceaf?s=96&d=mm&r=g"},"magazineBlocksPostCommentsNumber":"0","magazineBlocksPostExcerpt":"P\u00e1nuco, Ver.- Despu\u00e9s de m\u00e1s de cinco d\u00e9cadas, el CBTis 55 finalmente vio iniciar la construcci\u00f3n de su barda perimetral, una obra que durante a\u00f1os fue solicitada por la comunidad&hellip;","magazineBlocksPostCategories":["LOCAL"],"magazineBlocksPostViewCount":176,"magazineBlocksPostReadTime":1,"magazine_blocks_featured_image_url":{"full":["https:\/\/vocesdeveracruz.com.mx\/wp-content\/uploads\/2025\/11\/49dcbc1b-d8af-48f5-8663-4bb6a845f682.jpg",1440,1426,false],"medium":["https:\/\/vocesdeveracruz.com.mx\/wp-content\/uploads\/2025\/11\/49dcbc1b-d8af-48f5-8663-4bb6a845f682-300x297.jpg",300,297,true],"thumbnail":["https:\/\/vocesdeveracruz.com.mx\/wp-content\/uploads\/2025\/11\/49dcbc1b-d8af-48f5-8663-4bb6a845f682-150x150.jpg",150,150,true]},"magazine_blocks_author":{"display_name":"admin","author_link":"https:\/\/vocesdeveracruz.com.mx\/?author=1"},"magazine_blocks_comment":0,"magazine_blocks_author_image":"https:\/\/secure.gravatar.com\/avatar\/9d5013f9042ef2dfeb4122e9609da41e1858252ad644b84f2ec3a64ab59cceaf?s=96&d=mm&r=g","magazine_blocks_category":"<a href=\"https:\/\/vocesdeveracruz.com.mx\/?cat=72\" rel=\"category\">LOCAL<\/a>","_links":{"self":[{"href":"https:\/\/vocesdeveracruz.com.mx\/index.php?rest_route=\/wp\/v2\/posts\/4575","targetHints":{"allow":["GET"]}}],"collection":[{"href":"https:\/\/vocesdeveracruz.com.mx\/index.php?rest_route=\/wp\/v2\/posts"}],"about":[{"href":"https:\/\/vocesdeveracruz.com.mx\/index.php?rest_route=\/wp\/v2\/types\/post"}],"author":[{"embeddable":true,"href":"https:\/\/vocesdeveracruz.com.mx\/index.php?rest_route=\/wp\/v2\/users\/1"}],"replies":[{"embeddable":true,"href":"https:\/\/vocesdeveracruz.com.mx\/index.php?rest_route=%2Fwp%2Fv2%2Fcomments&post=4575"}],"version-history":[{"count":1,"href":"https:\/\/vocesdeveracruz.com.mx\/index.php?rest_route=\/wp\/v2\/posts\/4575\/revisions"}],"predecessor-version":[{"id":4579,"href":"https:\/\/vocesdeveracruz.com.mx\/index.php?rest_route=\/wp\/v2\/posts\/4575\/revisions\/4579"}],"wp:featuredmedia":[{"embeddable":true,"href":"https:\/\/vocesdeveracruz.com.mx\/index.php?rest_route=\/wp\/v2\/media\/4576"}],"wp:attachment":[{"href":"https:\/\/vocesdeveracruz.com.mx\/index.php?rest_route=%2Fwp%2Fv2%2Fmedia&parent=4575"}],"wp:term":[{"taxonomy":"category","embeddable":true,"href":"https:\/\/vocesdeveracruz.com.mx\/index.php?rest_route=%2Fwp%2Fv2%2Fcategories&post=4575"},{"taxonomy":"post_tag","embeddable":true,"href":"https:\/\/vocesdeveracruz.com.mx\/index.php?rest_route=%2Fwp%2Fv2%2Ftags&post=4575"}],"curies":[{"name":"wp","href":"https:\/\/api.w.org\/{rel}","templated":true}]}}