{"id":4478,"date":"2025-11-12T18:23:57","date_gmt":"2025-11-13T00:23:57","guid":{"rendered":"https:\/\/vocesdeveracruz.com.mx\/?p=4478"},"modified":"2025-11-12T18:23:57","modified_gmt":"2025-11-13T00:23:57","slug":"inauguracion-y-certamen-de-chica-y-chico-tec-2025","status":"publish","type":"post","link":"https:\/\/vocesdeveracruz.com.mx\/?p=4478","title":{"rendered":"INAUGURACI\u00d3N Y CERTAMEN DE CHICA Y CHICO TEC 2025"},"content":{"rendered":"\n<p><\/p>\n\n\n\n<ul class=\"wp-block-list\">\n<li><strong>Semana Cultural y Deportiva XXVIII Aniversario ITSP\u00e1nuco.<\/strong><\/li>\n\n\n\n<li><strong>Del 11 al 14 de noviembre de 2025.<\/strong><\/li>\n<\/ul>\n\n\n\n<p>P\u00e1nuco, Ver.\u2013 Como parte de los festejos conmemorativos por el XXVIII Aniversario del TecNM Campus P\u00e1nuco, y en el marco de la Semana Cultural y Deportiva ITSP 2025, la noche del 11 de noviembre se llev\u00f3 a cabo la Inauguraci\u00f3n y el Certamen de Chica y Chico Tec 2025, un evento lleno de entusiasmo, talento y esp\u00edritu institucional que reuni\u00f3 a estudiantes, docentes, personal administrativo e invitados especiales.<\/p>\n\n\n\n<p>Durante la gala, los participantes demostraron su carisma, presencia y orgullo tecn\u00f3logo, destacando los valores que caracterizan a esta comunidad educativa. La velada culmin\u00f3 con la coronaci\u00f3n de Karla Pamela M\u00e1rquez Reyes, estudiante de Ingenier\u00eda en Industrias Alimentarias, como Chica Tec 2025, y de N\u00e9stor Alejandro P\u00e9rez D\u00edaz, de Ingenier\u00eda Industrial, como Chico Tec 2025.<\/p>\n\n\n\n<p>El evento cont\u00f3 con la distinguida presencia de la Mtra. Luc\u00eda Bego\u00f1a Canales Barturen, Diputada Local de la LXVII Legislatura por el distrito pan\u00faquense y Secretaria General del Sindicato \u00danico de Trabajadores del Instituto Tecnol\u00f3gico Superior de P\u00e1nuco; la Mtra. Graciela Guadalupe Renter\u00eda Curiel, Delegada Regional de la SEV, representada por el Ing. Keops de Jes\u00fas Vera Alvarado, Jefe de Divisi\u00f3n de Ingenier\u00eda Electr\u00f3nica; el Mtro. V\u00edctor An\u00edbal Bermant Meraz, Coordinador de la UPAV Zona Norte del Estado de Veracruz, acompa\u00f1ado de la Embajadora UPAV, Srta. Salma Jaryme Robles; el Ing. Pablo Rivera Aguilar, Director del COBAEV Plantel 59 de P\u00e1nuco, junto a la Embajadora COBAEV #59, Srta. Briseydi Guadalupe Mart\u00ednez D\u00edaz; el Ing. Adri\u00e1n Baruch San Juan, Director del CBTis 55, representado por la Mtra. Raquel Mac\u00edas Nieto; el Mtro. Mauro Casta\u00f1\u00f3n Cruz, Director de Bachilleres P\u00e1nuco, acompa\u00f1ado de la Embajadora Bachilleres, Srta. Dafne Daniela Figueroa Vidaurri; y el Dr. Essington Trimmer Vargas, Director del CBTA 111, con la Embajadora CBTA 111, Srta. Brensy Nahomi Kolansinsky Silva.<\/p>\n\n\n\n<div class=\"wp-block-columns is-layout-flex wp-container-core-columns-is-layout-9d6595d7 wp-block-columns-is-layout-flex\">\n<div class=\"wp-block-column is-layout-flow wp-block-column-is-layout-flow\">\n<figure class=\"wp-block-image size-large\"><img loading=\"lazy\" decoding=\"async\" width=\"1024\" height=\"569\" src=\"https:\/\/vocesdeveracruz.com.mx\/wp-content\/uploads\/2025\/11\/579645083_866171316371794_3451865855421454984_n-1024x569.jpg\" alt=\"\" class=\"wp-image-4480\" srcset=\"https:\/\/vocesdeveracruz.com.mx\/wp-content\/uploads\/2025\/11\/579645083_866171316371794_3451865855421454984_n-1024x569.jpg 1024w, https:\/\/vocesdeveracruz.com.mx\/wp-content\/uploads\/2025\/11\/579645083_866171316371794_3451865855421454984_n-300x167.jpg 300w, https:\/\/vocesdeveracruz.com.mx\/wp-content\/uploads\/2025\/11\/579645083_866171316371794_3451865855421454984_n-768x426.jpg 768w, https:\/\/vocesdeveracruz.com.mx\/wp-content\/uploads\/2025\/11\/579645083_866171316371794_3451865855421454984_n-1536x853.jpg 1536w, https:\/\/vocesdeveracruz.com.mx\/wp-content\/uploads\/2025\/11\/579645083_866171316371794_3451865855421454984_n.jpg 2048w\" sizes=\"auto, (max-width: 1024px) 100vw, 1024px\" \/><\/figure>\n<\/div>\n\n\n\n<div class=\"wp-block-column is-layout-flow wp-block-column-is-layout-flow\">\n<figure class=\"wp-block-image size-large\"><img loading=\"lazy\" decoding=\"async\" width=\"1024\" height=\"573\" src=\"https:\/\/vocesdeveracruz.com.mx\/wp-content\/uploads\/2025\/11\/579655689_866171729705086_8777499946073285572_n-1024x573.jpg\" alt=\"\" class=\"wp-image-4481\" srcset=\"https:\/\/vocesdeveracruz.com.mx\/wp-content\/uploads\/2025\/11\/579655689_866171729705086_8777499946073285572_n-1024x573.jpg 1024w, https:\/\/vocesdeveracruz.com.mx\/wp-content\/uploads\/2025\/11\/579655689_866171729705086_8777499946073285572_n-300x168.jpg 300w, https:\/\/vocesdeveracruz.com.mx\/wp-content\/uploads\/2025\/11\/579655689_866171729705086_8777499946073285572_n-768x430.jpg 768w, https:\/\/vocesdeveracruz.com.mx\/wp-content\/uploads\/2025\/11\/579655689_866171729705086_8777499946073285572_n-1536x860.jpg 1536w, https:\/\/vocesdeveracruz.com.mx\/wp-content\/uploads\/2025\/11\/579655689_866171729705086_8777499946073285572_n.jpg 2048w\" sizes=\"auto, (max-width: 1024px) 100vw, 1024px\" \/><\/figure>\n<\/div>\n\n\n\n<div class=\"wp-block-column is-layout-flow wp-block-column-is-layout-flow\">\n<figure class=\"wp-block-image size-large\"><img loading=\"lazy\" decoding=\"async\" width=\"1024\" height=\"560\" src=\"https:\/\/vocesdeveracruz.com.mx\/wp-content\/uploads\/2025\/11\/581032492_866171699705089_4511197639302186291_n-1024x560.jpg\" alt=\"\" class=\"wp-image-4482\" srcset=\"https:\/\/vocesdeveracruz.com.mx\/wp-content\/uploads\/2025\/11\/581032492_866171699705089_4511197639302186291_n-1024x560.jpg 1024w, https:\/\/vocesdeveracruz.com.mx\/wp-content\/uploads\/2025\/11\/581032492_866171699705089_4511197639302186291_n-300x164.jpg 300w, https:\/\/vocesdeveracruz.com.mx\/wp-content\/uploads\/2025\/11\/581032492_866171699705089_4511197639302186291_n-768x420.jpg 768w, https:\/\/vocesdeveracruz.com.mx\/wp-content\/uploads\/2025\/11\/581032492_866171699705089_4511197639302186291_n-1536x839.jpg 1536w, https:\/\/vocesdeveracruz.com.mx\/wp-content\/uploads\/2025\/11\/581032492_866171699705089_4511197639302186291_n.jpg 2048w\" sizes=\"auto, (max-width: 1024px) 100vw, 1024px\" \/><\/figure>\n<\/div>\n<\/div>\n\n\n\n<p>Asimismo, se cont\u00f3 con la participaci\u00f3n de; el Lic. Joseph Cruz Mart\u00ednez, Director General del ITSP; la Mtra. Argia Lili Paz Molina, Directora Acad\u00e9mica; el Ing. Julio C\u00e9sar Vera Montalvo, Director de Planeaci\u00f3n y Vinculaci\u00f3n; la Lic. Claudia Yaneth Norato del \u00c1ngel, Subdirectora Administrativa; el Ing. Taurino Vargas Plata, Subdirector de Vinculaci\u00f3n; el Ing. Jes\u00fas G\u00f3mez Castellanos, Subdirector de Posgrado; la Ing. Catalina Mej\u00eda Barrios, Jefa de Divisi\u00f3n de Ingenier\u00eda Industrial; la Lic. Irene Aburto Figueroa, Jefa de Divisi\u00f3n de Ingenier\u00eda en Gesti\u00f3n Empresarial; la Lic. Erika Etienne Dom\u00ednguez, Jefa de Divisi\u00f3n de Ingenier\u00eda en Sistemas Computacionales e Ingenier\u00eda Inform\u00e1tica; la Lic. Alejandra Jim\u00e9nez Nieto, Jefa de Divisi\u00f3n de Contador P\u00fablico; el Ing. Alejandro Figueroa Gonz\u00e1lez, Jefe de Divisi\u00f3n de Ciencias B\u00e1sicas; la Ing. Laura Patricia Hern\u00e1ndez Vargas, Jefa de Divisi\u00f3n de Ingenier\u00eda Petrolera; la Ing. Patricia Gracia Garc\u00eda, Jefa de Divisi\u00f3n de Ingenier\u00eda en Industrias Alimentarias y de la Mtra. Guadalupe Salas Rivera, Coordinadora del ITSP Extensi\u00f3n Pueblo Viejo.<\/p>\n\n\n\n<p>El jurado calificador, conformado por Lic. Yamilet L\u00f3pez Almeida, Melany Conde \u00c1lvarez y Uriel Trejo Loredo, evalu\u00f3 cuidadosamente cada participaci\u00f3n en distintas categor\u00edas como proyecci\u00f3n esc\u00e9nica, desenvolvimiento, elegancia y expresi\u00f3n oral, determinando con imparcialidad a los ganadores de la noche.<\/p>\n\n\n\n<figure class=\"wp-block-image size-large is-resized\"><img loading=\"lazy\" decoding=\"async\" width=\"1024\" height=\"564\" src=\"https:\/\/vocesdeveracruz.com.mx\/wp-content\/uploads\/2025\/11\/580508239_866171513038441_9039745705797586736_n-1024x564.jpg\" alt=\"\" class=\"wp-image-4483\" style=\"width:576px;height:auto\" srcset=\"https:\/\/vocesdeveracruz.com.mx\/wp-content\/uploads\/2025\/11\/580508239_866171513038441_9039745705797586736_n-1024x564.jpg 1024w, https:\/\/vocesdeveracruz.com.mx\/wp-content\/uploads\/2025\/11\/580508239_866171513038441_9039745705797586736_n-300x165.jpg 300w, https:\/\/vocesdeveracruz.com.mx\/wp-content\/uploads\/2025\/11\/580508239_866171513038441_9039745705797586736_n-768x423.jpg 768w, https:\/\/vocesdeveracruz.com.mx\/wp-content\/uploads\/2025\/11\/580508239_866171513038441_9039745705797586736_n-1536x846.jpg 1536w, https:\/\/vocesdeveracruz.com.mx\/wp-content\/uploads\/2025\/11\/580508239_866171513038441_9039745705797586736_n.jpg 2048w\" sizes=\"auto, (max-width: 1024px) 100vw, 1024px\" \/><\/figure>\n\n\n\n<p>Con este evento, el TecNM Campus P\u00e1nuco reafirma su compromiso con la formaci\u00f3n integral de sus estudiantes, promoviendo la cultura, el arte, la convivencia y el orgullo de pertenecer a esta gran comunidad tecnol\u00f3gica.<\/p>\n","protected":false},"excerpt":{"rendered":"<p>P\u00e1nuco, Ver.\u2013 Como parte de los festejos conmemorativos por el XXVIII Aniversario del TecNM Campus P\u00e1nuco, y en el marco de la Semana Cultural y Deportiva ITSP 2025, la noche&hellip;<\/p>\n","protected":false},"author":1,"featured_media":4479,"comment_status":"open","ping_status":"closed","sticky":false,"template":"","format":"standard","meta":{"footnotes":""},"categories":[72],"tags":[],"class_list":["post-4478","post","type-post","status-publish","format-standard","has-post-thumbnail","hentry","category-local"],"magazineBlocksPostFeaturedMedia":{"thumbnail":"https:\/\/vocesdeveracruz.com.mx\/wp-content\/uploads\/2025\/11\/580533566_866171546371771_6139468885142869413_n-150x150.jpg","medium":"https:\/\/vocesdeveracruz.com.mx\/wp-content\/uploads\/2025\/11\/580533566_866171546371771_6139468885142869413_n-300x167.jpg","medium_large":"https:\/\/vocesdeveracruz.com.mx\/wp-content\/uploads\/2025\/11\/580533566_866171546371771_6139468885142869413_n-768x426.jpg","large":"https:\/\/vocesdeveracruz.com.mx\/wp-content\/uploads\/2025\/11\/580533566_866171546371771_6139468885142869413_n-1024x569.jpg","1536x1536":"https:\/\/vocesdeveracruz.com.mx\/wp-content\/uploads\/2025\/11\/580533566_866171546371771_6139468885142869413_n-1536x853.jpg","2048x2048":"https:\/\/vocesdeveracruz.com.mx\/wp-content\/uploads\/2025\/11\/580533566_866171546371771_6139468885142869413_n.jpg"},"magazineBlocksPostAuthor":{"name":"admin","avatar":"https:\/\/secure.gravatar.com\/avatar\/9d5013f9042ef2dfeb4122e9609da41e1858252ad644b84f2ec3a64ab59cceaf?s=96&d=mm&r=g"},"magazineBlocksPostCommentsNumber":"0","magazineBlocksPostExcerpt":"P\u00e1nuco, Ver.\u2013 Como parte de los festejos conmemorativos por el XXVIII Aniversario del TecNM Campus P\u00e1nuco, y en el marco de la Semana Cultural y Deportiva ITSP 2025, la noche&hellip;","magazineBlocksPostCategories":["LOCAL"],"magazineBlocksPostViewCount":397,"magazineBlocksPostReadTime":4,"magazine_blocks_featured_image_url":{"full":["https:\/\/vocesdeveracruz.com.mx\/wp-content\/uploads\/2025\/11\/580533566_866171546371771_6139468885142869413_n.jpg",2048,1137,false],"medium":["https:\/\/vocesdeveracruz.com.mx\/wp-content\/uploads\/2025\/11\/580533566_866171546371771_6139468885142869413_n-300x167.jpg",300,167,true],"thumbnail":["https:\/\/vocesdeveracruz.com.mx\/wp-content\/uploads\/2025\/11\/580533566_866171546371771_6139468885142869413_n-150x150.jpg",150,150,true]},"magazine_blocks_author":{"display_name":"admin","author_link":"https:\/\/vocesdeveracruz.com.mx\/?author=1"},"magazine_blocks_comment":0,"magazine_blocks_author_image":"https:\/\/secure.gravatar.com\/avatar\/9d5013f9042ef2dfeb4122e9609da41e1858252ad644b84f2ec3a64ab59cceaf?s=96&d=mm&r=g","magazine_blocks_category":"<a href=\"https:\/\/vocesdeveracruz.com.mx\/?cat=72\" rel=\"category\">LOCAL<\/a>","_links":{"self":[{"href":"https:\/\/vocesdeveracruz.com.mx\/index.php?rest_route=\/wp\/v2\/posts\/4478","targetHints":{"allow":["GET"]}}],"collection":[{"href":"https:\/\/vocesdeveracruz.com.mx\/index.php?rest_route=\/wp\/v2\/posts"}],"about":[{"href":"https:\/\/vocesdeveracruz.com.mx\/index.php?rest_route=\/wp\/v2\/types\/post"}],"author":[{"embeddable":true,"href":"https:\/\/vocesdeveracruz.com.mx\/index.php?rest_route=\/wp\/v2\/users\/1"}],"replies":[{"embeddable":true,"href":"https:\/\/vocesdeveracruz.com.mx\/index.php?rest_route=%2Fwp%2Fv2%2Fcomments&post=4478"}],"version-history":[{"count":1,"href":"https:\/\/vocesdeveracruz.com.mx\/index.php?rest_route=\/wp\/v2\/posts\/4478\/revisions"}],"predecessor-version":[{"id":4484,"href":"https:\/\/vocesdeveracruz.com.mx\/index.php?rest_route=\/wp\/v2\/posts\/4478\/revisions\/4484"}],"wp:featuredmedia":[{"embeddable":true,"href":"https:\/\/vocesdeveracruz.com.mx\/index.php?rest_route=\/wp\/v2\/media\/4479"}],"wp:attachment":[{"href":"https:\/\/vocesdeveracruz.com.mx\/index.php?rest_route=%2Fwp%2Fv2%2Fmedia&parent=4478"}],"wp:term":[{"taxonomy":"category","embeddable":true,"href":"https:\/\/vocesdeveracruz.com.mx\/index.php?rest_route=%2Fwp%2Fv2%2Fcategories&post=4478"},{"taxonomy":"post_tag","embeddable":true,"href":"https:\/\/vocesdeveracruz.com.mx\/index.php?rest_route=%2Fwp%2Fv2%2Ftags&post=4478"}],"curies":[{"name":"wp","href":"https:\/\/api.w.org\/{rel}","templated":true}]}}