{"id":4372,"date":"2025-10-30T10:02:20","date_gmt":"2025-10-30T16:02:20","guid":{"rendered":"https:\/\/vocesdeveracruz.com.mx\/?p=4372"},"modified":"2025-10-30T10:02:20","modified_gmt":"2025-10-30T16:02:20","slug":"%f0%9d%97%a7%f0%9d%97%bf%f0%9d%97%ae%f0%9d%98%80-%f0%9d%97%b1%f0%9d%97%b6%f0%9d%97%ae%f0%9d%97%b9%f0%9d%97%bc%f0%9d%97%b4%f0%9d%97%bc-%f0%9d%97%95%f0%9d%97%b6%f0%9d%97%b2%f0%9d%97%bb","status":"publish","type":"post","link":"https:\/\/vocesdeveracruz.com.mx\/?p=4372","title":{"rendered":"\ud835\udde7\ud835\uddff\ud835\uddee\ud835\ude00 \ud835\uddf1\ud835\uddf6\ud835\uddee\u0301\ud835\uddf9\ud835\uddfc\ud835\uddf4\ud835\uddfc, \ud835\uddd5\ud835\uddf6\ud835\uddf2\ud835\uddfb\ud835\uddf2\ud835\ude00\ud835\ude01\ud835\uddee\ud835\uddff \ud835\ude06 \ud835\uddf0\ud835\uddf6\ud835\ude02\ud835\uddf1\ud835\uddee\ud835\uddf1\ud835\uddee\ud835\uddfb\ud835\uddfc\ud835\ude00 \ud835\uddf1\ud835\uddf2 \ud835\udde3\ud835\uddee\ud835\ude00\ud835\uddfc \ud835\udde5\ud835\uddf2\ud835\uddee\ud835\uddf9 \ud835\uddf9\ud835\uddfc\ud835\uddf4\ud835\uddff\ud835\uddee\ud835\uddfb \ud835\uddee\ud835\uddf0\ud835\ude02\ud835\uddf2\ud835\uddff\ud835\uddf1\ud835\uddfc \ud835\uddfd\ud835\uddee\ud835\uddff\ud835\uddee \ud835\uddf2\ud835\uddf9 \ud835\uddf0\ud835\uddf2\ud835\uddfb\ud835\ude00\ud835\uddfc \ud835\uddf1\ud835\uddf2 \ud835\uddee\ud835\uddfd\ud835\uddfc\ud835\ude06\ud835\uddfc"},"content":{"rendered":"\n<p><\/p>\n\n\n\n<p>P\u00e1nuco, Ver.- Posterior a la manifestaci\u00f3n en el puente P\u00e1nuco, personal <a><\/a>de Bienestar entabl\u00f3 una mesa de di\u00e1logo con los manifestantes para dar soluci\u00f3n a las peticiones solicitadas por los ciudadanos de la colonia de Paso Real.<\/p>\n\n\n\n<p>Derivado de la manifestaci\u00f3n por parte de los habitantes de Paso Real Buena Vista, mismos que llevaron a cabo por la falta del censo de bienestar, fue el coordinador de los programas federales Diego Dur\u00e1n quien manifest\u00f3 que a partir del d\u00eda viernes dar\u00e1n inicio en las colonias Chimalpopoca, Paso Real, Real del Parque, Salvaz\u00fachil entre otras con afectaciones.<\/p>\n\n\n\n<p>Diego Dur\u00e1n expuso que los servidores de la naci\u00f3n se encuentran en municipios prioritarios donde hubo afectaciones en su totalidad como son Poza Rica, \u00c1lamo y el Higo, asever\u00f3 que el censo ser\u00e1 por vivienda, los manifestantes estuvieron de acuerdo ante lo estipulado y estar\u00e1n apoyando a los servidores.<\/p>\n","protected":false},"excerpt":{"rendered":"<p>P\u00e1nuco, Ver.- Posterior a la manifestaci\u00f3n en el puente P\u00e1nuco, personal de Bienestar entabl\u00f3 una mesa de di\u00e1logo con los manifestantes para dar soluci\u00f3n a las peticiones solicitadas por los&hellip;<\/p>\n","protected":false},"author":1,"featured_media":4373,"comment_status":"open","ping_status":"closed","sticky":false,"template":"","format":"standard","meta":{"footnotes":""},"categories":[72],"tags":[],"class_list":["post-4372","post","type-post","status-publish","format-standard","has-post-thumbnail","hentry","category-local"],"magazineBlocksPostFeaturedMedia":{"thumbnail":"https:\/\/vocesdeveracruz.com.mx\/wp-content\/uploads\/2025\/10\/574613536_1363298928922480_4409427299525827808_n-150x150.jpg","medium":"https:\/\/vocesdeveracruz.com.mx\/wp-content\/uploads\/2025\/10\/574613536_1363298928922480_4409427299525827808_n-300x175.jpg","medium_large":"https:\/\/vocesdeveracruz.com.mx\/wp-content\/uploads\/2025\/10\/574613536_1363298928922480_4409427299525827808_n-768x449.jpg","large":"https:\/\/vocesdeveracruz.com.mx\/wp-content\/uploads\/2025\/10\/574613536_1363298928922480_4409427299525827808_n-1024x598.jpg","1536x1536":"https:\/\/vocesdeveracruz.com.mx\/wp-content\/uploads\/2025\/10\/574613536_1363298928922480_4409427299525827808_n-1536x898.jpg","2048x2048":"https:\/\/vocesdeveracruz.com.mx\/wp-content\/uploads\/2025\/10\/574613536_1363298928922480_4409427299525827808_n.jpg"},"magazineBlocksPostAuthor":{"name":"admin","avatar":"https:\/\/secure.gravatar.com\/avatar\/9d5013f9042ef2dfeb4122e9609da41e1858252ad644b84f2ec3a64ab59cceaf?s=96&d=mm&r=g"},"magazineBlocksPostCommentsNumber":"0","magazineBlocksPostExcerpt":"P\u00e1nuco, Ver.- Posterior a la manifestaci\u00f3n en el puente P\u00e1nuco, personal de Bienestar entabl\u00f3 una mesa de di\u00e1logo con los manifestantes para dar soluci\u00f3n a las peticiones solicitadas por los&hellip;","magazineBlocksPostCategories":["LOCAL"],"magazineBlocksPostViewCount":133,"magazineBlocksPostReadTime":1,"magazine_blocks_featured_image_url":{"full":["https:\/\/vocesdeveracruz.com.mx\/wp-content\/uploads\/2025\/10\/574613536_1363298928922480_4409427299525827808_n.jpg",1600,935,false],"medium":["https:\/\/vocesdeveracruz.com.mx\/wp-content\/uploads\/2025\/10\/574613536_1363298928922480_4409427299525827808_n-300x175.jpg",300,175,true],"thumbnail":["https:\/\/vocesdeveracruz.com.mx\/wp-content\/uploads\/2025\/10\/574613536_1363298928922480_4409427299525827808_n-150x150.jpg",150,150,true]},"magazine_blocks_author":{"display_name":"admin","author_link":"https:\/\/vocesdeveracruz.com.mx\/?author=1"},"magazine_blocks_comment":0,"magazine_blocks_author_image":"https:\/\/secure.gravatar.com\/avatar\/9d5013f9042ef2dfeb4122e9609da41e1858252ad644b84f2ec3a64ab59cceaf?s=96&d=mm&r=g","magazine_blocks_category":"<a href=\"https:\/\/vocesdeveracruz.com.mx\/?cat=72\" rel=\"category\">LOCAL<\/a>","_links":{"self":[{"href":"https:\/\/vocesdeveracruz.com.mx\/index.php?rest_route=\/wp\/v2\/posts\/4372","targetHints":{"allow":["GET"]}}],"collection":[{"href":"https:\/\/vocesdeveracruz.com.mx\/index.php?rest_route=\/wp\/v2\/posts"}],"about":[{"href":"https:\/\/vocesdeveracruz.com.mx\/index.php?rest_route=\/wp\/v2\/types\/post"}],"author":[{"embeddable":true,"href":"https:\/\/vocesdeveracruz.com.mx\/index.php?rest_route=\/wp\/v2\/users\/1"}],"replies":[{"embeddable":true,"href":"https:\/\/vocesdeveracruz.com.mx\/index.php?rest_route=%2Fwp%2Fv2%2Fcomments&post=4372"}],"version-history":[{"count":1,"href":"https:\/\/vocesdeveracruz.com.mx\/index.php?rest_route=\/wp\/v2\/posts\/4372\/revisions"}],"predecessor-version":[{"id":4374,"href":"https:\/\/vocesdeveracruz.com.mx\/index.php?rest_route=\/wp\/v2\/posts\/4372\/revisions\/4374"}],"wp:featuredmedia":[{"embeddable":true,"href":"https:\/\/vocesdeveracruz.com.mx\/index.php?rest_route=\/wp\/v2\/media\/4373"}],"wp:attachment":[{"href":"https:\/\/vocesdeveracruz.com.mx\/index.php?rest_route=%2Fwp%2Fv2%2Fmedia&parent=4372"}],"wp:term":[{"taxonomy":"category","embeddable":true,"href":"https:\/\/vocesdeveracruz.com.mx\/index.php?rest_route=%2Fwp%2Fv2%2Fcategories&post=4372"},{"taxonomy":"post_tag","embeddable":true,"href":"https:\/\/vocesdeveracruz.com.mx\/index.php?rest_route=%2Fwp%2Fv2%2Ftags&post=4372"}],"curies":[{"name":"wp","href":"https:\/\/api.w.org\/{rel}","templated":true}]}}