{"id":4367,"date":"2025-10-30T10:01:42","date_gmt":"2025-10-30T16:01:42","guid":{"rendered":"https:\/\/vocesdeveracruz.com.mx\/?p=4367"},"modified":"2025-10-30T10:01:42","modified_gmt":"2025-10-30T16:01:42","slug":"parroquia-san-esteban-recibe-ayuda-para-damnificados-del-norte-de-veracruz","status":"publish","type":"post","link":"https:\/\/vocesdeveracruz.com.mx\/?p=4367","title":{"rendered":"Parroquia San Esteban recibe ayuda para damnificados del norte de Veracruz"},"content":{"rendered":"\n<p><\/p>\n\n\n\n<p>P\u00e1nuco, Ver. &#8211; En un gesto de solidaridad cat\u00f3lica, la Parroquia San Esteban recibi\u00f3 esta ma\u00f1ana un tr\u00e1iler con ayuda humanitaria enviada por C\u00e1ritas Monterrey, Nuevo Le\u00f3n, destinada a las familias afectadas por las recientes contingencias en los municipios de P\u00e1nuco y El Higo.<\/p>\n\n\n\n<p>El presb\u00edtero Clemente Franco Hern\u00e1ndez, de la parroquia de San Esteban, encabez\u00f3 el acto de recepci\u00f3n, agradeciendo profundamente el respaldo y apoyo brindado por la organizaci\u00f3n y por todas las personas que hicieron posible este env\u00edo.<\/p>\n\n\n\n<div class=\"wp-block-columns is-layout-flex wp-container-core-columns-is-layout-9d6595d7 wp-block-columns-is-layout-flex\">\n<div class=\"wp-block-column is-layout-flow wp-block-column-is-layout-flow\">\n<figure class=\"wp-block-image size-large\"><img loading=\"lazy\" decoding=\"async\" width=\"1024\" height=\"576\" src=\"https:\/\/vocesdeveracruz.com.mx\/wp-content\/uploads\/2025\/10\/574393077_1363774818874891_418726848838072912_n-1024x576.jpg\" alt=\"\" class=\"wp-image-4369\" srcset=\"https:\/\/vocesdeveracruz.com.mx\/wp-content\/uploads\/2025\/10\/574393077_1363774818874891_418726848838072912_n-1024x576.jpg 1024w, https:\/\/vocesdeveracruz.com.mx\/wp-content\/uploads\/2025\/10\/574393077_1363774818874891_418726848838072912_n-300x169.jpg 300w, https:\/\/vocesdeveracruz.com.mx\/wp-content\/uploads\/2025\/10\/574393077_1363774818874891_418726848838072912_n-768x432.jpg 768w, https:\/\/vocesdeveracruz.com.mx\/wp-content\/uploads\/2025\/10\/574393077_1363774818874891_418726848838072912_n-1536x864.jpg 1536w, https:\/\/vocesdeveracruz.com.mx\/wp-content\/uploads\/2025\/10\/574393077_1363774818874891_418726848838072912_n.jpg 1599w\" sizes=\"auto, (max-width: 1024px) 100vw, 1024px\" \/><\/figure>\n<\/div>\n\n\n\n<div class=\"wp-block-column is-layout-flow wp-block-column-is-layout-flow\">\n<figure class=\"wp-block-image size-large\"><img loading=\"lazy\" decoding=\"async\" width=\"1024\" height=\"768\" src=\"https:\/\/vocesdeveracruz.com.mx\/wp-content\/uploads\/2025\/10\/571800256_1363774738874899_6872056612267410936_n-1024x768.jpg\" alt=\"\" class=\"wp-image-4370\" srcset=\"https:\/\/vocesdeveracruz.com.mx\/wp-content\/uploads\/2025\/10\/571800256_1363774738874899_6872056612267410936_n-1024x768.jpg 1024w, https:\/\/vocesdeveracruz.com.mx\/wp-content\/uploads\/2025\/10\/571800256_1363774738874899_6872056612267410936_n-300x225.jpg 300w, https:\/\/vocesdeveracruz.com.mx\/wp-content\/uploads\/2025\/10\/571800256_1363774738874899_6872056612267410936_n-768x576.jpg 768w, https:\/\/vocesdeveracruz.com.mx\/wp-content\/uploads\/2025\/10\/571800256_1363774738874899_6872056612267410936_n-1536x1152.jpg 1536w, https:\/\/vocesdeveracruz.com.mx\/wp-content\/uploads\/2025\/10\/571800256_1363774738874899_6872056612267410936_n.jpg 1600w\" sizes=\"auto, (max-width: 1024px) 100vw, 1024px\" \/><\/figure>\n<\/div>\n<\/div>\n\n\n\n<p>\u201cEl pueblo es unido, la fe cat\u00f3lica nos fortalece y nos impulsa a seguir ayudando. Agradecemos a Dios por la hermandad y por esta gran muestra de amor al pr\u00f3jimo\u201d, expres\u00f3 el sacerdote durante el recibimiento del apoyo.<\/p>\n\n\n\n<p>La ayuda ser\u00e1 distribuida en los pr\u00f3ximos d\u00edas entre las familias m\u00e1s necesitadas, reafirmando as\u00ed el compromiso de la Iglesia con la comunidad y la esperanza de que la solidaridad contin\u00fae siendo el puente que une a los pueblos.<\/p>\n","protected":false},"excerpt":{"rendered":"<p>P\u00e1nuco, Ver. &#8211; En un gesto de solidaridad cat\u00f3lica, la Parroquia San Esteban recibi\u00f3 esta ma\u00f1ana un tr\u00e1iler con ayuda humanitaria enviada por C\u00e1ritas Monterrey, Nuevo Le\u00f3n, destinada a las&hellip;<\/p>\n","protected":false},"author":1,"featured_media":4368,"comment_status":"open","ping_status":"closed","sticky":false,"template":"","format":"standard","meta":{"footnotes":""},"categories":[72],"tags":[],"class_list":["post-4367","post","type-post","status-publish","format-standard","has-post-thumbnail","hentry","category-local"],"magazineBlocksPostFeaturedMedia":{"thumbnail":"https:\/\/vocesdeveracruz.com.mx\/wp-content\/uploads\/2025\/10\/fc851923-3e28-4f14-8504-4f40785397b7-150x150.jpg","medium":"https:\/\/vocesdeveracruz.com.mx\/wp-content\/uploads\/2025\/10\/fc851923-3e28-4f14-8504-4f40785397b7-300x225.jpg","medium_large":"https:\/\/vocesdeveracruz.com.mx\/wp-content\/uploads\/2025\/10\/fc851923-3e28-4f14-8504-4f40785397b7-768x576.jpg","large":"https:\/\/vocesdeveracruz.com.mx\/wp-content\/uploads\/2025\/10\/fc851923-3e28-4f14-8504-4f40785397b7-1024x768.jpg","1536x1536":"https:\/\/vocesdeveracruz.com.mx\/wp-content\/uploads\/2025\/10\/fc851923-3e28-4f14-8504-4f40785397b7-1536x1152.jpg","2048x2048":"https:\/\/vocesdeveracruz.com.mx\/wp-content\/uploads\/2025\/10\/fc851923-3e28-4f14-8504-4f40785397b7.jpg"},"magazineBlocksPostAuthor":{"name":"admin","avatar":"https:\/\/secure.gravatar.com\/avatar\/9d5013f9042ef2dfeb4122e9609da41e1858252ad644b84f2ec3a64ab59cceaf?s=96&d=mm&r=g"},"magazineBlocksPostCommentsNumber":"0","magazineBlocksPostExcerpt":"P\u00e1nuco, Ver. &#8211; En un gesto de solidaridad cat\u00f3lica, la Parroquia San Esteban recibi\u00f3 esta ma\u00f1ana un tr\u00e1iler con ayuda humanitaria enviada por C\u00e1ritas Monterrey, Nuevo Le\u00f3n, destinada a las&hellip;","magazineBlocksPostCategories":["LOCAL"],"magazineBlocksPostViewCount":147,"magazineBlocksPostReadTime":1,"magazine_blocks_featured_image_url":{"full":["https:\/\/vocesdeveracruz.com.mx\/wp-content\/uploads\/2025\/10\/fc851923-3e28-4f14-8504-4f40785397b7.jpg",1600,1200,false],"medium":["https:\/\/vocesdeveracruz.com.mx\/wp-content\/uploads\/2025\/10\/fc851923-3e28-4f14-8504-4f40785397b7-300x225.jpg",300,225,true],"thumbnail":["https:\/\/vocesdeveracruz.com.mx\/wp-content\/uploads\/2025\/10\/fc851923-3e28-4f14-8504-4f40785397b7-150x150.jpg",150,150,true]},"magazine_blocks_author":{"display_name":"admin","author_link":"https:\/\/vocesdeveracruz.com.mx\/?author=1"},"magazine_blocks_comment":0,"magazine_blocks_author_image":"https:\/\/secure.gravatar.com\/avatar\/9d5013f9042ef2dfeb4122e9609da41e1858252ad644b84f2ec3a64ab59cceaf?s=96&d=mm&r=g","magazine_blocks_category":"<a href=\"https:\/\/vocesdeveracruz.com.mx\/?cat=72\" rel=\"category\">LOCAL<\/a>","_links":{"self":[{"href":"https:\/\/vocesdeveracruz.com.mx\/index.php?rest_route=\/wp\/v2\/posts\/4367","targetHints":{"allow":["GET"]}}],"collection":[{"href":"https:\/\/vocesdeveracruz.com.mx\/index.php?rest_route=\/wp\/v2\/posts"}],"about":[{"href":"https:\/\/vocesdeveracruz.com.mx\/index.php?rest_route=\/wp\/v2\/types\/post"}],"author":[{"embeddable":true,"href":"https:\/\/vocesdeveracruz.com.mx\/index.php?rest_route=\/wp\/v2\/users\/1"}],"replies":[{"embeddable":true,"href":"https:\/\/vocesdeveracruz.com.mx\/index.php?rest_route=%2Fwp%2Fv2%2Fcomments&post=4367"}],"version-history":[{"count":1,"href":"https:\/\/vocesdeveracruz.com.mx\/index.php?rest_route=\/wp\/v2\/posts\/4367\/revisions"}],"predecessor-version":[{"id":4371,"href":"https:\/\/vocesdeveracruz.com.mx\/index.php?rest_route=\/wp\/v2\/posts\/4367\/revisions\/4371"}],"wp:featuredmedia":[{"embeddable":true,"href":"https:\/\/vocesdeveracruz.com.mx\/index.php?rest_route=\/wp\/v2\/media\/4368"}],"wp:attachment":[{"href":"https:\/\/vocesdeveracruz.com.mx\/index.php?rest_route=%2Fwp%2Fv2%2Fmedia&parent=4367"}],"wp:term":[{"taxonomy":"category","embeddable":true,"href":"https:\/\/vocesdeveracruz.com.mx\/index.php?rest_route=%2Fwp%2Fv2%2Fcategories&post=4367"},{"taxonomy":"post_tag","embeddable":true,"href":"https:\/\/vocesdeveracruz.com.mx\/index.php?rest_route=%2Fwp%2Fv2%2Ftags&post=4367"}],"curies":[{"name":"wp","href":"https:\/\/api.w.org\/{rel}","templated":true}]}}