{"id":4338,"date":"2025-10-28T18:53:11","date_gmt":"2025-10-29T00:53:11","guid":{"rendered":"https:\/\/vocesdeveracruz.com.mx\/?p=4338"},"modified":"2025-10-28T18:53:11","modified_gmt":"2025-10-29T00:53:11","slug":"%f0%9d%97%99%f0%9d%97%b2%f0%9d%97%b9%f0%9d%97%b6%f0%9d%97%b4%f0%9d%97%bf%f0%9d%97%b2%f0%9d%98%80%f0%9d%97%b2%f0%9d%98%80-%f0%9d%97%b1%f0%9d%97%b2-%f0%9d%97%a3%f0%9d%97%ae%f0%9d%97%bb%f0%9d%98%82","status":"publish","type":"post","link":"https:\/\/vocesdeveracruz.com.mx\/?p=4338","title":{"rendered":"\ud835\uddd9\ud835\uddf2\ud835\uddf9\ud835\uddf6\ud835\uddf4\ud835\uddff\ud835\uddf2\ud835\ude00\ud835\uddf2\ud835\ude00 \ud835\uddf1\ud835\uddf2 \ud835\udde3\ud835\uddee\u0301\ud835\uddfb\ud835\ude02\ud835\uddf0\ud835\uddfc \ud835\uddff\ud835\uddf2\ud835\uddf0\ud835\uddf6\ud835\uddef\ud835\uddf2\ud835\uddfb \ud835\uddfd\ud835\uddfc\ud835\uddff \ud835\uddfd\ud835\uddff\ud835\uddf6\ud835\uddfa\ud835\uddf2\ud835\uddff\ud835\uddee \ud835\ude03\ud835\uddf2\ud835\ude07 \ud835\uddf9\ud835\uddee\ud835\ude00 \ud835\uddff\ud835\uddf2\ud835\uddf9\ud835\uddf6\ud835\uddfe\ud835\ude02\ud835\uddf6\ud835\uddee\ud835\ude00 \ud835\uddf1\ud835\uddf2 \ud835\udde6\ud835\uddee\ud835\uddfb \ud835\udde3\ud835\uddee\ud835\ude00\ud835\uddf0\ud835\ude02\ud835\uddee\ud835\uddf9 \ud835\uddd5\ud835\uddee\ud835\uddf6\ud835\uddf9\ud835\uddfc\u0301\ud835\uddfb"},"content":{"rendered":"\n<p><\/p>\n\n\n\n<p><a href=\"https:\/\/www.facebook.com\/hashtag\/p%C3%A1nuco?__eep__=6&amp;__cft__[0]=AZWk1mVj-sQK8gEGlm4o8MGNWcuNrJ4qCniIeaKQRMpXfi2Z84R2H7vgxuz57AMAl1eMWchEuv7Otcn4an4uYIPhx83suGB-Un8A0WsJJL6Nmajsus6dLGCbhdo3RH0y2MGStE9zzqa012tOUCQHOL23LFHmzQWM08-Ne_6gOlfHTFd4B8xZWBt0x00QZTzsnOM&amp;__tn__=*NK-R\">P\u00e1nuco<\/a>, Ver. \u2013 En un emotivo acto de fe, feligreses panuquenses recibieron por primera vez las reliquias de San Pascual Bail\u00f3n, santo patrono de la Eucarist\u00eda, en una jornada marcada por la devoci\u00f3n y la unidad espiritual.<\/p>\n\n\n\n<p>El arribo se llev\u00f3 a cabo en punto de las 14:00 horas, donde feligreses esperaban para acompa\u00f1ar en procesi\u00f3n las reliquias hasta la Parroquia San Esteban, encabezados por el presb\u00edtero Clemente Franco Hern\u00e1ndez, quien dio la bienvenida y ofici\u00f3 la Santa Misa en honor al santo.<\/p>\n\n\n\n<div class=\"wp-block-columns is-layout-flex wp-container-core-columns-is-layout-9d6595d7 wp-block-columns-is-layout-flex\">\n<div class=\"wp-block-column is-layout-flow wp-block-column-is-layout-flow\">\n<figure class=\"wp-block-image size-large\"><img loading=\"lazy\" decoding=\"async\" width=\"1024\" height=\"577\" src=\"https:\/\/vocesdeveracruz.com.mx\/wp-content\/uploads\/2025\/10\/572380711_1362382169014156_8980907295825039404_n-1024x577.jpg\" alt=\"\" class=\"wp-image-4340\" srcset=\"https:\/\/vocesdeveracruz.com.mx\/wp-content\/uploads\/2025\/10\/572380711_1362382169014156_8980907295825039404_n-1024x577.jpg 1024w, https:\/\/vocesdeveracruz.com.mx\/wp-content\/uploads\/2025\/10\/572380711_1362382169014156_8980907295825039404_n-300x169.jpg 300w, https:\/\/vocesdeveracruz.com.mx\/wp-content\/uploads\/2025\/10\/572380711_1362382169014156_8980907295825039404_n-768x432.jpg 768w, https:\/\/vocesdeveracruz.com.mx\/wp-content\/uploads\/2025\/10\/572380711_1362382169014156_8980907295825039404_n-1536x865.jpg 1536w, https:\/\/vocesdeveracruz.com.mx\/wp-content\/uploads\/2025\/10\/572380711_1362382169014156_8980907295825039404_n.jpg 2048w\" sizes=\"auto, (max-width: 1024px) 100vw, 1024px\" \/><\/figure>\n<\/div>\n\n\n\n<div class=\"wp-block-column is-layout-flow wp-block-column-is-layout-flow\">\n<figure class=\"wp-block-image size-large\"><img loading=\"lazy\" decoding=\"async\" width=\"1024\" height=\"577\" src=\"https:\/\/vocesdeveracruz.com.mx\/wp-content\/uploads\/2025\/10\/571308035_1362382325680807_1272662758248655458_n-1024x577.jpg\" alt=\"\" class=\"wp-image-4341\" srcset=\"https:\/\/vocesdeveracruz.com.mx\/wp-content\/uploads\/2025\/10\/571308035_1362382325680807_1272662758248655458_n-1024x577.jpg 1024w, https:\/\/vocesdeveracruz.com.mx\/wp-content\/uploads\/2025\/10\/571308035_1362382325680807_1272662758248655458_n-300x169.jpg 300w, https:\/\/vocesdeveracruz.com.mx\/wp-content\/uploads\/2025\/10\/571308035_1362382325680807_1272662758248655458_n-768x432.jpg 768w, https:\/\/vocesdeveracruz.com.mx\/wp-content\/uploads\/2025\/10\/571308035_1362382325680807_1272662758248655458_n-1536x865.jpg 1536w, https:\/\/vocesdeveracruz.com.mx\/wp-content\/uploads\/2025\/10\/571308035_1362382325680807_1272662758248655458_n.jpg 2048w\" sizes=\"auto, (max-width: 1024px) 100vw, 1024px\" \/><\/figure>\n<\/div>\n\n\n\n<div class=\"wp-block-column is-layout-flow wp-block-column-is-layout-flow\">\n<figure class=\"wp-block-image size-large\"><img loading=\"lazy\" decoding=\"async\" width=\"1024\" height=\"577\" src=\"https:\/\/vocesdeveracruz.com.mx\/wp-content\/uploads\/2025\/10\/571326977_1362382392347467_8133956229912353564_n-1024x577.jpg\" alt=\"\" class=\"wp-image-4342\" srcset=\"https:\/\/vocesdeveracruz.com.mx\/wp-content\/uploads\/2025\/10\/571326977_1362382392347467_8133956229912353564_n-1024x577.jpg 1024w, https:\/\/vocesdeveracruz.com.mx\/wp-content\/uploads\/2025\/10\/571326977_1362382392347467_8133956229912353564_n-300x169.jpg 300w, https:\/\/vocesdeveracruz.com.mx\/wp-content\/uploads\/2025\/10\/571326977_1362382392347467_8133956229912353564_n-768x432.jpg 768w, https:\/\/vocesdeveracruz.com.mx\/wp-content\/uploads\/2025\/10\/571326977_1362382392347467_8133956229912353564_n-1536x865.jpg 1536w, https:\/\/vocesdeveracruz.com.mx\/wp-content\/uploads\/2025\/10\/571326977_1362382392347467_8133956229912353564_n.jpg 2048w\" sizes=\"auto, (max-width: 1024px) 100vw, 1024px\" \/><\/figure>\n<\/div>\n<\/div>\n\n\n\n<p>Durante la celebraci\u00f3n, el p\u00e1rroco destac\u00f3 que P\u00e1nuco es un pueblo que peregrina y ama a la Eucarist\u00eda, invitando a los presentes a mantener viva su fe y a seguir el ejemplo de humildad y entrega de San Pascual Bail\u00f3n.<\/p>\n\n\n\n<p>San Pascual Bail\u00f3n es conocido por milagros en el \u00e1mbito de la cocina y la fe eucar\u00edstica. Se le atribuye la multiplicaci\u00f3n del pan, curaci\u00f3n de enfermos, y sacar agua de una piedra. Tambi\u00e9n se le considera protector de los cocineros, pasteleros y de las parejas en crisis, adem\u00e1s de ser patr\u00f3n de los congresos eucar\u00edsticos debido a una visi\u00f3n que tuvo de la Eucarist\u00eda.<\/p>\n","protected":false},"excerpt":{"rendered":"<p>P\u00e1nuco, Ver. \u2013 En un emotivo acto de fe, feligreses panuquenses recibieron por primera vez las reliquias de San Pascual Bail\u00f3n, santo patrono de la Eucarist\u00eda, en una jornada marcada&hellip;<\/p>\n","protected":false},"author":1,"featured_media":4339,"comment_status":"open","ping_status":"closed","sticky":false,"template":"","format":"standard","meta":{"footnotes":""},"categories":[72],"tags":[],"class_list":["post-4338","post","type-post","status-publish","format-standard","has-post-thumbnail","hentry","category-local"],"magazineBlocksPostFeaturedMedia":{"thumbnail":"https:\/\/vocesdeveracruz.com.mx\/wp-content\/uploads\/2025\/10\/571231132_1362381082347598_2124376631604231320_n-150x150.jpg","medium":"https:\/\/vocesdeveracruz.com.mx\/wp-content\/uploads\/2025\/10\/571231132_1362381082347598_2124376631604231320_n-300x216.jpg","medium_large":"https:\/\/vocesdeveracruz.com.mx\/wp-content\/uploads\/2025\/10\/571231132_1362381082347598_2124376631604231320_n-768x553.jpg","large":"https:\/\/vocesdeveracruz.com.mx\/wp-content\/uploads\/2025\/10\/571231132_1362381082347598_2124376631604231320_n-1024x737.jpg","1536x1536":"https:\/\/vocesdeveracruz.com.mx\/wp-content\/uploads\/2025\/10\/571231132_1362381082347598_2124376631604231320_n.jpg","2048x2048":"https:\/\/vocesdeveracruz.com.mx\/wp-content\/uploads\/2025\/10\/571231132_1362381082347598_2124376631604231320_n.jpg"},"magazineBlocksPostAuthor":{"name":"admin","avatar":"https:\/\/secure.gravatar.com\/avatar\/9d5013f9042ef2dfeb4122e9609da41e1858252ad644b84f2ec3a64ab59cceaf?s=96&d=mm&r=g"},"magazineBlocksPostCommentsNumber":"0","magazineBlocksPostExcerpt":"P\u00e1nuco, Ver. \u2013 En un emotivo acto de fe, feligreses panuquenses recibieron por primera vez las reliquias de San Pascual Bail\u00f3n, santo patrono de la Eucarist\u00eda, en una jornada marcada&hellip;","magazineBlocksPostCategories":["LOCAL"],"magazineBlocksPostViewCount":164,"magazineBlocksPostReadTime":2,"magazine_blocks_featured_image_url":{"full":["https:\/\/vocesdeveracruz.com.mx\/wp-content\/uploads\/2025\/10\/571231132_1362381082347598_2124376631604231320_n.jpg",1500,1080,false],"medium":["https:\/\/vocesdeveracruz.com.mx\/wp-content\/uploads\/2025\/10\/571231132_1362381082347598_2124376631604231320_n-300x216.jpg",300,216,true],"thumbnail":["https:\/\/vocesdeveracruz.com.mx\/wp-content\/uploads\/2025\/10\/571231132_1362381082347598_2124376631604231320_n-150x150.jpg",150,150,true]},"magazine_blocks_author":{"display_name":"admin","author_link":"https:\/\/vocesdeveracruz.com.mx\/?author=1"},"magazine_blocks_comment":0,"magazine_blocks_author_image":"https:\/\/secure.gravatar.com\/avatar\/9d5013f9042ef2dfeb4122e9609da41e1858252ad644b84f2ec3a64ab59cceaf?s=96&d=mm&r=g","magazine_blocks_category":"<a href=\"https:\/\/vocesdeveracruz.com.mx\/?cat=72\" rel=\"category\">LOCAL<\/a>","_links":{"self":[{"href":"https:\/\/vocesdeveracruz.com.mx\/index.php?rest_route=\/wp\/v2\/posts\/4338","targetHints":{"allow":["GET"]}}],"collection":[{"href":"https:\/\/vocesdeveracruz.com.mx\/index.php?rest_route=\/wp\/v2\/posts"}],"about":[{"href":"https:\/\/vocesdeveracruz.com.mx\/index.php?rest_route=\/wp\/v2\/types\/post"}],"author":[{"embeddable":true,"href":"https:\/\/vocesdeveracruz.com.mx\/index.php?rest_route=\/wp\/v2\/users\/1"}],"replies":[{"embeddable":true,"href":"https:\/\/vocesdeveracruz.com.mx\/index.php?rest_route=%2Fwp%2Fv2%2Fcomments&post=4338"}],"version-history":[{"count":1,"href":"https:\/\/vocesdeveracruz.com.mx\/index.php?rest_route=\/wp\/v2\/posts\/4338\/revisions"}],"predecessor-version":[{"id":4343,"href":"https:\/\/vocesdeveracruz.com.mx\/index.php?rest_route=\/wp\/v2\/posts\/4338\/revisions\/4343"}],"wp:featuredmedia":[{"embeddable":true,"href":"https:\/\/vocesdeveracruz.com.mx\/index.php?rest_route=\/wp\/v2\/media\/4339"}],"wp:attachment":[{"href":"https:\/\/vocesdeveracruz.com.mx\/index.php?rest_route=%2Fwp%2Fv2%2Fmedia&parent=4338"}],"wp:term":[{"taxonomy":"category","embeddable":true,"href":"https:\/\/vocesdeveracruz.com.mx\/index.php?rest_route=%2Fwp%2Fv2%2Fcategories&post=4338"},{"taxonomy":"post_tag","embeddable":true,"href":"https:\/\/vocesdeveracruz.com.mx\/index.php?rest_route=%2Fwp%2Fv2%2Ftags&post=4338"}],"curies":[{"name":"wp","href":"https:\/\/api.w.org\/{rel}","templated":true}]}}