{"id":4310,"date":"2025-10-28T18:14:20","date_gmt":"2025-10-29T00:14:20","guid":{"rendered":"https:\/\/vocesdeveracruz.com.mx\/?p=4310"},"modified":"2025-10-28T18:14:20","modified_gmt":"2025-10-29T00:14:20","slug":"seria-requisito-que-defensores-publicos-acrediten-capacitacion-en-enfoque-de-genero","status":"publish","type":"post","link":"https:\/\/vocesdeveracruz.com.mx\/?p=4310","title":{"rendered":"Ser\u00eda requisito que Defensores P\u00fablicos acrediten capacitaci\u00f3n en enfoque de g\u00e9nero"},"content":{"rendered":"\n<p>Durante los trabajos de la Octava Sesi\u00f3n Ordinaria del Segundo a\u00f1o de Labores, la diputada Elizabeth Morales Garc\u00eda present\u00f3 una iniciativa para establecer en la Ley de Defensor\u00eda P\u00fablica del Estado, como requisito, que defensores p\u00fablicos acrediten tener capacitaci\u00f3n y conocimientos en materia de igualdad sustantiva con enfoque de g\u00e9nero y Derechos Humanos.<\/p>\n\n\n\n<p>La propuesta prev\u00e9 reforzar la funci\u00f3n de la defensor\u00eda p\u00fablica mediante la respectiva acreditaci\u00f3n obligatoria en dicha materia, garantizando una defensa justa, inclusiva y libre de discriminaci\u00f3n.<\/p>\n\n\n\n<p>Al hacer uso de la tribuna, la legisladora explic\u00f3 que, en Veracruz, la violencia de g\u00e9nero es un problema cr\u00edtico, toda vez, de acuerdo con datos de la Fiscal\u00eda General del Estado (FGE) y el Instituto Veracruzano de las Mujeres (IVM), entre los a\u00f1os 2020 y 2024, las carpetas de investigaci\u00f3n por delitos como feminicidio, violencia familiar y agresiones sexuales, han aumentado un 15 por ciento.<\/p>\n\n\n\n<p>Desafortunadamente, expres\u00f3 Morales Garc\u00eda, \u201cla falta de formaci\u00f3n obligatoria en igualdad sustantiva y derechos humanos, limita la capacidad de los defensores p\u00fablicos para aplicar, en su desempe\u00f1o, un enfoque de g\u00e9nero, perpetuando sesgos y revictimizaci\u00f3n\u201d.<\/p>\n\n\n\n<p>La implementaci\u00f3n de este precepto, dijo, no implica una carga presupuestaria significativa, ya que puede integrarse a programas existentes de la Comisi\u00f3n Estatal de Derechos Humanos (CEDH) y del IVM con posibilidad de convenios interinstitucionales.<\/p>\n\n\n\n<p>\u201cEste requisito, debe considerarse un paso necesario para consolidar un sistema de justicia penal inclusivo y equitativo en Veracruz, ya que responde a la urgencia de erradicar la discriminaci\u00f3n y garantizar una defensa t\u00e9cnica adecuada\u201d, concluy\u00f3.<\/p>\n\n\n\n<p>A la propuesta que adiciona la fracci\u00f3n VII al art\u00edculo 14 de la Ley de Defensor\u00eda P\u00fablica del Estado de Veracruz se adhiri\u00f3 el diputado Ram\u00f3n D\u00edaz \u00c1vila. Para su estudio y dictamen se turn\u00f3 a las Comisiones Permanentes Unidas de Justicia y Puntos Constitucionales, y Para la Igualdad de G\u00e9nero.<\/p>\n","protected":false},"excerpt":{"rendered":"<p>Durante los trabajos de la Octava Sesi\u00f3n Ordinaria del Segundo a\u00f1o de Labores, la diputada Elizabeth Morales Garc\u00eda present\u00f3 una iniciativa para establecer en la Ley de Defensor\u00eda P\u00fablica del&hellip;<\/p>\n","protected":false},"author":1,"featured_media":4311,"comment_status":"open","ping_status":"closed","sticky":false,"template":"","format":"standard","meta":{"footnotes":""},"categories":[71],"tags":[],"class_list":["post-4310","post","type-post","status-publish","format-standard","has-post-thumbnail","hentry","category-estatal"],"magazineBlocksPostFeaturedMedia":{"thumbnail":"https:\/\/vocesdeveracruz.com.mx\/wp-content\/uploads\/2025\/10\/NOV28OCTUBRE2025ELIZABETH1-150x150.jpg","medium":"https:\/\/vocesdeveracruz.com.mx\/wp-content\/uploads\/2025\/10\/NOV28OCTUBRE2025ELIZABETH1-300x200.jpg","medium_large":"https:\/\/vocesdeveracruz.com.mx\/wp-content\/uploads\/2025\/10\/NOV28OCTUBRE2025ELIZABETH1-768x513.jpg","large":"https:\/\/vocesdeveracruz.com.mx\/wp-content\/uploads\/2025\/10\/NOV28OCTUBRE2025ELIZABETH1-1024x684.jpg","1536x1536":"https:\/\/vocesdeveracruz.com.mx\/wp-content\/uploads\/2025\/10\/NOV28OCTUBRE2025ELIZABETH1-1536x1025.jpg","2048x2048":"https:\/\/vocesdeveracruz.com.mx\/wp-content\/uploads\/2025\/10\/NOV28OCTUBRE2025ELIZABETH1.jpg"},"magazineBlocksPostAuthor":{"name":"admin","avatar":"https:\/\/secure.gravatar.com\/avatar\/9d5013f9042ef2dfeb4122e9609da41e1858252ad644b84f2ec3a64ab59cceaf?s=96&d=mm&r=g"},"magazineBlocksPostCommentsNumber":"0","magazineBlocksPostExcerpt":"Durante los trabajos de la Octava Sesi\u00f3n Ordinaria del Segundo a\u00f1o de Labores, la diputada Elizabeth Morales Garc\u00eda present\u00f3 una iniciativa para establecer en la Ley de Defensor\u00eda P\u00fablica del&hellip;","magazineBlocksPostCategories":["ESTATAL"],"magazineBlocksPostViewCount":83,"magazineBlocksPostReadTime":2,"magazine_blocks_featured_image_url":{"full":["https:\/\/vocesdeveracruz.com.mx\/wp-content\/uploads\/2025\/10\/NOV28OCTUBRE2025ELIZABETH1.jpg",1600,1068,false],"medium":["https:\/\/vocesdeveracruz.com.mx\/wp-content\/uploads\/2025\/10\/NOV28OCTUBRE2025ELIZABETH1-300x200.jpg",300,200,true],"thumbnail":["https:\/\/vocesdeveracruz.com.mx\/wp-content\/uploads\/2025\/10\/NOV28OCTUBRE2025ELIZABETH1-150x150.jpg",150,150,true]},"magazine_blocks_author":{"display_name":"admin","author_link":"https:\/\/vocesdeveracruz.com.mx\/?author=1"},"magazine_blocks_comment":0,"magazine_blocks_author_image":"https:\/\/secure.gravatar.com\/avatar\/9d5013f9042ef2dfeb4122e9609da41e1858252ad644b84f2ec3a64ab59cceaf?s=96&d=mm&r=g","magazine_blocks_category":"<a href=\"https:\/\/vocesdeveracruz.com.mx\/?cat=71\" rel=\"category\">ESTATAL<\/a>","_links":{"self":[{"href":"https:\/\/vocesdeveracruz.com.mx\/index.php?rest_route=\/wp\/v2\/posts\/4310","targetHints":{"allow":["GET"]}}],"collection":[{"href":"https:\/\/vocesdeveracruz.com.mx\/index.php?rest_route=\/wp\/v2\/posts"}],"about":[{"href":"https:\/\/vocesdeveracruz.com.mx\/index.php?rest_route=\/wp\/v2\/types\/post"}],"author":[{"embeddable":true,"href":"https:\/\/vocesdeveracruz.com.mx\/index.php?rest_route=\/wp\/v2\/users\/1"}],"replies":[{"embeddable":true,"href":"https:\/\/vocesdeveracruz.com.mx\/index.php?rest_route=%2Fwp%2Fv2%2Fcomments&post=4310"}],"version-history":[{"count":1,"href":"https:\/\/vocesdeveracruz.com.mx\/index.php?rest_route=\/wp\/v2\/posts\/4310\/revisions"}],"predecessor-version":[{"id":4312,"href":"https:\/\/vocesdeveracruz.com.mx\/index.php?rest_route=\/wp\/v2\/posts\/4310\/revisions\/4312"}],"wp:featuredmedia":[{"embeddable":true,"href":"https:\/\/vocesdeveracruz.com.mx\/index.php?rest_route=\/wp\/v2\/media\/4311"}],"wp:attachment":[{"href":"https:\/\/vocesdeveracruz.com.mx\/index.php?rest_route=%2Fwp%2Fv2%2Fmedia&parent=4310"}],"wp:term":[{"taxonomy":"category","embeddable":true,"href":"https:\/\/vocesdeveracruz.com.mx\/index.php?rest_route=%2Fwp%2Fv2%2Fcategories&post=4310"},{"taxonomy":"post_tag","embeddable":true,"href":"https:\/\/vocesdeveracruz.com.mx\/index.php?rest_route=%2Fwp%2Fv2%2Ftags&post=4310"}],"curies":[{"name":"wp","href":"https:\/\/api.w.org\/{rel}","templated":true}]}}