{"id":4307,"date":"2025-10-28T18:13:30","date_gmt":"2025-10-29T00:13:30","guid":{"rendered":"https:\/\/vocesdeveracruz.com.mx\/?p=4307"},"modified":"2025-10-28T18:13:30","modified_gmt":"2025-10-29T00:13:30","slug":"instalar-casas-de-dia-para-atencion-de-adultos-mayores-propone-diputada","status":"publish","type":"post","link":"https:\/\/vocesdeveracruz.com.mx\/?p=4307","title":{"rendered":"Instalar Casas de D\u00eda para atenci\u00f3n de adultos mayores, propone diputada"},"content":{"rendered":"\n<p>La diputada Miriam Garc\u00eda Guzm\u00e1n present\u00f3 al Pleno de la LXVII Legislatura la iniciativa por la cual propone que cada Ayuntamiento, dentro de sus capacidades presupuestales y en coordinaci\u00f3n con el DIF municipal, pueda crear Casas de D\u00eda, siendo un espacio de convivencia dedicado para los adultos mayores.<\/p>\n\n\n\n<p>En la sesi\u00f3n, octava del Primer Periodo Ordinario, la legisladora plante\u00f3 modificar las fracciones LI y LII y adicionar la fracci\u00f3n LIII del Art\u00edculo 35 de la Ley Org\u00e1nica del Municipio Libre para crear, de conformidad con la disponibilidad presupuestal, la Casa de D\u00eda para adultos mayores, que brinde servicios de atenci\u00f3n integral, promueva la convivencia, el desarrollo de actividades recreativas, culturales, deportivas y terap\u00e9uticas.<\/p>\n\n\n\n<p>As\u00ed como atenci\u00f3n geri\u00e1trica y nutricional b\u00e1sica, en los t\u00e9rminos que establezcan los reglamentos correspondientes y en coordinaci\u00f3n con el Sistema Municipal para el Desarrollo Integral de la Familia.<\/p>\n\n\n\n<p>En su mensaje, la legisladora inform\u00f3 que, seg\u00fan datos del Instituto Nacional de Estad\u00edstica y Geograf\u00eda (Inegi), Veracruz tiene una poblaci\u00f3n de aproximadamente 1.16 millones de adultos mayores de 60 a\u00f1os, de los cuales m\u00e1s del 50 por ciento son mujeres, y representando aproximadamente el 14 por ciento de la poblaci\u00f3n total del Estado, lo que posiciona a la entidad como la segunda con m\u00e1s adultos mayores del pa\u00eds.<\/p>\n\n\n\n<p>Ante sus hom\u00f3logas y hom\u00f3logos, la diputada manifest\u00f3 que en 2022 como presidenta del DIF municipal de Papantla particip\u00f3 en la apertura de la Casa de D\u00eda \u201cAmaka\u201d, como espacio que fomenta la actividad f\u00edsica, la educaci\u00f3n continua, el voluntariado y ayuda a los adultos mayores a mantenerse ocupados y conectados con su entorno y que promueve el compa\u00f1erismo y la vida social.<\/p>\n\n\n\n<p>Agreg\u00f3 que las Casas de D\u00eda para adultos mayores ofrecen m\u00faltiples beneficios no s\u00f3lo para ellos, sino tambi\u00e9n para sus familias y la comunidad en general. \u201cEstos centros permiten que las personas mayores mantengan su independencia y permanezcan en sus hogares, mientras reciben atenci\u00f3n profesional y participan en actividades durante el d\u00eda\u201d, destac\u00f3.<\/p>\n\n\n\n<p>La diputada dijo que los citados espacios combaten el aislamiento y la soledad porque propician un entorno social que fomenta las relaciones con otras personas de su edad, mejorando su estado de \u00e1nimo y bienestar emocional. \u201cAh\u00ed hacen nuevas relaciones y amistades, al tiempo que estimulan su salud mental y f\u00edsica a trav\u00e9s de actividades como juegos, manualidades, fisioterapia y ejercicios suaves\u201d.<\/p>\n\n\n\n<p>Para finalizar, puntualiz\u00f3 que el fomento del cuidado de las personas mayores es pilar fundamental para construir una sociedad justa, emp\u00e1tica y cohesionada. \u201cAl atender las necesidades de los adultos mayores, una comunidad no solo retribuye su contribuci\u00f3n hist\u00f3rica, sino que tambi\u00e9n cosecha beneficios en m\u00faltiples aspectos, desde el fortalecimiento de los lazos familiares hasta la promoci\u00f3n de valores intergeneracionales\u201d.<\/p>\n\n\n\n<p>La iniciativa fue turnada para su an\u00e1lisis a las Comisiones Permanentes Unidas de Gobernaci\u00f3n, y de Salud y Asistencia. Se adhirieron a la propuesta los Grupos Legislativos de Morena y del Partido Verde Ecologista de M\u00e9xico (PVEM), as\u00ed como las diputadas Elena C\u00f3rdova Molina y Elizabeth Morales Garc\u00eda y los diputados Adri\u00e1n Sigfrido \u00c1vila Estrada y Ram\u00f3n D\u00edaz \u00c1vila.<\/p>\n","protected":false},"excerpt":{"rendered":"<p>La diputada Miriam Garc\u00eda Guzm\u00e1n present\u00f3 al Pleno de la LXVII Legislatura la iniciativa por la cual propone que cada Ayuntamiento, dentro de sus capacidades presupuestales y en coordinaci\u00f3n con&hellip;<\/p>\n","protected":false},"author":1,"featured_media":4308,"comment_status":"open","ping_status":"closed","sticky":false,"template":"","format":"standard","meta":{"footnotes":""},"categories":[71],"tags":[],"class_list":["post-4307","post","type-post","status-publish","format-standard","has-post-thumbnail","hentry","category-estatal"],"magazineBlocksPostFeaturedMedia":{"thumbnail":"https:\/\/vocesdeveracruz.com.mx\/wp-content\/uploads\/2025\/10\/NOV28OCT2025MIRIAM1-150x150.jpg","medium":"https:\/\/vocesdeveracruz.com.mx\/wp-content\/uploads\/2025\/10\/NOV28OCT2025MIRIAM1-300x200.jpg","medium_large":"https:\/\/vocesdeveracruz.com.mx\/wp-content\/uploads\/2025\/10\/NOV28OCT2025MIRIAM1-768x512.jpg","large":"https:\/\/vocesdeveracruz.com.mx\/wp-content\/uploads\/2025\/10\/NOV28OCT2025MIRIAM1-1024x683.jpg","1536x1536":"https:\/\/vocesdeveracruz.com.mx\/wp-content\/uploads\/2025\/10\/NOV28OCT2025MIRIAM1.jpg","2048x2048":"https:\/\/vocesdeveracruz.com.mx\/wp-content\/uploads\/2025\/10\/NOV28OCT2025MIRIAM1.jpg"},"magazineBlocksPostAuthor":{"name":"admin","avatar":"https:\/\/secure.gravatar.com\/avatar\/9d5013f9042ef2dfeb4122e9609da41e1858252ad644b84f2ec3a64ab59cceaf?s=96&d=mm&r=g"},"magazineBlocksPostCommentsNumber":"0","magazineBlocksPostExcerpt":"La diputada Miriam Garc\u00eda Guzm\u00e1n present\u00f3 al Pleno de la LXVII Legislatura la iniciativa por la cual propone que cada Ayuntamiento, dentro de sus capacidades presupuestales y en coordinaci\u00f3n con&hellip;","magazineBlocksPostCategories":["ESTATAL"],"magazineBlocksPostViewCount":122,"magazineBlocksPostReadTime":3,"magazine_blocks_featured_image_url":{"full":["https:\/\/vocesdeveracruz.com.mx\/wp-content\/uploads\/2025\/10\/NOV28OCT2025MIRIAM1.jpg",1280,854,false],"medium":["https:\/\/vocesdeveracruz.com.mx\/wp-content\/uploads\/2025\/10\/NOV28OCT2025MIRIAM1-300x200.jpg",300,200,true],"thumbnail":["https:\/\/vocesdeveracruz.com.mx\/wp-content\/uploads\/2025\/10\/NOV28OCT2025MIRIAM1-150x150.jpg",150,150,true]},"magazine_blocks_author":{"display_name":"admin","author_link":"https:\/\/vocesdeveracruz.com.mx\/?author=1"},"magazine_blocks_comment":1,"magazine_blocks_author_image":"https:\/\/secure.gravatar.com\/avatar\/9d5013f9042ef2dfeb4122e9609da41e1858252ad644b84f2ec3a64ab59cceaf?s=96&d=mm&r=g","magazine_blocks_category":"<a href=\"https:\/\/vocesdeveracruz.com.mx\/?cat=71\" rel=\"category\">ESTATAL<\/a>","_links":{"self":[{"href":"https:\/\/vocesdeveracruz.com.mx\/index.php?rest_route=\/wp\/v2\/posts\/4307","targetHints":{"allow":["GET"]}}],"collection":[{"href":"https:\/\/vocesdeveracruz.com.mx\/index.php?rest_route=\/wp\/v2\/posts"}],"about":[{"href":"https:\/\/vocesdeveracruz.com.mx\/index.php?rest_route=\/wp\/v2\/types\/post"}],"author":[{"embeddable":true,"href":"https:\/\/vocesdeveracruz.com.mx\/index.php?rest_route=\/wp\/v2\/users\/1"}],"replies":[{"embeddable":true,"href":"https:\/\/vocesdeveracruz.com.mx\/index.php?rest_route=%2Fwp%2Fv2%2Fcomments&post=4307"}],"version-history":[{"count":1,"href":"https:\/\/vocesdeveracruz.com.mx\/index.php?rest_route=\/wp\/v2\/posts\/4307\/revisions"}],"predecessor-version":[{"id":4309,"href":"https:\/\/vocesdeveracruz.com.mx\/index.php?rest_route=\/wp\/v2\/posts\/4307\/revisions\/4309"}],"wp:featuredmedia":[{"embeddable":true,"href":"https:\/\/vocesdeveracruz.com.mx\/index.php?rest_route=\/wp\/v2\/media\/4308"}],"wp:attachment":[{"href":"https:\/\/vocesdeveracruz.com.mx\/index.php?rest_route=%2Fwp%2Fv2%2Fmedia&parent=4307"}],"wp:term":[{"taxonomy":"category","embeddable":true,"href":"https:\/\/vocesdeveracruz.com.mx\/index.php?rest_route=%2Fwp%2Fv2%2Fcategories&post=4307"},{"taxonomy":"post_tag","embeddable":true,"href":"https:\/\/vocesdeveracruz.com.mx\/index.php?rest_route=%2Fwp%2Fv2%2Ftags&post=4307"}],"curies":[{"name":"wp","href":"https:\/\/api.w.org\/{rel}","templated":true}]}}