{"id":4304,"date":"2025-10-28T18:12:52","date_gmt":"2025-10-29T00:12:52","guid":{"rendered":"https:\/\/vocesdeveracruz.com.mx\/?p=4304"},"modified":"2025-10-28T18:12:52","modified_gmt":"2025-10-29T00:12:52","slug":"plantea-diputada-medidas-ante-fenomenos-meteorologicos-en-el-estado","status":"publish","type":"post","link":"https:\/\/vocesdeveracruz.com.mx\/?p=4304","title":{"rendered":"Plantea diputada medidas ante fen\u00f3menos meteorol\u00f3gicos en el estado"},"content":{"rendered":"\n<p>Por medio de una Iniciativa para actualizar la Ley de Protecci\u00f3n Civil y la Reducci\u00f3n del Riesgo de Desastres, la diputada Montserrat Ortega Ruiz propuso distintas medidas para hacer frente, desde las instancias gubernamentales respectivas, a los fen\u00f3menos meteorol\u00f3gicos y sus efectos en la poblaci\u00f3n.<\/p>\n\n\n\n<p>El proyecto presentado durante la Octava Sesi\u00f3n Ordinaria prev\u00e9 modificar el concepto de Alerta Temprana, con el fin de mitigar el impacto de los fen\u00f3menos perturbadores al proveer informaci\u00f3n eficaz y oportuna que permita a las personas prepararse para una respuesta efectiva. La legisladora considera urgente que se revise el marco normativo vigente en materia de protecci\u00f3n civil para crear un sistema estatal de alertamiento temprano, de acuerdo con los planteamientos m\u00e1s actuales propuestos por la Organizaci\u00f3n de las Naciones Unidas (ONU).<\/p>\n\n\n\n<p>Tambi\u00e9n plantea la revisi\u00f3n y actualizaci\u00f3n anual de los Atlas de Riesgo municipales y su publicaci\u00f3n en los sitios de Internet de los ayuntamientos, por tratarse del instrumento que debe contener los peligros, la vulnerabilidad y el grado de exposici\u00f3n que pudieran afectar a una o varias zonas del estado.<\/p>\n\n\n\n<p>La legisladora considera imprescindible definir protocolos de suspensi\u00f3n autom\u00e1tica de clases ante riesgos naturales o fen\u00f3menos perturbadores, a fin de proteger y resguardar la integridad f\u00edsica y la vida del alumnado y del personal docente y administrativo de los centros escolares; a lo que a\u00f1ade medidas de atenci\u00f3n, que incluyan la rehabilitaci\u00f3n y seguimiento en caso de da\u00f1os a la infraestructura educativa.<\/p>\n\n\n\n<p>Con la finalidad de apoyar a las familias veracruzanas, Montserrat Ortega propone tambi\u00e9n que se exente del pago del servicio de agua potable por seis meses a los afectados por un desastre natural o agente perturbador, as\u00ed como del pago del impuesto predial.<\/p>\n\n\n\n<p>Con la adhesi\u00f3n de las diputadas Ana Rosa Vald\u00e9s Salazar y Mar\u00eda Elena C\u00f3rdova Molina y de los diputados Adri\u00e1n Sigfrido \u00c1vila Estrada y H\u00e9ctor Yunes Landa, esta Iniciativa fue turnada a las Comisiones Permanentes Unidas de Protecci\u00f3n Civil y de Hacienda Municipal.<\/p>\n","protected":false},"excerpt":{"rendered":"<p>Por medio de una Iniciativa para actualizar la Ley de Protecci\u00f3n Civil y la Reducci\u00f3n del Riesgo de Desastres, la diputada Montserrat Ortega Ruiz propuso distintas medidas para hacer frente,&hellip;<\/p>\n","protected":false},"author":1,"featured_media":4305,"comment_status":"open","ping_status":"closed","sticky":false,"template":"","format":"standard","meta":{"footnotes":""},"categories":[71],"tags":[],"class_list":["post-4304","post","type-post","status-publish","format-standard","has-post-thumbnail","hentry","category-estatal"],"magazineBlocksPostFeaturedMedia":{"thumbnail":"https:\/\/vocesdeveracruz.com.mx\/wp-content\/uploads\/2025\/10\/NOV28OCT2025MONTSERRAT1-150x150.jpg","medium":"https:\/\/vocesdeveracruz.com.mx\/wp-content\/uploads\/2025\/10\/NOV28OCT2025MONTSERRAT1-300x200.jpg","medium_large":"https:\/\/vocesdeveracruz.com.mx\/wp-content\/uploads\/2025\/10\/NOV28OCT2025MONTSERRAT1-768x512.jpg","large":"https:\/\/vocesdeveracruz.com.mx\/wp-content\/uploads\/2025\/10\/NOV28OCT2025MONTSERRAT1-1024x682.jpg","1536x1536":"https:\/\/vocesdeveracruz.com.mx\/wp-content\/uploads\/2025\/10\/NOV28OCT2025MONTSERRAT1-1536x1023.jpg","2048x2048":"https:\/\/vocesdeveracruz.com.mx\/wp-content\/uploads\/2025\/10\/NOV28OCT2025MONTSERRAT1.jpg"},"magazineBlocksPostAuthor":{"name":"admin","avatar":"https:\/\/secure.gravatar.com\/avatar\/9d5013f9042ef2dfeb4122e9609da41e1858252ad644b84f2ec3a64ab59cceaf?s=96&d=mm&r=g"},"magazineBlocksPostCommentsNumber":"0","magazineBlocksPostExcerpt":"Por medio de una Iniciativa para actualizar la Ley de Protecci\u00f3n Civil y la Reducci\u00f3n del Riesgo de Desastres, la diputada Montserrat Ortega Ruiz propuso distintas medidas para hacer frente,&hellip;","magazineBlocksPostCategories":["ESTATAL"],"magazineBlocksPostViewCount":84,"magazineBlocksPostReadTime":2,"magazine_blocks_featured_image_url":{"full":["https:\/\/vocesdeveracruz.com.mx\/wp-content\/uploads\/2025\/10\/NOV28OCT2025MONTSERRAT1.jpg",1600,1066,false],"medium":["https:\/\/vocesdeveracruz.com.mx\/wp-content\/uploads\/2025\/10\/NOV28OCT2025MONTSERRAT1-300x200.jpg",300,200,true],"thumbnail":["https:\/\/vocesdeveracruz.com.mx\/wp-content\/uploads\/2025\/10\/NOV28OCT2025MONTSERRAT1-150x150.jpg",150,150,true]},"magazine_blocks_author":{"display_name":"admin","author_link":"https:\/\/vocesdeveracruz.com.mx\/?author=1"},"magazine_blocks_comment":0,"magazine_blocks_author_image":"https:\/\/secure.gravatar.com\/avatar\/9d5013f9042ef2dfeb4122e9609da41e1858252ad644b84f2ec3a64ab59cceaf?s=96&d=mm&r=g","magazine_blocks_category":"<a href=\"https:\/\/vocesdeveracruz.com.mx\/?cat=71\" rel=\"category\">ESTATAL<\/a>","_links":{"self":[{"href":"https:\/\/vocesdeveracruz.com.mx\/index.php?rest_route=\/wp\/v2\/posts\/4304","targetHints":{"allow":["GET"]}}],"collection":[{"href":"https:\/\/vocesdeveracruz.com.mx\/index.php?rest_route=\/wp\/v2\/posts"}],"about":[{"href":"https:\/\/vocesdeveracruz.com.mx\/index.php?rest_route=\/wp\/v2\/types\/post"}],"author":[{"embeddable":true,"href":"https:\/\/vocesdeveracruz.com.mx\/index.php?rest_route=\/wp\/v2\/users\/1"}],"replies":[{"embeddable":true,"href":"https:\/\/vocesdeveracruz.com.mx\/index.php?rest_route=%2Fwp%2Fv2%2Fcomments&post=4304"}],"version-history":[{"count":1,"href":"https:\/\/vocesdeveracruz.com.mx\/index.php?rest_route=\/wp\/v2\/posts\/4304\/revisions"}],"predecessor-version":[{"id":4306,"href":"https:\/\/vocesdeveracruz.com.mx\/index.php?rest_route=\/wp\/v2\/posts\/4304\/revisions\/4306"}],"wp:featuredmedia":[{"embeddable":true,"href":"https:\/\/vocesdeveracruz.com.mx\/index.php?rest_route=\/wp\/v2\/media\/4305"}],"wp:attachment":[{"href":"https:\/\/vocesdeveracruz.com.mx\/index.php?rest_route=%2Fwp%2Fv2%2Fmedia&parent=4304"}],"wp:term":[{"taxonomy":"category","embeddable":true,"href":"https:\/\/vocesdeveracruz.com.mx\/index.php?rest_route=%2Fwp%2Fv2%2Fcategories&post=4304"},{"taxonomy":"post_tag","embeddable":true,"href":"https:\/\/vocesdeveracruz.com.mx\/index.php?rest_route=%2Fwp%2Fv2%2Ftags&post=4304"}],"curies":[{"name":"wp","href":"https:\/\/api.w.org\/{rel}","templated":true}]}}