{"id":4301,"date":"2025-10-28T18:10:40","date_gmt":"2025-10-29T00:10:40","guid":{"rendered":"https:\/\/vocesdeveracruz.com.mx\/?p=4301"},"modified":"2025-10-28T18:10:40","modified_gmt":"2025-10-29T00:10:40","slug":"implementar-el-agroturismo-en-veracruz-plantea-diputado","status":"publish","type":"post","link":"https:\/\/vocesdeveracruz.com.mx\/?p=4301","title":{"rendered":"Implementar el agroturismo en Veracruz, plantea diputado"},"content":{"rendered":"\n<p>El diputado Luis Vicente Aguilar Castillo present\u00f3 al Pleno una iniciativa que busca reformar la Ley de Turismo del Estado para incorporar el Agroturismo como una modalidad especifica del turismo rural comunitario, destacando la promoci\u00f3n de actividades agr\u00edcolas y agroindustriales con fines tur\u00edsticos que impulsen la econom\u00eda rural y el desarrollo sustentable.<\/p>\n\n\n\n<p>De acuerdo con la propuesta, se adicionar\u00eda el Art\u00edculo 37 Ter para establecer que el agroturismo es una modalidad del turismo rural que ofrece al visitante la oportunidad de conocer, participar y experimentar de manera directa los procesos productivos agropecuarios y agroindustriales.<\/p>\n\n\n\n<p>Incluye actividades desarrolladas en fincas agropecuarias y agroindustrias, que pueden abarcar desde la siembra, cultivo, cosecha, procesamiento hasta la degustaci\u00f3n de productos elaborados en dichos espacios, promoviendo la educaci\u00f3n, cultura y recreaci\u00f3n en el entorno rural.<\/p>\n\n\n\n<p>El fomento al agroturismo se guiar\u00e1 por los principios de sostenibilidad ambiental, respeto a la identidad cultural de las comunidades, equidad de g\u00e9nero, inclusi\u00f3n social y la justa distribuci\u00f3n de los beneficios econ\u00f3micos, asegurando que su desarrollo contribuya al bienestar de las regiones rurales.<\/p>\n\n\n\n<p>Para el desarrollo de este tipo de turismo se fomentar\u00edan programas de apoyo para productores y comunidades rurales que mejoren su infraestructura y servicios para la atenci\u00f3n de visitantes; brindar\u00edan capacitaci\u00f3n en actividades tur\u00edsticas para productores y comunidades, incluyendo gu\u00edas, educaci\u00f3n ambiental y cultural, y se apoyar\u00eda en la promoci\u00f3n de festivales y eventos culturales vinculados con las actividades agr\u00edcolas de temporada y pecuarias, incluyendo mercados artesanales y degustaciones gastron\u00f3micas locales.<\/p>\n\n\n\n<p>Adem\u00e1s, se celebrar\u00edan convenios con asociaciones de productores, hoteles, transportistas y prestadores de servicios tur\u00edsticos para garantizar una experiencia integral que incentive la visita y estancia en la regi\u00f3n; y se fomentar\u00eda la colaboraci\u00f3n con instituciones educativas y organizaciones civiles para el desarrollo de programas de investigaci\u00f3n, educaci\u00f3n y sustentabilidad vinculados al agroturismo en la regi\u00f3n.<\/p>\n\n\n\n<p>Durante su intervenci\u00f3n, el legislador Luis Vicente Aguilar subray\u00f3 que el agroturismo en Veracruz se vincula estrechamente con el conocimiento y la valorizaci\u00f3n de la cultura y tradiciones locales, lo que enriquece la experiencia tur\u00edstica y fortalece la identidad comunitaria.<\/p>\n\n\n\n<p>Ejemplific\u00f3 municipios como Papantla con la producci\u00f3n de Vainilla; Naolinco con los sembrad\u00edos de flor de cempas\u00fachil; Mart\u00ednez de la Torre con c\u00edtricos y ganader\u00eda, as\u00ed como diversas localidades del estado que se dedican a actividades productivas.<\/p>\n\n\n\n<p>La iniciativa fue turnada para su an\u00e1lisis y dictamen a las Comisiones Permanentes Unidas de Turismo y de Desarrollo Agropecuario, Rural y Forestal. A la misma se adhirieron los Grupos Legislativos de Morena y del Partido Verde Ecologista de M\u00e9xico (PVEM), as\u00ed como la diputada Elizabeth Morales Garc\u00eda y el diputado Ram\u00f3n D\u00edaz \u00c1vila.<\/p>\n","protected":false},"excerpt":{"rendered":"<p>El diputado Luis Vicente Aguilar Castillo present\u00f3 al Pleno una iniciativa que busca reformar la Ley de Turismo del Estado para incorporar el Agroturismo como una modalidad especifica del turismo&hellip;<\/p>\n","protected":false},"author":1,"featured_media":4302,"comment_status":"open","ping_status":"closed","sticky":false,"template":"","format":"standard","meta":{"footnotes":""},"categories":[71],"tags":[],"class_list":["post-4301","post","type-post","status-publish","format-standard","has-post-thumbnail","hentry","category-estatal"],"magazineBlocksPostFeaturedMedia":{"thumbnail":"https:\/\/vocesdeveracruz.com.mx\/wp-content\/uploads\/2025\/10\/NOV28OCTUBRE2025LVICENTE1-150x150.jpg","medium":"https:\/\/vocesdeveracruz.com.mx\/wp-content\/uploads\/2025\/10\/NOV28OCTUBRE2025LVICENTE1-300x200.jpg","medium_large":"https:\/\/vocesdeveracruz.com.mx\/wp-content\/uploads\/2025\/10\/NOV28OCTUBRE2025LVICENTE1-768x512.jpg","large":"https:\/\/vocesdeveracruz.com.mx\/wp-content\/uploads\/2025\/10\/NOV28OCTUBRE2025LVICENTE1-1024x683.jpg","1536x1536":"https:\/\/vocesdeveracruz.com.mx\/wp-content\/uploads\/2025\/10\/NOV28OCTUBRE2025LVICENTE1.jpg","2048x2048":"https:\/\/vocesdeveracruz.com.mx\/wp-content\/uploads\/2025\/10\/NOV28OCTUBRE2025LVICENTE1.jpg"},"magazineBlocksPostAuthor":{"name":"admin","avatar":"https:\/\/secure.gravatar.com\/avatar\/9d5013f9042ef2dfeb4122e9609da41e1858252ad644b84f2ec3a64ab59cceaf?s=96&d=mm&r=g"},"magazineBlocksPostCommentsNumber":"0","magazineBlocksPostExcerpt":"El diputado Luis Vicente Aguilar Castillo present\u00f3 al Pleno una iniciativa que busca reformar la Ley de Turismo del Estado para incorporar el Agroturismo como una modalidad especifica del turismo&hellip;","magazineBlocksPostCategories":["ESTATAL"],"magazineBlocksPostViewCount":86,"magazineBlocksPostReadTime":3,"magazine_blocks_featured_image_url":{"full":["https:\/\/vocesdeveracruz.com.mx\/wp-content\/uploads\/2025\/10\/NOV28OCTUBRE2025LVICENTE1.jpg",1280,854,false],"medium":["https:\/\/vocesdeveracruz.com.mx\/wp-content\/uploads\/2025\/10\/NOV28OCTUBRE2025LVICENTE1-300x200.jpg",300,200,true],"thumbnail":["https:\/\/vocesdeveracruz.com.mx\/wp-content\/uploads\/2025\/10\/NOV28OCTUBRE2025LVICENTE1-150x150.jpg",150,150,true]},"magazine_blocks_author":{"display_name":"admin","author_link":"https:\/\/vocesdeveracruz.com.mx\/?author=1"},"magazine_blocks_comment":0,"magazine_blocks_author_image":"https:\/\/secure.gravatar.com\/avatar\/9d5013f9042ef2dfeb4122e9609da41e1858252ad644b84f2ec3a64ab59cceaf?s=96&d=mm&r=g","magazine_blocks_category":"<a href=\"https:\/\/vocesdeveracruz.com.mx\/?cat=71\" rel=\"category\">ESTATAL<\/a>","_links":{"self":[{"href":"https:\/\/vocesdeveracruz.com.mx\/index.php?rest_route=\/wp\/v2\/posts\/4301","targetHints":{"allow":["GET"]}}],"collection":[{"href":"https:\/\/vocesdeveracruz.com.mx\/index.php?rest_route=\/wp\/v2\/posts"}],"about":[{"href":"https:\/\/vocesdeveracruz.com.mx\/index.php?rest_route=\/wp\/v2\/types\/post"}],"author":[{"embeddable":true,"href":"https:\/\/vocesdeveracruz.com.mx\/index.php?rest_route=\/wp\/v2\/users\/1"}],"replies":[{"embeddable":true,"href":"https:\/\/vocesdeveracruz.com.mx\/index.php?rest_route=%2Fwp%2Fv2%2Fcomments&post=4301"}],"version-history":[{"count":1,"href":"https:\/\/vocesdeveracruz.com.mx\/index.php?rest_route=\/wp\/v2\/posts\/4301\/revisions"}],"predecessor-version":[{"id":4303,"href":"https:\/\/vocesdeveracruz.com.mx\/index.php?rest_route=\/wp\/v2\/posts\/4301\/revisions\/4303"}],"wp:featuredmedia":[{"embeddable":true,"href":"https:\/\/vocesdeveracruz.com.mx\/index.php?rest_route=\/wp\/v2\/media\/4302"}],"wp:attachment":[{"href":"https:\/\/vocesdeveracruz.com.mx\/index.php?rest_route=%2Fwp%2Fv2%2Fmedia&parent=4301"}],"wp:term":[{"taxonomy":"category","embeddable":true,"href":"https:\/\/vocesdeveracruz.com.mx\/index.php?rest_route=%2Fwp%2Fv2%2Fcategories&post=4301"},{"taxonomy":"post_tag","embeddable":true,"href":"https:\/\/vocesdeveracruz.com.mx\/index.php?rest_route=%2Fwp%2Fv2%2Ftags&post=4301"}],"curies":[{"name":"wp","href":"https:\/\/api.w.org\/{rel}","templated":true}]}}