{"id":4296,"date":"2025-10-24T22:26:31","date_gmt":"2025-10-25T04:26:31","guid":{"rendered":"https:\/\/vocesdeveracruz.com.mx\/?p=4296"},"modified":"2025-10-24T22:26:31","modified_gmt":"2025-10-25T04:26:31","slug":"reconocen-diputadas-el-papel-de-las-juventudes-en-las-soluciones-globales","status":"publish","type":"post","link":"https:\/\/vocesdeveracruz.com.mx\/?p=4296","title":{"rendered":"Reconocen diputadas el papel de las juventudes en las soluciones globales"},"content":{"rendered":"\n<p>En el auditorio Sebasti\u00e1n Lerdo de Tejada del Congreso del Estado se realiz\u00f3 la asamblea de la Organizaci\u00f3n de J\u00f3venes por la Pol\u00edtica y Activismo de M\u00e9xico (OJPAM), delegaci\u00f3n Veracruz, en la cual participaron como invitadas de honor las diputadas Valeria M\u00e9ndez Moctezuma y Janix Liliana Castro Mu\u00f1oz, quienes coincidieron en el papel que juegan las juventudes en la construcci\u00f3n de soluciones globales.<\/p>\n\n\n\n<p>Ante la presencia de la titular del Instituto Veracruzano de la Juventud (IVJ), Daisy Mariana N\u00fa\u00f1ez Islas; del director de Asuntos Religiosos de la Secretar\u00eda de Gobierno (Segob), Edgar Eduardo Ruiz Cervantes y del secretario de la mesa directiva de la OJPAM-Veracruz, Jorge Alberto Dom\u00ednguez Olmedo, la legisladora Valeria M\u00e9ndez subray\u00f3 que el Congreso del Estado abre sus puertas a las y los j\u00f3venes, \u201cya que estamos conscientes que los j\u00f3venes no son el futuro, sino el presente que est\u00e1 construyendo el ma\u00f1ana\u201d.<\/p>\n\n\n\n<p>Explic\u00f3 que la Organizaci\u00f3n de las Naciones Unidas (ONU) es una instituci\u00f3n que naci\u00f3 con el prop\u00f3sito de preservar la paz, la cooperaci\u00f3n y el desarrollo sostenible, \u201cesta misma misi\u00f3n nos re\u00fane aqu\u00ed, pensar globalmente, dialogar con respeto y actuar\u201d.<\/p>\n\n\n\n<p>A\u00f1adi\u00f3 que, como vocal de la Comisi\u00f3n Permanente de Medio Ambiente, Recursos Naturales, Cambio Clim\u00e1tico y de Protecci\u00f3n y Bienestar Animal e integrante de la Comisi\u00f3n Especial de la Agenda 2030, celebra que hayan elegido al cambio clim\u00e1tico y a las energ\u00edas renovables como temas a profundizar, \u201chemos aprendido que no hay paz posible en un planeta en crisis; la defensa del medio ambiente es tambi\u00e9n una forma de defender la vida\u201d.<\/p>\n\n\n\n<div class=\"wp-block-columns is-layout-flex wp-container-core-columns-is-layout-9d6595d7 wp-block-columns-is-layout-flex\">\n<div class=\"wp-block-column is-layout-flow wp-block-column-is-layout-flow\">\n<figure class=\"wp-block-image size-large\"><img loading=\"lazy\" decoding=\"async\" width=\"1024\" height=\"683\" src=\"https:\/\/vocesdeveracruz.com.mx\/wp-content\/uploads\/2025\/10\/NOV24OCT2025CONGRESOOJPAM2-1024x683.jpg\" alt=\"\" class=\"wp-image-4298\" srcset=\"https:\/\/vocesdeveracruz.com.mx\/wp-content\/uploads\/2025\/10\/NOV24OCT2025CONGRESOOJPAM2-1024x683.jpg 1024w, https:\/\/vocesdeveracruz.com.mx\/wp-content\/uploads\/2025\/10\/NOV24OCT2025CONGRESOOJPAM2-300x200.jpg 300w, https:\/\/vocesdeveracruz.com.mx\/wp-content\/uploads\/2025\/10\/NOV24OCT2025CONGRESOOJPAM2-768x512.jpg 768w, https:\/\/vocesdeveracruz.com.mx\/wp-content\/uploads\/2025\/10\/NOV24OCT2025CONGRESOOJPAM2.jpg 1280w\" sizes=\"auto, (max-width: 1024px) 100vw, 1024px\" \/><\/figure>\n<\/div>\n\n\n\n<div class=\"wp-block-column is-layout-flow wp-block-column-is-layout-flow\">\n<figure class=\"wp-block-image size-large\"><img loading=\"lazy\" decoding=\"async\" width=\"1024\" height=\"683\" src=\"https:\/\/vocesdeveracruz.com.mx\/wp-content\/uploads\/2025\/10\/NOV24OCT2025CONGRESOOJPAM6-1024x683.jpg\" alt=\"\" class=\"wp-image-4299\" srcset=\"https:\/\/vocesdeveracruz.com.mx\/wp-content\/uploads\/2025\/10\/NOV24OCT2025CONGRESOOJPAM6-1024x683.jpg 1024w, https:\/\/vocesdeveracruz.com.mx\/wp-content\/uploads\/2025\/10\/NOV24OCT2025CONGRESOOJPAM6-300x200.jpg 300w, https:\/\/vocesdeveracruz.com.mx\/wp-content\/uploads\/2025\/10\/NOV24OCT2025CONGRESOOJPAM6-768x512.jpg 768w, https:\/\/vocesdeveracruz.com.mx\/wp-content\/uploads\/2025\/10\/NOV24OCT2025CONGRESOOJPAM6.jpg 1280w\" sizes=\"auto, (max-width: 1024px) 100vw, 1024px\" \/><\/figure>\n<\/div>\n<\/div>\n\n\n\n<p>Durante su intervenci\u00f3n, la presidenta de la Comisi\u00f3n Permanente de Poblaci\u00f3n y Atenci\u00f3n a Migrantes, diputada Janix Liliana Castro Mu\u00f1oz, asever\u00f3 que los j\u00f3venes mexicanos no solo estudian los problemas del mundo, sino que los discuten, cuestionan y proponen alternativas, \u201cdesde el sur hasta el norte del pa\u00eds, vemos surgir una generaci\u00f3n que entiende que la diplomacia no es un privilegio, sino una herramienta al servicio de la paz y la justicia\u201d, extern\u00f3.<\/p>\n\n\n\n<p>En el D\u00eda de las Naciones Unidas, puntualiz\u00f3 que el Modelo de Naciones Unidas es una muestra de c\u00f3mo la educaci\u00f3n puede simular la realidad para preparar el futuro, \u201caqu\u00ed cada delegaci\u00f3n representa no solo un pa\u00eds, sino una visi\u00f3n de lo que el mundo puede llegar a ser si se escucha, se negocia y se act\u00faa con responsabilidad\u201d.<\/p>\n\n\n\n<p>Asistieron a este evento la diputada Astrid S\u00e1nchez Moguel y el diputado Paul Mart\u00ednez Marie; la coordinadora del \u00e1rea de Vinculaci\u00f3n Institucional de la Secretar\u00eda de Seguridad P\u00fablica del Estado de Veracruz, Marlenne Salazar Morales y el investigador de la Universidad Veracruzana (UV), Jos\u00e9 Lorenzo \u00c1lvarez Montero, as\u00ed como p\u00fablico en general.<\/p>\n","protected":false},"excerpt":{"rendered":"<p>En el auditorio Sebasti\u00e1n Lerdo de Tejada del Congreso del Estado se realiz\u00f3 la asamblea de la Organizaci\u00f3n de J\u00f3venes por la Pol\u00edtica y Activismo de M\u00e9xico (OJPAM), delegaci\u00f3n Veracruz,&hellip;<\/p>\n","protected":false},"author":1,"featured_media":4297,"comment_status":"open","ping_status":"closed","sticky":false,"template":"","format":"standard","meta":{"footnotes":""},"categories":[71],"tags":[],"class_list":["post-4296","post","type-post","status-publish","format-standard","has-post-thumbnail","hentry","category-estatal"],"magazineBlocksPostFeaturedMedia":{"thumbnail":"https:\/\/vocesdeveracruz.com.mx\/wp-content\/uploads\/2025\/10\/NOV24OCT2025CONGRESOOJPAM1-150x150.jpg","medium":"https:\/\/vocesdeveracruz.com.mx\/wp-content\/uploads\/2025\/10\/NOV24OCT2025CONGRESOOJPAM1-300x194.jpg","medium_large":"https:\/\/vocesdeveracruz.com.mx\/wp-content\/uploads\/2025\/10\/NOV24OCT2025CONGRESOOJPAM1-768x496.jpg","large":"https:\/\/vocesdeveracruz.com.mx\/wp-content\/uploads\/2025\/10\/NOV24OCT2025CONGRESOOJPAM1.jpg","1536x1536":"https:\/\/vocesdeveracruz.com.mx\/wp-content\/uploads\/2025\/10\/NOV24OCT2025CONGRESOOJPAM1.jpg","2048x2048":"https:\/\/vocesdeveracruz.com.mx\/wp-content\/uploads\/2025\/10\/NOV24OCT2025CONGRESOOJPAM1.jpg"},"magazineBlocksPostAuthor":{"name":"admin","avatar":"https:\/\/secure.gravatar.com\/avatar\/9d5013f9042ef2dfeb4122e9609da41e1858252ad644b84f2ec3a64ab59cceaf?s=96&d=mm&r=g"},"magazineBlocksPostCommentsNumber":"0","magazineBlocksPostExcerpt":"En el auditorio Sebasti\u00e1n Lerdo de Tejada del Congreso del Estado se realiz\u00f3 la asamblea de la Organizaci\u00f3n de J\u00f3venes por la Pol\u00edtica y Activismo de M\u00e9xico (OJPAM), delegaci\u00f3n Veracruz,&hellip;","magazineBlocksPostCategories":["ESTATAL"],"magazineBlocksPostViewCount":105,"magazineBlocksPostReadTime":3,"magazine_blocks_featured_image_url":{"full":["https:\/\/vocesdeveracruz.com.mx\/wp-content\/uploads\/2025\/10\/NOV24OCT2025CONGRESOOJPAM1.jpg",993,641,false],"medium":["https:\/\/vocesdeveracruz.com.mx\/wp-content\/uploads\/2025\/10\/NOV24OCT2025CONGRESOOJPAM1-300x194.jpg",300,194,true],"thumbnail":["https:\/\/vocesdeveracruz.com.mx\/wp-content\/uploads\/2025\/10\/NOV24OCT2025CONGRESOOJPAM1-150x150.jpg",150,150,true]},"magazine_blocks_author":{"display_name":"admin","author_link":"https:\/\/vocesdeveracruz.com.mx\/?author=1"},"magazine_blocks_comment":0,"magazine_blocks_author_image":"https:\/\/secure.gravatar.com\/avatar\/9d5013f9042ef2dfeb4122e9609da41e1858252ad644b84f2ec3a64ab59cceaf?s=96&d=mm&r=g","magazine_blocks_category":"<a href=\"https:\/\/vocesdeveracruz.com.mx\/?cat=71\" rel=\"category\">ESTATAL<\/a>","_links":{"self":[{"href":"https:\/\/vocesdeveracruz.com.mx\/index.php?rest_route=\/wp\/v2\/posts\/4296","targetHints":{"allow":["GET"]}}],"collection":[{"href":"https:\/\/vocesdeveracruz.com.mx\/index.php?rest_route=\/wp\/v2\/posts"}],"about":[{"href":"https:\/\/vocesdeveracruz.com.mx\/index.php?rest_route=\/wp\/v2\/types\/post"}],"author":[{"embeddable":true,"href":"https:\/\/vocesdeveracruz.com.mx\/index.php?rest_route=\/wp\/v2\/users\/1"}],"replies":[{"embeddable":true,"href":"https:\/\/vocesdeveracruz.com.mx\/index.php?rest_route=%2Fwp%2Fv2%2Fcomments&post=4296"}],"version-history":[{"count":1,"href":"https:\/\/vocesdeveracruz.com.mx\/index.php?rest_route=\/wp\/v2\/posts\/4296\/revisions"}],"predecessor-version":[{"id":4300,"href":"https:\/\/vocesdeveracruz.com.mx\/index.php?rest_route=\/wp\/v2\/posts\/4296\/revisions\/4300"}],"wp:featuredmedia":[{"embeddable":true,"href":"https:\/\/vocesdeveracruz.com.mx\/index.php?rest_route=\/wp\/v2\/media\/4297"}],"wp:attachment":[{"href":"https:\/\/vocesdeveracruz.com.mx\/index.php?rest_route=%2Fwp%2Fv2%2Fmedia&parent=4296"}],"wp:term":[{"taxonomy":"category","embeddable":true,"href":"https:\/\/vocesdeveracruz.com.mx\/index.php?rest_route=%2Fwp%2Fv2%2Fcategories&post=4296"},{"taxonomy":"post_tag","embeddable":true,"href":"https:\/\/vocesdeveracruz.com.mx\/index.php?rest_route=%2Fwp%2Fv2%2Ftags&post=4296"}],"curies":[{"name":"wp","href":"https:\/\/api.w.org\/{rel}","templated":true}]}}