{"id":4237,"date":"2025-10-23T22:23:04","date_gmt":"2025-10-24T04:23:04","guid":{"rendered":"https:\/\/vocesdeveracruz.com.mx\/?p=4237"},"modified":"2025-10-23T22:23:04","modified_gmt":"2025-10-24T04:23:04","slug":"presenta-comision-de-atencion-a-migrantes-su-programa-de-actividades","status":"publish","type":"post","link":"https:\/\/vocesdeveracruz.com.mx\/?p=4237","title":{"rendered":"Presenta Comisi\u00f3n de Atenci\u00f3n a Migrantes su programa de actividades"},"content":{"rendered":"\n<p>En cumplimiento de lo que disponen la Ley Org\u00e1nica y el Reglamento para el Gobierno Interior, ambas del Poder Legislativo del estado de Veracruz, la Comisi\u00f3n Permanente de Poblaci\u00f3n y Atenci\u00f3n a Migrantes, presidida por la diputada Janix Liliana Castro Mu\u00f1oz, present\u00f3 su Programa Anual de Trabajo para el Segundo A\u00f1o de Labores de la LXVII Legislatura.<\/p>\n\n\n\n<figure class=\"wp-block-gallery has-nested-images columns-default is-cropped wp-block-gallery-1 is-layout-flex wp-block-gallery-is-layout-flex\">\n<figure class=\"wp-block-image size-large\"><img loading=\"lazy\" decoding=\"async\" width=\"1024\" height=\"684\" data-id=\"4239\" src=\"https:\/\/vocesdeveracruz.com.mx\/wp-content\/uploads\/2025\/10\/FB_IMG_1761279383404-1024x684.jpg\" alt=\"\" class=\"wp-image-4239\" srcset=\"https:\/\/vocesdeveracruz.com.mx\/wp-content\/uploads\/2025\/10\/FB_IMG_1761279383404-1024x684.jpg 1024w, https:\/\/vocesdeveracruz.com.mx\/wp-content\/uploads\/2025\/10\/FB_IMG_1761279383404-300x200.jpg 300w, https:\/\/vocesdeveracruz.com.mx\/wp-content\/uploads\/2025\/10\/FB_IMG_1761279383404-768x513.jpg 768w, https:\/\/vocesdeveracruz.com.mx\/wp-content\/uploads\/2025\/10\/FB_IMG_1761279383404-1536x1025.jpg 1536w, https:\/\/vocesdeveracruz.com.mx\/wp-content\/uploads\/2025\/10\/FB_IMG_1761279383404.jpg 1600w\" sizes=\"auto, (max-width: 1024px) 100vw, 1024px\" \/><\/figure>\n\n\n\n<figure class=\"wp-block-image size-large\"><img loading=\"lazy\" decoding=\"async\" width=\"1024\" height=\"684\" data-id=\"4240\" src=\"https:\/\/vocesdeveracruz.com.mx\/wp-content\/uploads\/2025\/10\/FB_IMG_1761279385310-1024x684.jpg\" alt=\"\" class=\"wp-image-4240\" srcset=\"https:\/\/vocesdeveracruz.com.mx\/wp-content\/uploads\/2025\/10\/FB_IMG_1761279385310-1024x684.jpg 1024w, https:\/\/vocesdeveracruz.com.mx\/wp-content\/uploads\/2025\/10\/FB_IMG_1761279385310-300x200.jpg 300w, https:\/\/vocesdeveracruz.com.mx\/wp-content\/uploads\/2025\/10\/FB_IMG_1761279385310-768x513.jpg 768w, https:\/\/vocesdeveracruz.com.mx\/wp-content\/uploads\/2025\/10\/FB_IMG_1761279385310-1536x1025.jpg 1536w, https:\/\/vocesdeveracruz.com.mx\/wp-content\/uploads\/2025\/10\/FB_IMG_1761279385310.jpg 1600w\" sizes=\"auto, (max-width: 1024px) 100vw, 1024px\" \/><\/figure>\n<\/figure>\n\n\n\n<p>En la oficina de la legisladora Janix Liliana Castro y con la participaci\u00f3n de la diputada Indira de Jes\u00fas Rosales San Rom\u00e1n y del diputado Fernando Yunes M\u00e1rquez, secretaria y vocal respectivamente de la misma instancia, procedieron a la firma del documento que ser\u00e1 el eje rector de las actividades programadas para este periodo legislativo.<\/p>\n\n\n\n<p>Como parte del objetivo general, la Comisi\u00f3n se enfocar\u00eda en el dise\u00f1o, impulso y supervisi\u00f3n de pol\u00edticas para atender asuntos relacionados con los derechos humanos, la inclusi\u00f3n social y el desarrollo integral de la poblaci\u00f3n nacional y migrante, con \u00e9nfasis en grupos vulnerables.<\/p>\n\n\n\n<p>El Programa incluye propuestas para fortalecer el marco jur\u00eddico en materia de derechos humanos, identidad, movilidad y acceso a servicios, analizar y dictaminar iniciativas de ley o reformas relacionadas con migraci\u00f3n, refugio, desplazamiento forzado y poblaci\u00f3n vulnerable, as\u00ed como supervisar el cumplimiento de programas gubernamentales dirigidos a migrantes.<\/p>\n\n\n\n<p>Adem\u00e1s, establece indicadores de seguimiento, integrados por n\u00famero de iniciativas dictaminadas, reformas aprobadas, audiencias p\u00fablicas realizadas, informes de supervisi\u00f3n emitidos y participaci\u00f3n de comunidades migrantes en actividades legislativas.<\/p>\n","protected":false},"excerpt":{"rendered":"<p>En cumplimiento de lo que disponen la Ley Org\u00e1nica y el Reglamento para el Gobierno Interior, ambas del Poder Legislativo del estado de Veracruz, la Comisi\u00f3n Permanente de Poblaci\u00f3n y&hellip;<\/p>\n","protected":false},"author":1,"featured_media":4238,"comment_status":"open","ping_status":"closed","sticky":false,"template":"","format":"standard","meta":{"footnotes":""},"categories":[71],"tags":[],"class_list":["post-4237","post","type-post","status-publish","format-standard","has-post-thumbnail","hentry","category-estatal"],"magazineBlocksPostFeaturedMedia":{"thumbnail":"https:\/\/vocesdeveracruz.com.mx\/wp-content\/uploads\/2025\/10\/FB_IMG_1761279381847-150x150.jpg","medium":"https:\/\/vocesdeveracruz.com.mx\/wp-content\/uploads\/2025\/10\/FB_IMG_1761279381847-300x200.jpg","medium_large":"https:\/\/vocesdeveracruz.com.mx\/wp-content\/uploads\/2025\/10\/FB_IMG_1761279381847-768x513.jpg","large":"https:\/\/vocesdeveracruz.com.mx\/wp-content\/uploads\/2025\/10\/FB_IMG_1761279381847-1024x684.jpg","1536x1536":"https:\/\/vocesdeveracruz.com.mx\/wp-content\/uploads\/2025\/10\/FB_IMG_1761279381847-1536x1025.jpg","2048x2048":"https:\/\/vocesdeveracruz.com.mx\/wp-content\/uploads\/2025\/10\/FB_IMG_1761279381847.jpg"},"magazineBlocksPostAuthor":{"name":"admin","avatar":"https:\/\/secure.gravatar.com\/avatar\/9d5013f9042ef2dfeb4122e9609da41e1858252ad644b84f2ec3a64ab59cceaf?s=96&d=mm&r=g"},"magazineBlocksPostCommentsNumber":"0","magazineBlocksPostExcerpt":"En cumplimiento de lo que disponen la Ley Org\u00e1nica y el Reglamento para el Gobierno Interior, ambas del Poder Legislativo del estado de Veracruz, la Comisi\u00f3n Permanente de Poblaci\u00f3n y&hellip;","magazineBlocksPostCategories":["ESTATAL"],"magazineBlocksPostViewCount":61,"magazineBlocksPostReadTime":2,"magazine_blocks_featured_image_url":{"full":["https:\/\/vocesdeveracruz.com.mx\/wp-content\/uploads\/2025\/10\/FB_IMG_1761279381847.jpg",1600,1068,false],"medium":["https:\/\/vocesdeveracruz.com.mx\/wp-content\/uploads\/2025\/10\/FB_IMG_1761279381847-300x200.jpg",300,200,true],"thumbnail":["https:\/\/vocesdeveracruz.com.mx\/wp-content\/uploads\/2025\/10\/FB_IMG_1761279381847-150x150.jpg",150,150,true]},"magazine_blocks_author":{"display_name":"admin","author_link":"https:\/\/vocesdeveracruz.com.mx\/?author=1"},"magazine_blocks_comment":0,"magazine_blocks_author_image":"https:\/\/secure.gravatar.com\/avatar\/9d5013f9042ef2dfeb4122e9609da41e1858252ad644b84f2ec3a64ab59cceaf?s=96&d=mm&r=g","magazine_blocks_category":"<a href=\"https:\/\/vocesdeveracruz.com.mx\/?cat=71\" rel=\"category\">ESTATAL<\/a>","_links":{"self":[{"href":"https:\/\/vocesdeveracruz.com.mx\/index.php?rest_route=\/wp\/v2\/posts\/4237","targetHints":{"allow":["GET"]}}],"collection":[{"href":"https:\/\/vocesdeveracruz.com.mx\/index.php?rest_route=\/wp\/v2\/posts"}],"about":[{"href":"https:\/\/vocesdeveracruz.com.mx\/index.php?rest_route=\/wp\/v2\/types\/post"}],"author":[{"embeddable":true,"href":"https:\/\/vocesdeveracruz.com.mx\/index.php?rest_route=\/wp\/v2\/users\/1"}],"replies":[{"embeddable":true,"href":"https:\/\/vocesdeveracruz.com.mx\/index.php?rest_route=%2Fwp%2Fv2%2Fcomments&post=4237"}],"version-history":[{"count":1,"href":"https:\/\/vocesdeveracruz.com.mx\/index.php?rest_route=\/wp\/v2\/posts\/4237\/revisions"}],"predecessor-version":[{"id":4241,"href":"https:\/\/vocesdeveracruz.com.mx\/index.php?rest_route=\/wp\/v2\/posts\/4237\/revisions\/4241"}],"wp:featuredmedia":[{"embeddable":true,"href":"https:\/\/vocesdeveracruz.com.mx\/index.php?rest_route=\/wp\/v2\/media\/4238"}],"wp:attachment":[{"href":"https:\/\/vocesdeveracruz.com.mx\/index.php?rest_route=%2Fwp%2Fv2%2Fmedia&parent=4237"}],"wp:term":[{"taxonomy":"category","embeddable":true,"href":"https:\/\/vocesdeveracruz.com.mx\/index.php?rest_route=%2Fwp%2Fv2%2Fcategories&post=4237"},{"taxonomy":"post_tag","embeddable":true,"href":"https:\/\/vocesdeveracruz.com.mx\/index.php?rest_route=%2Fwp%2Fv2%2Ftags&post=4237"}],"curies":[{"name":"wp","href":"https:\/\/api.w.org\/{rel}","templated":true}]}}