{"id":4234,"date":"2025-10-23T22:02:05","date_gmt":"2025-10-24T04:02:05","guid":{"rendered":"https:\/\/vocesdeveracruz.com.mx\/?p=4234"},"modified":"2025-10-23T22:02:05","modified_gmt":"2025-10-24T04:02:05","slug":"mantener-exencion-de-peaje-para-traslado-de-apoyo-a-municipios-del-norte-pide-diputada","status":"publish","type":"post","link":"https:\/\/vocesdeveracruz.com.mx\/?p=4234","title":{"rendered":"Mantener exenci\u00f3n de peaje para traslado de apoyo a municipios del norte, pide diputada"},"content":{"rendered":"\n<p><\/p>\n\n\n\n<p>La Mesa Directiva turn\u00f3 a la Junta de Coordinaci\u00f3n Pol\u00edtica el Anteproyecto de Punto de Acuerdo de la diputada Luc\u00eda Bego\u00f1a Canales Barturen, quien propone que este Congreso exhorte a la Secretar\u00eda de Infraestructura, Comunicaciones y Transportes (SICT) y a las empresas concesionarias de carreteras de cuota, para que, en el \u00e1mbito de sus respectivas atribuciones, mantengan y ampl\u00eden la exenci\u00f3n temporal del pago de peaje a los veh\u00edculos y maquinaria que transporten v\u00edveres, enseres y ayuda humanitaria o participen en labores de apoyo, limpieza y reconstrucci\u00f3n, en las carreteras de cuota que conducen hacia los municipios afectados por las recientes inundaciones, particularmente Poza Rica, \u00c1lamo Temapache y El Higo.<\/p>\n\n\n\n<p>La representante del Distrito I de P\u00e1nuco consider\u00f3 que la exenci\u00f3n temporal del pago de peaje en diversas autopistas es un gesto de responsabilidad social por parte de las concesionarias y una muestra clara de solidaridad del gobierno federal. \u201cEsta acci\u00f3n ha sido clave para garantizar que la ayuda humanitaria llegue con oportunidad a las comunidades m\u00e1s necesitadas, evitando que el pago de peaje se convierta en un obst\u00e1culo econ\u00f3mico o log\u00edstico en un momento de emergencia\u201d, reconoci\u00f3.<\/p>\n\n\n\n<p>Sin embargo, a\u00f1adi\u00f3, las condiciones de los municipios afectados a\u00fan son complicadas. \u201cMuchas familias siguen trabajando en la limpieza de sus viviendas, en el rescate de pertenencias y en la recuperaci\u00f3n de espacios comunitarios. Las labores de apoyo contin\u00faan, y todav\u00eda es necesario el ingreso constante de veh\u00edculos con alimentos, medicamentos, cobijas, agua y materiales de reconstrucci\u00f3n, as\u00ed como de maquinaria utilizada por autoridades municipales, brigadas, dependencias de auxilio y particulares solidarios para rehabilitar caminos, drenar calles y remover escombros\u201d.<\/p>\n\n\n\n<p>Ante esto, la representante popular valor\u00f3 como necesario que la exenci\u00f3n del pago de peaje se mantenga vigente y se ampl\u00ede durante el tiempo que duren las labores de atenci\u00f3n y recuperaci\u00f3n en las carreteras de cuota que conducen hacia las zonas afectadas, garantizando el libre paso de todos los veh\u00edculos y unidades que participan en tareas de auxilio, limpieza y reconstrucci\u00f3n.<\/p>\n","protected":false},"excerpt":{"rendered":"<p>La Mesa Directiva turn\u00f3 a la Junta de Coordinaci\u00f3n Pol\u00edtica el Anteproyecto de Punto de Acuerdo de la diputada Luc\u00eda Bego\u00f1a Canales Barturen, quien propone que este Congreso exhorte a&hellip;<\/p>\n","protected":false},"author":1,"featured_media":4235,"comment_status":"open","ping_status":"closed","sticky":false,"template":"","format":"standard","meta":{"footnotes":""},"categories":[71],"tags":[],"class_list":["post-4234","post","type-post","status-publish","format-standard","has-post-thumbnail","hentry","category-estatal"],"magazineBlocksPostFeaturedMedia":{"thumbnail":"https:\/\/vocesdeveracruz.com.mx\/wp-content\/uploads\/2025\/10\/NOV23OCT2025LUCIA2-150x150.jpg","medium":"https:\/\/vocesdeveracruz.com.mx\/wp-content\/uploads\/2025\/10\/NOV23OCT2025LUCIA2-300x200.jpg","medium_large":"https:\/\/vocesdeveracruz.com.mx\/wp-content\/uploads\/2025\/10\/NOV23OCT2025LUCIA2-768x512.jpg","large":"https:\/\/vocesdeveracruz.com.mx\/wp-content\/uploads\/2025\/10\/NOV23OCT2025LUCIA2-1024x683.jpg","1536x1536":"https:\/\/vocesdeveracruz.com.mx\/wp-content\/uploads\/2025\/10\/NOV23OCT2025LUCIA2.jpg","2048x2048":"https:\/\/vocesdeveracruz.com.mx\/wp-content\/uploads\/2025\/10\/NOV23OCT2025LUCIA2.jpg"},"magazineBlocksPostAuthor":{"name":"admin","avatar":"https:\/\/secure.gravatar.com\/avatar\/9d5013f9042ef2dfeb4122e9609da41e1858252ad644b84f2ec3a64ab59cceaf?s=96&d=mm&r=g"},"magazineBlocksPostCommentsNumber":"0","magazineBlocksPostExcerpt":"La Mesa Directiva turn\u00f3 a la Junta de Coordinaci\u00f3n Pol\u00edtica el Anteproyecto de Punto de Acuerdo de la diputada Luc\u00eda Bego\u00f1a Canales Barturen, quien propone que este Congreso exhorte a&hellip;","magazineBlocksPostCategories":["ESTATAL"],"magazineBlocksPostViewCount":87,"magazineBlocksPostReadTime":2,"magazine_blocks_featured_image_url":{"full":["https:\/\/vocesdeveracruz.com.mx\/wp-content\/uploads\/2025\/10\/NOV23OCT2025LUCIA2.jpg",1280,854,false],"medium":["https:\/\/vocesdeveracruz.com.mx\/wp-content\/uploads\/2025\/10\/NOV23OCT2025LUCIA2-300x200.jpg",300,200,true],"thumbnail":["https:\/\/vocesdeveracruz.com.mx\/wp-content\/uploads\/2025\/10\/NOV23OCT2025LUCIA2-150x150.jpg",150,150,true]},"magazine_blocks_author":{"display_name":"admin","author_link":"https:\/\/vocesdeveracruz.com.mx\/?author=1"},"magazine_blocks_comment":0,"magazine_blocks_author_image":"https:\/\/secure.gravatar.com\/avatar\/9d5013f9042ef2dfeb4122e9609da41e1858252ad644b84f2ec3a64ab59cceaf?s=96&d=mm&r=g","magazine_blocks_category":"<a href=\"https:\/\/vocesdeveracruz.com.mx\/?cat=71\" rel=\"category\">ESTATAL<\/a>","_links":{"self":[{"href":"https:\/\/vocesdeveracruz.com.mx\/index.php?rest_route=\/wp\/v2\/posts\/4234","targetHints":{"allow":["GET"]}}],"collection":[{"href":"https:\/\/vocesdeveracruz.com.mx\/index.php?rest_route=\/wp\/v2\/posts"}],"about":[{"href":"https:\/\/vocesdeveracruz.com.mx\/index.php?rest_route=\/wp\/v2\/types\/post"}],"author":[{"embeddable":true,"href":"https:\/\/vocesdeveracruz.com.mx\/index.php?rest_route=\/wp\/v2\/users\/1"}],"replies":[{"embeddable":true,"href":"https:\/\/vocesdeveracruz.com.mx\/index.php?rest_route=%2Fwp%2Fv2%2Fcomments&post=4234"}],"version-history":[{"count":1,"href":"https:\/\/vocesdeveracruz.com.mx\/index.php?rest_route=\/wp\/v2\/posts\/4234\/revisions"}],"predecessor-version":[{"id":4236,"href":"https:\/\/vocesdeveracruz.com.mx\/index.php?rest_route=\/wp\/v2\/posts\/4234\/revisions\/4236"}],"wp:featuredmedia":[{"embeddable":true,"href":"https:\/\/vocesdeveracruz.com.mx\/index.php?rest_route=\/wp\/v2\/media\/4235"}],"wp:attachment":[{"href":"https:\/\/vocesdeveracruz.com.mx\/index.php?rest_route=%2Fwp%2Fv2%2Fmedia&parent=4234"}],"wp:term":[{"taxonomy":"category","embeddable":true,"href":"https:\/\/vocesdeveracruz.com.mx\/index.php?rest_route=%2Fwp%2Fv2%2Fcategories&post=4234"},{"taxonomy":"post_tag","embeddable":true,"href":"https:\/\/vocesdeveracruz.com.mx\/index.php?rest_route=%2Fwp%2Fv2%2Ftags&post=4234"}],"curies":[{"name":"wp","href":"https:\/\/api.w.org\/{rel}","templated":true}]}}