{"id":4203,"date":"2025-10-16T22:27:52","date_gmt":"2025-10-17T04:27:52","guid":{"rendered":"https:\/\/vocesdeveracruz.com.mx\/?p=4203"},"modified":"2025-10-16T22:27:52","modified_gmt":"2025-10-17T04:27:52","slug":"aprueba-comision-de-desarrollo-urbano-su-programa-de-trabajo-para-el-segundo-ano","status":"publish","type":"post","link":"https:\/\/vocesdeveracruz.com.mx\/?p=4203","title":{"rendered":"Aprueba Comisi\u00f3n de Desarrollo Urbano su Programa de Trabajo para el segundo a\u00f1o"},"content":{"rendered":"\n<p>Las diputadas Elizabeth Morales Garc\u00eda, Ingrid Jeny Calder\u00f3n Dom\u00ednguez y Janix Liliana Castro Mu\u00f1oz, presidenta, secretaria y vocal, respectivamente, de la Comisi\u00f3n Permanente de Desarrollo Urbano, Ordenamiento Territorial, Vivienda y Fundo Legal, aprobaron por unanimidad el programa de actividades que realizar\u00e1n durante el segundo a\u00f1o de labores de la LXVII Legislatura.<\/p>\n\n\n\n<p>Tras emitir su voto a favor del programa, las legisladoras coincidieron en que \u00e9ste prev\u00e9 la realizaci\u00f3n de acciones con un abordaje integral, operativo y flexible, que abone al cumplimiento de las responsabilidades y atribuciones legislativas, con eficiencia, transparencia y resultado social, que permita avanzar en la modernizaci\u00f3n del marco normativo y la mejora de la calidad de vida de las y los veracruzanos.<\/p>\n\n\n\n<p>Entre los objetivos previstos para el periodo 2025-2026, el programa establece continuar con el trabajo legislativo desahogando, en tiempo y forma, los asuntos turnados por el Pleno o la Diputaci\u00f3n Permanente; analizar, estudiar o proponer reformas y\/o adecuaciones al marco jur\u00eddico vigente y realizar reuniones trimestrales para coordinar las actividades se\u00f1aladas en el mismo.<\/p>\n\n\n\n<p>Adem\u00e1s, plantea la organizaci\u00f3n de foros o consultas ciudadanas con la finalidad de reunir experiencias y conocimientos de especialistas que contribuyan a la propuesta de reforma integral a la Ley 241 de Desarrollo Urbano, Ordenamiento Territorial y Vivienda del estado.<\/p>\n\n\n\n<p>En coordinaci\u00f3n con la Secretar\u00eda de Desarrollo Agrario, Territorial y Urbano de M\u00e9xico (Sedatu), el Instituto Veracruzano de la Vivienda (Invivienda) y la Secretar\u00eda de Medio Ambiente (Sedema) de Veracruz, se fomentar\u00e1 la participaci\u00f3n activa de la sociedad civil, instituciones acad\u00e9micas y sectores productivos para la construcci\u00f3n de pol\u00edticas p\u00fablicas en la materia.<\/p>\n\n\n\n<p>Prev\u00e9n tambi\u00e9n solicitar informes peri\u00f3dicos a dependencias estatales y municipales sobre planes urbanos y programas de vivienda, evaluar el cumplimiento de los planes de ordenamiento ecol\u00f3gico y territorial, supervisar la aplicaci\u00f3n de recursos p\u00fablicos destinados a vivienda social y desarrollo urbano, realizar visitas de campo para verificar el estado de obras y asentamientos irregulares e impulsar la construcci\u00f3n de viviendas sustentables con energ\u00edas limpias y materiales ecol\u00f3gicos.<\/p>\n\n\n\n<p>Asimismo, impulsar la creaci\u00f3n de un Sistema Estatal de Informaci\u00f3n Urbana y Territorial y promover la digitalizaci\u00f3n de los planes municipales de desarrollo urbano y su acceso p\u00fablico, entre otros.<\/p>\n\n\n\n<p>Las diputadas celebraron este acto en cumplimiento de lo dispuesto en los art\u00edculos 38 y 39, de la Ley Org\u00e1nica, y 43 y 57 del Reglamento para el Gobierno Interior, ambos del Poder Legislativo del estado de Veracruz.<\/p>\n","protected":false},"excerpt":{"rendered":"<p>Las diputadas Elizabeth Morales Garc\u00eda, Ingrid Jeny Calder\u00f3n Dom\u00ednguez y Janix Liliana Castro Mu\u00f1oz, presidenta, secretaria y vocal, respectivamente, de la Comisi\u00f3n Permanente de Desarrollo Urbano, Ordenamiento Territorial, Vivienda y&hellip;<\/p>\n","protected":false},"author":1,"featured_media":4204,"comment_status":"open","ping_status":"closed","sticky":false,"template":"","format":"standard","meta":{"footnotes":""},"categories":[71],"tags":[],"class_list":["post-4203","post","type-post","status-publish","format-standard","has-post-thumbnail","hentry","category-estatal"],"magazineBlocksPostFeaturedMedia":{"thumbnail":"https:\/\/vocesdeveracruz.com.mx\/wp-content\/uploads\/2025\/10\/FB_IMG_1760675221697-150x150.jpg","medium":"https:\/\/vocesdeveracruz.com.mx\/wp-content\/uploads\/2025\/10\/FB_IMG_1760675221697-300x200.jpg","medium_large":"https:\/\/vocesdeveracruz.com.mx\/wp-content\/uploads\/2025\/10\/FB_IMG_1760675221697-768x513.jpg","large":"https:\/\/vocesdeveracruz.com.mx\/wp-content\/uploads\/2025\/10\/FB_IMG_1760675221697-1024x684.jpg","1536x1536":"https:\/\/vocesdeveracruz.com.mx\/wp-content\/uploads\/2025\/10\/FB_IMG_1760675221697-1536x1025.jpg","2048x2048":"https:\/\/vocesdeveracruz.com.mx\/wp-content\/uploads\/2025\/10\/FB_IMG_1760675221697.jpg"},"magazineBlocksPostAuthor":{"name":"admin","avatar":"https:\/\/secure.gravatar.com\/avatar\/9d5013f9042ef2dfeb4122e9609da41e1858252ad644b84f2ec3a64ab59cceaf?s=96&d=mm&r=g"},"magazineBlocksPostCommentsNumber":"0","magazineBlocksPostExcerpt":"Las diputadas Elizabeth Morales Garc\u00eda, Ingrid Jeny Calder\u00f3n Dom\u00ednguez y Janix Liliana Castro Mu\u00f1oz, presidenta, secretaria y vocal, respectivamente, de la Comisi\u00f3n Permanente de Desarrollo Urbano, Ordenamiento Territorial, Vivienda y&hellip;","magazineBlocksPostCategories":["ESTATAL"],"magazineBlocksPostViewCount":73,"magazineBlocksPostReadTime":3,"magazine_blocks_featured_image_url":{"full":["https:\/\/vocesdeveracruz.com.mx\/wp-content\/uploads\/2025\/10\/FB_IMG_1760675221697.jpg",1600,1068,false],"medium":["https:\/\/vocesdeveracruz.com.mx\/wp-content\/uploads\/2025\/10\/FB_IMG_1760675221697-300x200.jpg",300,200,true],"thumbnail":["https:\/\/vocesdeveracruz.com.mx\/wp-content\/uploads\/2025\/10\/FB_IMG_1760675221697-150x150.jpg",150,150,true]},"magazine_blocks_author":{"display_name":"admin","author_link":"https:\/\/vocesdeveracruz.com.mx\/?author=1"},"magazine_blocks_comment":0,"magazine_blocks_author_image":"https:\/\/secure.gravatar.com\/avatar\/9d5013f9042ef2dfeb4122e9609da41e1858252ad644b84f2ec3a64ab59cceaf?s=96&d=mm&r=g","magazine_blocks_category":"<a href=\"https:\/\/vocesdeveracruz.com.mx\/?cat=71\" rel=\"category\">ESTATAL<\/a>","_links":{"self":[{"href":"https:\/\/vocesdeveracruz.com.mx\/index.php?rest_route=\/wp\/v2\/posts\/4203","targetHints":{"allow":["GET"]}}],"collection":[{"href":"https:\/\/vocesdeveracruz.com.mx\/index.php?rest_route=\/wp\/v2\/posts"}],"about":[{"href":"https:\/\/vocesdeveracruz.com.mx\/index.php?rest_route=\/wp\/v2\/types\/post"}],"author":[{"embeddable":true,"href":"https:\/\/vocesdeveracruz.com.mx\/index.php?rest_route=\/wp\/v2\/users\/1"}],"replies":[{"embeddable":true,"href":"https:\/\/vocesdeveracruz.com.mx\/index.php?rest_route=%2Fwp%2Fv2%2Fcomments&post=4203"}],"version-history":[{"count":1,"href":"https:\/\/vocesdeveracruz.com.mx\/index.php?rest_route=\/wp\/v2\/posts\/4203\/revisions"}],"predecessor-version":[{"id":4205,"href":"https:\/\/vocesdeveracruz.com.mx\/index.php?rest_route=\/wp\/v2\/posts\/4203\/revisions\/4205"}],"wp:featuredmedia":[{"embeddable":true,"href":"https:\/\/vocesdeveracruz.com.mx\/index.php?rest_route=\/wp\/v2\/media\/4204"}],"wp:attachment":[{"href":"https:\/\/vocesdeveracruz.com.mx\/index.php?rest_route=%2Fwp%2Fv2%2Fmedia&parent=4203"}],"wp:term":[{"taxonomy":"category","embeddable":true,"href":"https:\/\/vocesdeveracruz.com.mx\/index.php?rest_route=%2Fwp%2Fv2%2Fcategories&post=4203"},{"taxonomy":"post_tag","embeddable":true,"href":"https:\/\/vocesdeveracruz.com.mx\/index.php?rest_route=%2Fwp%2Fv2%2Ftags&post=4203"}],"curies":[{"name":"wp","href":"https:\/\/api.w.org\/{rel}","templated":true}]}}