{"id":4200,"date":"2025-10-16T22:25:36","date_gmt":"2025-10-17T04:25:36","guid":{"rendered":"https:\/\/vocesdeveracruz.com.mx\/?p=4200"},"modified":"2025-10-16T22:25:36","modified_gmt":"2025-10-17T04:25:36","slug":"analizan-diputados-propuestas-para-enriquecer-iniciativa-de-ley-de-seguridad-vial","status":"publish","type":"post","link":"https:\/\/vocesdeveracruz.com.mx\/?p=4200","title":{"rendered":"Analizan diputados propuestas para enriquecer iniciativa de Ley de Seguridad Vial"},"content":{"rendered":"\n<p>Los diputados Miguel Guillermo Pintos Guill\u00e9n y Juan Tress Zilli realizaron la tercera reuni\u00f3n de trabajo con integrantes de la Coalici\u00f3n Veracruz Seguro, de la Secretar\u00eda de Gobierno de Veracruz (Segob), del Consejo Estatal para la Prevenci\u00f3n de Accidentes (Coepra) y miembros de la sociedad civil, con quienes dialogaron acerca de una propuesta de ley para armonizar en Veracruz la Ley General de Movilidad y Seguridad Vial.<\/p>\n\n\n\n<p>En la reuni\u00f3n, a la que asistieron tambi\u00e9n representantes de autoridades de Tr\u00e1nsito del estado y del Instituto Nacional de Estad\u00edstica y Geograf\u00eda (Inegi), se acord\u00f3 precisar en el proyecto de ley la jurisdicci\u00f3n de cada instituci\u00f3n involucrada, as\u00ed como definiciones de transporte p\u00fablico y tr\u00e1nsito estatal.<\/p>\n","protected":false},"excerpt":{"rendered":"<p>Los diputados Miguel Guillermo Pintos Guill\u00e9n y Juan Tress Zilli realizaron la tercera reuni\u00f3n de trabajo con integrantes de la Coalici\u00f3n Veracruz Seguro, de la Secretar\u00eda de Gobierno de Veracruz&hellip;<\/p>\n","protected":false},"author":1,"featured_media":4201,"comment_status":"open","ping_status":"closed","sticky":false,"template":"","format":"standard","meta":{"footnotes":""},"categories":[71],"tags":[],"class_list":["post-4200","post","type-post","status-publish","format-standard","has-post-thumbnail","hentry","category-estatal"],"magazineBlocksPostFeaturedMedia":{"thumbnail":"https:\/\/vocesdeveracruz.com.mx\/wp-content\/uploads\/2025\/10\/FB_IMG_1760674999185-150x150.jpg","medium":"https:\/\/vocesdeveracruz.com.mx\/wp-content\/uploads\/2025\/10\/FB_IMG_1760674999185-300x179.jpg","medium_large":"https:\/\/vocesdeveracruz.com.mx\/wp-content\/uploads\/2025\/10\/FB_IMG_1760674999185-768x457.jpg","large":"https:\/\/vocesdeveracruz.com.mx\/wp-content\/uploads\/2025\/10\/FB_IMG_1760674999185-1024x609.jpg","1536x1536":"https:\/\/vocesdeveracruz.com.mx\/wp-content\/uploads\/2025\/10\/FB_IMG_1760674999185.jpg","2048x2048":"https:\/\/vocesdeveracruz.com.mx\/wp-content\/uploads\/2025\/10\/FB_IMG_1760674999185.jpg"},"magazineBlocksPostAuthor":{"name":"admin","avatar":"https:\/\/secure.gravatar.com\/avatar\/9d5013f9042ef2dfeb4122e9609da41e1858252ad644b84f2ec3a64ab59cceaf?s=96&d=mm&r=g"},"magazineBlocksPostCommentsNumber":"0","magazineBlocksPostExcerpt":"Los diputados Miguel Guillermo Pintos Guill\u00e9n y Juan Tress Zilli realizaron la tercera reuni\u00f3n de trabajo con integrantes de la Coalici\u00f3n Veracruz Seguro, de la Secretar\u00eda de Gobierno de Veracruz&hellip;","magazineBlocksPostCategories":["ESTATAL"],"magazineBlocksPostViewCount":70,"magazineBlocksPostReadTime":1,"magazine_blocks_featured_image_url":{"full":["https:\/\/vocesdeveracruz.com.mx\/wp-content\/uploads\/2025\/10\/FB_IMG_1760674999185.jpg",1304,776,false],"medium":["https:\/\/vocesdeveracruz.com.mx\/wp-content\/uploads\/2025\/10\/FB_IMG_1760674999185-300x179.jpg",300,179,true],"thumbnail":["https:\/\/vocesdeveracruz.com.mx\/wp-content\/uploads\/2025\/10\/FB_IMG_1760674999185-150x150.jpg",150,150,true]},"magazine_blocks_author":{"display_name":"admin","author_link":"https:\/\/vocesdeveracruz.com.mx\/?author=1"},"magazine_blocks_comment":0,"magazine_blocks_author_image":"https:\/\/secure.gravatar.com\/avatar\/9d5013f9042ef2dfeb4122e9609da41e1858252ad644b84f2ec3a64ab59cceaf?s=96&d=mm&r=g","magazine_blocks_category":"<a href=\"https:\/\/vocesdeveracruz.com.mx\/?cat=71\" rel=\"category\">ESTATAL<\/a>","_links":{"self":[{"href":"https:\/\/vocesdeveracruz.com.mx\/index.php?rest_route=\/wp\/v2\/posts\/4200","targetHints":{"allow":["GET"]}}],"collection":[{"href":"https:\/\/vocesdeveracruz.com.mx\/index.php?rest_route=\/wp\/v2\/posts"}],"about":[{"href":"https:\/\/vocesdeveracruz.com.mx\/index.php?rest_route=\/wp\/v2\/types\/post"}],"author":[{"embeddable":true,"href":"https:\/\/vocesdeveracruz.com.mx\/index.php?rest_route=\/wp\/v2\/users\/1"}],"replies":[{"embeddable":true,"href":"https:\/\/vocesdeveracruz.com.mx\/index.php?rest_route=%2Fwp%2Fv2%2Fcomments&post=4200"}],"version-history":[{"count":1,"href":"https:\/\/vocesdeveracruz.com.mx\/index.php?rest_route=\/wp\/v2\/posts\/4200\/revisions"}],"predecessor-version":[{"id":4202,"href":"https:\/\/vocesdeveracruz.com.mx\/index.php?rest_route=\/wp\/v2\/posts\/4200\/revisions\/4202"}],"wp:featuredmedia":[{"embeddable":true,"href":"https:\/\/vocesdeveracruz.com.mx\/index.php?rest_route=\/wp\/v2\/media\/4201"}],"wp:attachment":[{"href":"https:\/\/vocesdeveracruz.com.mx\/index.php?rest_route=%2Fwp%2Fv2%2Fmedia&parent=4200"}],"wp:term":[{"taxonomy":"category","embeddable":true,"href":"https:\/\/vocesdeveracruz.com.mx\/index.php?rest_route=%2Fwp%2Fv2%2Fcategories&post=4200"},{"taxonomy":"post_tag","embeddable":true,"href":"https:\/\/vocesdeveracruz.com.mx\/index.php?rest_route=%2Fwp%2Fv2%2Ftags&post=4200"}],"curies":[{"name":"wp","href":"https:\/\/api.w.org\/{rel}","templated":true}]}}