{"id":4196,"date":"2025-10-15T23:12:40","date_gmt":"2025-10-16T05:12:40","guid":{"rendered":"https:\/\/vocesdeveracruz.com.mx\/?p=4196"},"modified":"2025-10-15T23:12:40","modified_gmt":"2025-10-16T05:12:40","slug":"formaliza-congreso-donacion-de-un-mes-de-salario-para-damnificados","status":"publish","type":"post","link":"https:\/\/vocesdeveracruz.com.mx\/?p=4196","title":{"rendered":"Formaliza Congreso donaci\u00f3n de un mes de salario para damnificados"},"content":{"rendered":"\n<p><\/p>\n\n\n\n<p><\/p>\n\n\n\n<p><\/p>\n\n\n\n<p><\/p>\n\n\n\n<p>El &nbsp;Pleno de la LXVII Legislatura aprob\u00f3 el Acuerdo de la Junta de Coordinaci\u00f3n Pol\u00edtica (Jucopo), por el cual se formaliza la donaci\u00f3n de un mes de salario de cada diputada y diputado integrante del Congreso del Estado, en beneficio de las personas afectadas por las inundaciones registradas en la regi\u00f3n norte de la entidad.<\/p>\n\n\n\n<p>De acuerdo con el documento, signado por la y los coordinadores de los Grupos Legislativos de Morena, PVEM, PAN y Mixto Veracruz nos Une, refiere que el salario de las diputadas y los diputados representa un recurso que puede destinarse a la contingencia que se enfrenta actualmente, \u201cpor lo que donar un mes del mismo, por cada diputada y diputado integrante de esta legislatura, generar\u00eda fondos para apoyar a las personas afectadas\u201d.<\/p>\n\n\n\n<p>Del mismo modo, expone que tales recursos deben destinarse a brindar insumos b\u00e1sicos a las personas afectadas por las inundaciones, tales como comida, medicamentos y art\u00edculos de primera necesidad, \u201cya que, en tanto no se garantice el acceso continuado e ininterrumpido a dichos bienes, es imposible pensar en restaurar el orden y la vida normal de las y los veracruzanos que hoy ven sus vidas profundamente alteradas\u201d.<\/p>\n\n\n\n<p>Por \u00faltimo, la Jucopo manifiesta que es momento de convertir las convicciones en acciones concretas y necesarias, \u201cdado que la funci\u00f3n p\u00fablica debe estar al servicio de quienes atraviesan situaciones de vulnerabilidad extrema, para as\u00ed garantizar que el apoyo correspondiente llegue de forma oportuna y transparente, con el impacto positivo que la ciudadan\u00eda espera de sus representantes\u201d.<\/p>\n\n\n\n<p>Previo a la sesi\u00f3n, la diputada Naomi Edith G\u00f3mez Santos, presidenta de la Mesa Directiva, y los diputados coordinadores de los grupos legislativos de Morena, Esteban Bautista Hern\u00e1ndez; del PVEM, Carlos Marcelo Ruiz S\u00e1nchez; del PAN, Enrique Cambranis Torres, as\u00ed como los legisladores de Movimiento Ciudadano (MC), Adri\u00e1n Sigfrido \u00c1vila Estrada y del Partido del Trabajo (PT), Ram\u00f3n D\u00edaz \u00c1vila, anunciaron ante los medios de comunicaci\u00f3n el acuerdo de las diversas fuerzas pol\u00edticas para la donaci\u00f3n de los recursos y se pronunciaron a favor de implementar esta medida, toda vez que se requiere la mayor ayuda posible.<\/p>\n","protected":false},"excerpt":{"rendered":"<p>El &nbsp;Pleno de la LXVII Legislatura aprob\u00f3 el Acuerdo de la Junta de Coordinaci\u00f3n Pol\u00edtica (Jucopo), por el cual se formaliza la donaci\u00f3n de un mes de salario de cada&hellip;<\/p>\n","protected":false},"author":1,"featured_media":4197,"comment_status":"open","ping_status":"closed","sticky":false,"template":"","format":"standard","meta":{"footnotes":""},"categories":[71],"tags":[],"class_list":["post-4196","post","type-post","status-publish","format-standard","has-post-thumbnail","hentry","category-estatal"],"magazineBlocksPostFeaturedMedia":{"thumbnail":"https:\/\/vocesdeveracruz.com.mx\/wp-content\/uploads\/2025\/10\/FB_IMG_1760591516945-150x150.jpg","medium":"https:\/\/vocesdeveracruz.com.mx\/wp-content\/uploads\/2025\/10\/FB_IMG_1760591516945-300x200.jpg","medium_large":"https:\/\/vocesdeveracruz.com.mx\/wp-content\/uploads\/2025\/10\/FB_IMG_1760591516945-768x511.jpg","large":"https:\/\/vocesdeveracruz.com.mx\/wp-content\/uploads\/2025\/10\/FB_IMG_1760591516945-1024x682.jpg","1536x1536":"https:\/\/vocesdeveracruz.com.mx\/wp-content\/uploads\/2025\/10\/FB_IMG_1760591516945.jpg","2048x2048":"https:\/\/vocesdeveracruz.com.mx\/wp-content\/uploads\/2025\/10\/FB_IMG_1760591516945.jpg"},"magazineBlocksPostAuthor":{"name":"admin","avatar":"https:\/\/secure.gravatar.com\/avatar\/9d5013f9042ef2dfeb4122e9609da41e1858252ad644b84f2ec3a64ab59cceaf?s=96&d=mm&r=g"},"magazineBlocksPostCommentsNumber":"0","magazineBlocksPostExcerpt":"El &nbsp;Pleno de la LXVII Legislatura aprob\u00f3 el Acuerdo de la Junta de Coordinaci\u00f3n Pol\u00edtica (Jucopo), por el cual se formaliza la donaci\u00f3n de un mes de salario de cada&hellip;","magazineBlocksPostCategories":["ESTATAL"],"magazineBlocksPostViewCount":79,"magazineBlocksPostReadTime":2,"magazine_blocks_featured_image_url":{"full":["https:\/\/vocesdeveracruz.com.mx\/wp-content\/uploads\/2025\/10\/FB_IMG_1760591516945.jpg",1280,852,false],"medium":["https:\/\/vocesdeveracruz.com.mx\/wp-content\/uploads\/2025\/10\/FB_IMG_1760591516945-300x200.jpg",300,200,true],"thumbnail":["https:\/\/vocesdeveracruz.com.mx\/wp-content\/uploads\/2025\/10\/FB_IMG_1760591516945-150x150.jpg",150,150,true]},"magazine_blocks_author":{"display_name":"admin","author_link":"https:\/\/vocesdeveracruz.com.mx\/?author=1"},"magazine_blocks_comment":0,"magazine_blocks_author_image":"https:\/\/secure.gravatar.com\/avatar\/9d5013f9042ef2dfeb4122e9609da41e1858252ad644b84f2ec3a64ab59cceaf?s=96&d=mm&r=g","magazine_blocks_category":"<a href=\"https:\/\/vocesdeveracruz.com.mx\/?cat=71\" rel=\"category\">ESTATAL<\/a>","_links":{"self":[{"href":"https:\/\/vocesdeveracruz.com.mx\/index.php?rest_route=\/wp\/v2\/posts\/4196","targetHints":{"allow":["GET"]}}],"collection":[{"href":"https:\/\/vocesdeveracruz.com.mx\/index.php?rest_route=\/wp\/v2\/posts"}],"about":[{"href":"https:\/\/vocesdeveracruz.com.mx\/index.php?rest_route=\/wp\/v2\/types\/post"}],"author":[{"embeddable":true,"href":"https:\/\/vocesdeveracruz.com.mx\/index.php?rest_route=\/wp\/v2\/users\/1"}],"replies":[{"embeddable":true,"href":"https:\/\/vocesdeveracruz.com.mx\/index.php?rest_route=%2Fwp%2Fv2%2Fcomments&post=4196"}],"version-history":[{"count":1,"href":"https:\/\/vocesdeveracruz.com.mx\/index.php?rest_route=\/wp\/v2\/posts\/4196\/revisions"}],"predecessor-version":[{"id":4198,"href":"https:\/\/vocesdeveracruz.com.mx\/index.php?rest_route=\/wp\/v2\/posts\/4196\/revisions\/4198"}],"wp:featuredmedia":[{"embeddable":true,"href":"https:\/\/vocesdeveracruz.com.mx\/index.php?rest_route=\/wp\/v2\/media\/4197"}],"wp:attachment":[{"href":"https:\/\/vocesdeveracruz.com.mx\/index.php?rest_route=%2Fwp%2Fv2%2Fmedia&parent=4196"}],"wp:term":[{"taxonomy":"category","embeddable":true,"href":"https:\/\/vocesdeveracruz.com.mx\/index.php?rest_route=%2Fwp%2Fv2%2Fcategories&post=4196"},{"taxonomy":"post_tag","embeddable":true,"href":"https:\/\/vocesdeveracruz.com.mx\/index.php?rest_route=%2Fwp%2Fv2%2Ftags&post=4196"}],"curies":[{"name":"wp","href":"https:\/\/api.w.org\/{rel}","templated":true}]}}