{"id":4187,"date":"2025-10-15T23:04:13","date_gmt":"2025-10-16T05:04:13","guid":{"rendered":"https:\/\/vocesdeveracruz.com.mx\/?p=4187"},"modified":"2025-10-15T23:04:13","modified_gmt":"2025-10-16T05:04:13","slug":"efectiva-inclusion-de-personas-de-talla-baja-pide-diputada","status":"publish","type":"post","link":"https:\/\/vocesdeveracruz.com.mx\/?p=4187","title":{"rendered":"Efectiva inclusi\u00f3n de personas de talla baja, pide diputada"},"content":{"rendered":"\n<p>Ante la proximidad del D\u00eda Mundial de las Personas de Talla Baja, que se conmemora cada 25 de octubre, la diputada Mar\u00eda Elena C\u00f3rdova Molina present\u00f3 una iniciativa por la que busca impulsar la promoci\u00f3n de las condiciones necesarias para una efectiva inclusi\u00f3n en beneficio de este sector social.<\/p>\n\n\n\n<p>El proyecto presentado durante la Sexta Sesi\u00f3n Ordinaria remite a informaci\u00f3n de la Organizaci\u00f3n Mundial de la Salud (OMS), seg\u00fan la cual, el retraso del crecimiento en la ni\u00f1ez es uno de los obst\u00e1culos m\u00e1s significativos para el desarrollo humano y que actualmente afecta a cerca de 127 millones ni\u00f1as y ni\u00f1os menores de cinco a\u00f1os. Precisa que la talla baja corresponde a una estatura menor a los 1.30 metros en la adultez.<\/p>\n\n\n\n<p>En su proyecto, la legisladora cita estimaciones internacionales que calculan que en el mundo existen aproximadamente 651 mil personas con alg\u00fan tipo de condici\u00f3n que causa baja estatura y que tan solo la acondroplasia, causa m\u00e1s com\u00fan de baja estatura, afecta a 250 mil personas. En M\u00e9xico, de acuerdo con la Comisi\u00f3n Nacional de los Derechos Humanos existir\u00edan de 11 mil a 13 mil personas de talla baja.<\/p>\n\n\n\n<p>Elena C\u00f3rdova se\u00f1ala ausencia normativa referente a mecanismos concretos para garantizarles derechos, as\u00ed como de lineamientos sobre accesibilidad, ajustes razonables en educaci\u00f3n o trabajo y las condiciones m\u00ednimas para planear y ejecutar campa\u00f1as de sensibilizaci\u00f3n.<\/p>\n\n\n\n<p>La Iniciativa presentada tiene como ejes centrales: reconocer a quienes pertenecen a este sector poblacional dentro del marco jur\u00eddico local; establecer una definici\u00f3n legal de \u201cpersona de talla baja\u201d, reconociendo sus derechos de manera individualizada; determinar criterios de infraestructura adecuada y digna considerando siempre su estatura; incluir de manera expresa la condici\u00f3n de talla baja como motivo de no discriminaci\u00f3n e implementar ajustes razonables en espacios p\u00fablicos y privados.<\/p>\n\n\n\n<p>Adem\u00e1s, generar y actualizar datos estad\u00edsticos diferenciados para este grupo poblacional; involucrar la participaci\u00f3n de los ayuntamientos, para que sus acuerdos y actos realizados por las dependencias y entidades de la administraci\u00f3n p\u00fablica municipal no violenten, en general, los derechos humanos fundamentales de las personas de talla baja, como ya se prev\u00e9 con otros sectores posicionados como grupos en situaci\u00f3n de vulnerabilidad.<\/p>\n\n\n\n<p>La Iniciativa de Decreto que reforma y adiciona diversas disposiciones de las leyes estatales: Para la Integraci\u00f3n de las Personas con Discapacidad, Para Prevenir y Eliminar la Discriminaci\u00f3n, De Desarrollo Urbano, Ordenamiento Territorial y Vivienda y Org\u00e1nica del Municipio Libre, fue turnada a las Comisiones Permanentes Unidas de Derechos Humanos y Atenci\u00f3n a Grupos Vulnerables, De Desarrollo Urbano, Ordenamiento Territorial, Vivienda y Fundo Legal y De Participaci\u00f3n Ciudadana, Gestor\u00eda y Quejas.<\/p>\n","protected":false},"excerpt":{"rendered":"<p>Ante la proximidad del D\u00eda Mundial de las Personas de Talla Baja, que se conmemora cada 25 de octubre, la diputada Mar\u00eda Elena C\u00f3rdova Molina present\u00f3 una iniciativa por la&hellip;<\/p>\n","protected":false},"author":1,"featured_media":4188,"comment_status":"open","ping_status":"closed","sticky":false,"template":"","format":"standard","meta":{"footnotes":""},"categories":[71],"tags":[],"class_list":["post-4187","post","type-post","status-publish","format-standard","has-post-thumbnail","hentry","category-estatal"],"magazineBlocksPostFeaturedMedia":{"thumbnail":"https:\/\/vocesdeveracruz.com.mx\/wp-content\/uploads\/2025\/10\/FB_IMG_1760590808415-150x150.jpg","medium":"https:\/\/vocesdeveracruz.com.mx\/wp-content\/uploads\/2025\/10\/FB_IMG_1760590808415-300x200.jpg","medium_large":"https:\/\/vocesdeveracruz.com.mx\/wp-content\/uploads\/2025\/10\/FB_IMG_1760590808415-768x513.jpg","large":"https:\/\/vocesdeveracruz.com.mx\/wp-content\/uploads\/2025\/10\/FB_IMG_1760590808415-1024x684.jpg","1536x1536":"https:\/\/vocesdeveracruz.com.mx\/wp-content\/uploads\/2025\/10\/FB_IMG_1760590808415-1536x1025.jpg","2048x2048":"https:\/\/vocesdeveracruz.com.mx\/wp-content\/uploads\/2025\/10\/FB_IMG_1760590808415.jpg"},"magazineBlocksPostAuthor":{"name":"admin","avatar":"https:\/\/secure.gravatar.com\/avatar\/9d5013f9042ef2dfeb4122e9609da41e1858252ad644b84f2ec3a64ab59cceaf?s=96&d=mm&r=g"},"magazineBlocksPostCommentsNumber":"0","magazineBlocksPostExcerpt":"Ante la proximidad del D\u00eda Mundial de las Personas de Talla Baja, que se conmemora cada 25 de octubre, la diputada Mar\u00eda Elena C\u00f3rdova Molina present\u00f3 una iniciativa por la&hellip;","magazineBlocksPostCategories":["ESTATAL"],"magazineBlocksPostViewCount":63,"magazineBlocksPostReadTime":3,"magazine_blocks_featured_image_url":{"full":["https:\/\/vocesdeveracruz.com.mx\/wp-content\/uploads\/2025\/10\/FB_IMG_1760590808415.jpg",1600,1068,false],"medium":["https:\/\/vocesdeveracruz.com.mx\/wp-content\/uploads\/2025\/10\/FB_IMG_1760590808415-300x200.jpg",300,200,true],"thumbnail":["https:\/\/vocesdeveracruz.com.mx\/wp-content\/uploads\/2025\/10\/FB_IMG_1760590808415-150x150.jpg",150,150,true]},"magazine_blocks_author":{"display_name":"admin","author_link":"https:\/\/vocesdeveracruz.com.mx\/?author=1"},"magazine_blocks_comment":0,"magazine_blocks_author_image":"https:\/\/secure.gravatar.com\/avatar\/9d5013f9042ef2dfeb4122e9609da41e1858252ad644b84f2ec3a64ab59cceaf?s=96&d=mm&r=g","magazine_blocks_category":"<a href=\"https:\/\/vocesdeveracruz.com.mx\/?cat=71\" rel=\"category\">ESTATAL<\/a>","_links":{"self":[{"href":"https:\/\/vocesdeveracruz.com.mx\/index.php?rest_route=\/wp\/v2\/posts\/4187","targetHints":{"allow":["GET"]}}],"collection":[{"href":"https:\/\/vocesdeveracruz.com.mx\/index.php?rest_route=\/wp\/v2\/posts"}],"about":[{"href":"https:\/\/vocesdeveracruz.com.mx\/index.php?rest_route=\/wp\/v2\/types\/post"}],"author":[{"embeddable":true,"href":"https:\/\/vocesdeveracruz.com.mx\/index.php?rest_route=\/wp\/v2\/users\/1"}],"replies":[{"embeddable":true,"href":"https:\/\/vocesdeveracruz.com.mx\/index.php?rest_route=%2Fwp%2Fv2%2Fcomments&post=4187"}],"version-history":[{"count":1,"href":"https:\/\/vocesdeveracruz.com.mx\/index.php?rest_route=\/wp\/v2\/posts\/4187\/revisions"}],"predecessor-version":[{"id":4189,"href":"https:\/\/vocesdeveracruz.com.mx\/index.php?rest_route=\/wp\/v2\/posts\/4187\/revisions\/4189"}],"wp:featuredmedia":[{"embeddable":true,"href":"https:\/\/vocesdeveracruz.com.mx\/index.php?rest_route=\/wp\/v2\/media\/4188"}],"wp:attachment":[{"href":"https:\/\/vocesdeveracruz.com.mx\/index.php?rest_route=%2Fwp%2Fv2%2Fmedia&parent=4187"}],"wp:term":[{"taxonomy":"category","embeddable":true,"href":"https:\/\/vocesdeveracruz.com.mx\/index.php?rest_route=%2Fwp%2Fv2%2Fcategories&post=4187"},{"taxonomy":"post_tag","embeddable":true,"href":"https:\/\/vocesdeveracruz.com.mx\/index.php?rest_route=%2Fwp%2Fv2%2Ftags&post=4187"}],"curies":[{"name":"wp","href":"https:\/\/api.w.org\/{rel}","templated":true}]}}